{"id":17075,"date":"2023-05-22T17:45:49","date_gmt":"2023-05-22T15:45:49","guid":{"rendered":"https:\/\/www.monferratoastigiano.it\/itinerario-dal-po-al-monferrato\/"},"modified":"2024-11-04T16:09:48","modified_gmt":"2024-11-04T15:09:48","slug":"itineraire-du-po-au-monferrato","status":"publish","type":"post","link":"https:\/\/www.monferratoastigiano.it\/outdoor\/fr\/itineraire-du-po-au-monferrato\/","title":{"rendered":"ITIN\u00c9RAIRE DU P\u00d4 AU MONFERRATO"},"content":{"rendered":"<p>[et_pb_section fb_built=\u00a0\u00bb1&Prime; fullwidth=\u00a0\u00bbon\u00a0\u00bb _builder_version=\u00a0\u00bb4.17.4&Prime; _module_preset=\u00a0\u00bbdefault\u00a0\u00bb global_colors_info=\u00a0\u00bb{}\u00a0\u00bb][et_pb_fullwidth_image src=\u00a0\u00bbhttps:\/\/www.monferratoastigiano.it\/wp-content\/uploads\/2023\/08\/Itinerario-dal-Po-al-Monferrato-.jpg\u00a0\u00bb title_text=\u00a0\u00bbItinerario-dal-Po-al-Monferrato-\u00a0\u00bb _builder_version=\u00a0\u00bb4.17.4&Prime; _module_preset=\u00a0\u00bbdefault\u00a0\u00bb global_colors_info=\u00a0\u00bb{}\u00a0\u00bb][\/et_pb_fullwidth_image][\/et_pb_section][et_pb_section fb_built=\u00a0\u00bb1&Prime; _builder_version=\u00a0\u00bb4.17.4&Prime; _module_preset=\u00a0\u00bbdefault\u00a0\u00bb custom_padding=\u00a0\u00bb19px||28px|||\u00a0\u00bb global_colors_info=\u00a0\u00bb{}\u00a0\u00bb][et_pb_row _builder_version=\u00a0\u00bb4.17.4&Prime; _module_preset=\u00a0\u00bbdefault\u00a0\u00bb global_colors_info=\u00a0\u00bb{}\u00a0\u00bb][et_pb_column type=\u00a0\u00bb4_4&Prime; _builder_version=\u00a0\u00bb4.17.4&Prime; _module_preset=\u00a0\u00bbdefault\u00a0\u00bb global_colors_info=\u00a0\u00bb{}\u00a0\u00bb][et_pb_text _builder_version=\u00a0\u00bb4.24.2&Prime; _module_preset=\u00a0\u00bbdefault\u00a0\u00bb text_font=\u00a0\u00bbLato||||||||\u00a0\u00bb text_text_color=\u00a0\u00bb#898f99&Prime; text_font_size=\u00a0\u00bb18px\u00a0\u00bb text_line_height=\u00a0\u00bb2em\u00a0\u00bb header_font=\u00a0\u00bb||||||||\u00a0\u00bb header_2_font=\u00a0\u00bbLato|700|||||||\u00a0\u00bb header_2_font_size=\u00a0\u00bb42px\u00a0\u00bb header_2_line_height=\u00a0\u00bb1.5em\u00a0\u00bb text_orientation=\u00a0\u00bbcenter\u00a0\u00bb module_alignment=\u00a0\u00bbcenter\u00a0\u00bb locked=\u00a0\u00bboff\u00a0\u00bb global_colors_info=\u00a0\u00bb{}\u00a0\u00bb]<\/p>\n<h2>ITIN\u00c9RAIRE DU \u00ab\u00a0P\u00d4 AU MONFERRATO\u00a0\u00bb<\/h2>\n<p>[\/et_pb_text][\/et_pb_column][\/et_pb_row][et_pb_row use_custom_gutter=\u00a0\u00bbon\u00a0\u00bb gutter_width=\u00a0\u00bb1&Prime; _builder_version=\u00a0\u00bb4.17.4&Prime; _module_preset=\u00a0\u00bbdefault\u00a0\u00bb z_index=\u00a0\u00bb120&Prime; width=\u00a0\u00bb100%\u00a0\u00bb max_width=\u00a0\u00bb1320px\u00a0\u00bb module_alignment=\u00a0\u00bbcenter\u00a0\u00bb custom_margin=\u00a0\u00bb||||false|false\u00a0\u00bb custom_padding=\u00a0\u00bb0px||0px||false|false\u00a0\u00bb global_colors_info=\u00a0\u00bb{}\u00a0\u00bb][et_pb_column type=\u00a0\u00bb4_4&Prime; _builder_version=\u00a0\u00bb4.17.4&Prime; _module_preset=\u00a0\u00bbdefault\u00a0\u00bb global_colors_info=\u00a0\u00bb{}\u00a0\u00bb][et_pb_menu menu_id=\u00a0\u00bb305&Prime; menu_style=\u00a0\u00bbcentered\u00a0\u00bb active_link_color=\u00a0\u00bb#000000&Prime; _builder_version=\u00a0\u00bb4.17.4&Prime; _module_preset=\u00a0\u00bbdefault\u00a0\u00bb menu_font=\u00a0\u00bb|700|||||||\u00a0\u00bb module_alignment=\u00a0\u00bbcenter\u00a0\u00bb global_colors_info=\u00a0\u00bb{}\u00a0\u00bb][\/et_pb_menu][\/et_pb_column][\/et_pb_row][\/et_pb_section][et_pb_section fb_built=\u00a0\u00bb1&Prime; fullwidth=\u00a0\u00bbon\u00a0\u00bb _builder_version=\u00a0\u00bb4.17.4&Prime; _module_preset=\u00a0\u00bbdefault\u00a0\u00bb global_colors_info=\u00a0\u00bb{}\u00a0\u00bb][et_pb_fullwidth_code _builder_version=\u00a0\u00bb4.17.4&Prime; _module_preset=\u00a0\u00bbdefault\u00a0\u00bb global_colors_info=\u00a0\u00bb{}\u00a0\u00bb]<iframe width=\"100%\" height=\"850px\" frameborder=\"0\" allowfullscreen allow=\"geolocation\" src=\"\/\/umap.openstreetmap.fr\/it\/map\/6-dal-po-al-monferrato_950538?scaleControl=false&#038;miniMap=false&#038;scrollWheelZoom=false&#038;zoomControl=true&#038;allowEdit=false&#038;moreControl=true&#038;searchControl=null&#038;tilelayersControl=null&#038;embedControl=null&#038;datalayersControl=true&#038;onLoadPanel=undefined&#038;captionBar=false&#038;captionMenus=true\"><\/iframe><pee><a href=\"\/\/umap.openstreetmap.fr\/it\/map\/6-dal-po-al-monferrato_950538?scaleControl=false&#038;miniMap=false&#038;scrollWheelZoom=true&#038;zoomControl=true&#038;allowEdit=false&#038;moreControl=true&#038;searchControl=null&#038;tilelayersControl=null&#038;embedControl=null&#038;datalayersControl=true&#038;onLoadPanel=undefined&#038;captionBar=false&#038;captionMenus=true\">Visualizza a schermo intero<\/a><\/pee>[\/et_pb_fullwidth_code][\/et_pb_section][et_pb_section fb_built=\u00a0\u00bb1&Prime; _builder_version=\u00a0\u00bb4.17.4&Prime; _module_preset=\u00a0\u00bbdefault\u00a0\u00bb custom_padding=\u00a0\u00bb15px||0px|||\u00a0\u00bb global_colors_info=\u00a0\u00bb{}\u00a0\u00bb][et_pb_row disabled_on=\u00a0\u00bbon|off|off\u00a0\u00bb _builder_version=\u00a0\u00bb4.17.4&Prime; _module_preset=\u00a0\u00bbdefault\u00a0\u00bb global_colors_info=\u00a0\u00bb{}\u00a0\u00bb][et_pb_column type=\u00a0\u00bb4_4&Prime; _builder_version=\u00a0\u00bb4.17.4&Prime; _module_preset=\u00a0\u00bbdefault\u00a0\u00bb global_colors_info=\u00a0\u00bb{}\u00a0\u00bb][et_pb_text _builder_version=\u00a0\u00bb4.24.2&Prime; _module_preset=\u00a0\u00bbdefault\u00a0\u00bb text_font=\u00a0\u00bbLato||||||||\u00a0\u00bb text_text_color=\u00a0\u00bb#898f99&Prime; text_font_size=\u00a0\u00bb18px\u00a0\u00bb text_line_height=\u00a0\u00bb2em\u00a0\u00bb header_font=\u00a0\u00bb||||||||\u00a0\u00bb header_2_font=\u00a0\u00bbLato|700|||||||\u00a0\u00bb header_2_font_size=\u00a0\u00bb42px\u00a0\u00bb header_2_line_height=\u00a0\u00bb1.5em\u00a0\u00bb text_orientation=\u00a0\u00bbcenter\u00a0\u00bb module_alignment=\u00a0\u00bbcenter\u00a0\u00bb custom_margin=\u00a0\u00bb||-1px|||\u00a0\u00bb locked=\u00a0\u00bboff\u00a0\u00bb global_colors_info=\u00a0\u00bb{}\u00a0\u00bb]<\/p>\n<h3><strong>L\u00e9gendes<\/strong><\/h3>\n<p>[\/et_pb_text][et_pb_image src=\u00a0\u00bbhttps:\/\/www.monferratoastigiano.it\/wp-content\/uploads\/2024\/02\/Legenda-Icone-Pagine-Itinerario-FR.jpg\u00a0\u00bb title_text=\u00a0\u00bbLegenda-Icone-Pagine-Itinerario-FR\u00a0\u00bb src_tablet=\u00a0\u00bbhttps:\/\/www.monferratoastigiano.it\/wp-content\/uploads\/2023\/02\/Legenda-Icone-Pagine-Itinerario-2.jpg\u00a0\u00bb src_phone=\u00a0\u00bbhttps:\/\/www.monferratoastigiano.it\/wp-content\/uploads\/2023\/02\/Legenda-Icone-Pagine-Itinerario-2.jpg\u00a0\u00bb src_last_edited=\u00a0\u00bbon|desktop\u00a0\u00bb _builder_version=\u00a0\u00bb4.24.2&Prime; _module_preset=\u00a0\u00bbdefault\u00a0\u00bb width=\u00a0\u00bb100%\u00a0\u00bb module_alignment=\u00a0\u00bbcenter\u00a0\u00bb global_colors_info=\u00a0\u00bb{}\u00a0\u00bb][\/et_pb_image][\/et_pb_column][\/et_pb_row][\/et_pb_section][et_pb_section fb_built=\u00a0\u00bb1&Prime; specialty=\u00a0\u00bbon\u00a0\u00bb _builder_version=\u00a0\u00bb4.17.4&Prime; _module_preset=\u00a0\u00bbdefault\u00a0\u00bb global_colors_info=\u00a0\u00bb{}\u00a0\u00bb][et_pb_column type=\u00a0\u00bb1_2&Prime; _builder_version=\u00a0\u00bb4.16&Prime; custom_padding=\u00a0\u00bb|||\u00a0\u00bb global_colors_info=\u00a0\u00bb{}\u00a0\u00bb custom_padding__hover=\u00a0\u00bb|||\u00a0\u00bb][et_pb_text _builder_version=\u00a0\u00bb4.17.4&Prime; _module_preset=\u00a0\u00bbdefault\u00a0\u00bb text_font=\u00a0\u00bbLato||||||||\u00a0\u00bb text_text_color=\u00a0\u00bb#000000&Prime; text_font_size=\u00a0\u00bb15px\u00a0\u00bb header_font=\u00a0\u00bb||||||||\u00a0\u00bb header_2_font=\u00a0\u00bbLato|700|||||||\u00a0\u00bb header_2_font_size=\u00a0\u00bb42px\u00a0\u00bb header_2_line_height=\u00a0\u00bb1.5em\u00a0\u00bb text_orientation=\u00a0\u00bbcenter\u00a0\u00bb module_alignment=\u00a0\u00bbcenter\u00a0\u00bb locked=\u00a0\u00bboff\u00a0\u00bb global_colors_info=\u00a0\u00bb{}\u00a0\u00bb]<\/p>\n<p style=\"text-align: left;\">Cet itin\u00e9raire de randonn\u00e9e concerne <strong>9 Communes<\/strong> situ\u00e9es \u00e0 l&rsquo;extr\u00e9mit\u00e9 nord-ouest de la zone du Monferrato, \u00e0 cheval sur la province d&rsquo;Asti et la province de Turin. Ce n&rsquo;est pas un hasard si deux de ces communes, <strong>Moriondo Torinese<\/strong> et <strong>Castagneto Po<\/strong>, se trouvent d\u00e9j\u00e0 en dehors de la zone du GAL Basso Monferrato, marquant la limite entre les Terres des Saints et du Romanico et les Collines du P\u00f4.<\/p>\n<p style=\"text-align: left;\">Un territoire, celui des collines du P\u00f4, qui voit dans la pr\u00e9sence du fleuve son \u00e9l\u00e9ment caract\u00e9ristique ; le grand fleuve, sinueux et pr\u00e9sent m\u00eame lorsqu&rsquo;il est cach\u00e9 \u00e0 la vue, le caresse dans son tron\u00e7on de Chivasso \u00e0 Casale Monferrato, en longeant des pentes douces et en offrant au visiteur une succession de paysages tr\u00e8s \u00e9vocateurs. Un itin\u00e9raire d&rsquo;un grand int\u00e9r\u00eat naturaliste, gr\u00e2ce \u00e0 la coexistence de milieux forestiers et fluviaux non contamin\u00e9s, devenus au fil du temps des habitats id\u00e9aux pour de nombreuses esp\u00e8ces indig\u00e8nes de grande valeur botanique et faunistique. Entre un bois et un autre, comme dans une mosa\u00efque naturelle, les p\u00e2turages, les vignobles, les potagers et les vergers font de la place, expliquant la richesse de l&rsquo;offre gastronomique locale, du \u00ab\u00a0Gobbo Fritto\u00a0\u00bb de <strong>Morasengo <\/strong>aux petits pois de <strong>Casalborgone<\/strong>, de la \u00ab\u00a0Rubat\u00e0\u00a0\u00bb de <strong>Berzano di San Pietro<\/strong> \u00e0 la Polenta de <strong>Lauriano<\/strong>.<\/p>\n<p style=\"text-align: left;\">Une s\u00e9rie de particularit\u00e9s \u00ab\u00a0total green\u00a0\u00bb qui n&rsquo;excluent certainement pas la valeur historico-artistique de ce territoire, lieu strat\u00e9gique de passage, pour des raisons de foi, de guerre et de commerce, depuis l&rsquo;\u00e9poque des croisades jusqu&rsquo;\u00e0 la derni\u00e8re guerre mondiale. Un r\u00e9seau de sentiers et de chemins battus depuis des si\u00e8cles par les p\u00e8lerins et les voyageurs, qui s&rsquo;arr\u00eataient dans les \u00e9glises romanes et les chapelles rurales encore visibles dans tout leur charme ancien : des plus c\u00e9l\u00e8bres, en premier lieu <strong>l&rsquo;Abbaye de Sainte Maria di Vezzolano<\/strong>, aux moins connues, comme la petite \u00e9glise romane de San Giorgio, situ\u00e9e pr\u00e8s d&rsquo;<strong>Aramengo<\/strong>.<\/p>\n<p style=\"text-align: left;\">Les centres historiques conservent \u00e9galement les traces d&rsquo;un pass\u00e9 glorieux : il suffit de penser au Ch\u00e2teau de <strong>Moriondo<\/strong>, qui, bien que r\u00e9nov\u00e9 plus r\u00e9cemment, a vu le jour au <em>Moyen \u00c2ge<\/em>, et \u00e0 l&rsquo;abri fortifi\u00e9 de <strong>Tonengo<\/strong>, datant du <em>XIIe si\u00e8cle<\/em> et encore lisible dans le trac\u00e9 urbain actuel.<\/p>\n<p>[\/et_pb_text][\/et_pb_column][et_pb_column type=\u00a0\u00bb1_2&Prime; specialty_columns=\u00a0\u00bb2&Prime; _builder_version=\u00a0\u00bb4.16&Prime; custom_padding=\u00a0\u00bb|||\u00a0\u00bb global_colors_info=\u00a0\u00bb{}\u00a0\u00bb custom_padding__hover=\u00a0\u00bb|||\u00a0\u00bb][et_pb_row_inner _builder_version=\u00a0\u00bb4.17.4&Prime; _module_preset=\u00a0\u00bbdefault\u00a0\u00bb global_colors_info=\u00a0\u00bb{}\u00a0\u00bb][et_pb_column_inner saved_specialty_column_type=\u00a0\u00bb1_2&Prime; _builder_version=\u00a0\u00bb4.17.4&Prime; _module_preset=\u00a0\u00bbdefault\u00a0\u00bb global_colors_info=\u00a0\u00bb{}\u00a0\u00bb][et_pb_cta title=\u00a0\u00bbD\u00e9couvrir l&rsquo;itin\u00e9raire de randonn\u00e9e\u00a0\u00bb button_url=\u00a0\u00bbhttps:\/\/www.piemonteoutdoor.it\/en\/activities\/escursionismo\/pmf-dal-po-al-monferrato\u00a0\u00bb url_new_window=\u00a0\u00bbon\u00a0\u00bb button_text=\u00a0\u00bbD\u00e9couvrir plus\u00a0\u00bb _builder_version=\u00a0\u00bb4.27.0&Prime; _module_preset=\u00a0\u00bbdefault\u00a0\u00bb header_text_color=\u00a0\u00bb#000000&Prime; body_text_color=\u00a0\u00bb#000000&Prime; background_color=\u00a0\u00bb#d1d1d1&Prime; custom_button=\u00a0\u00bbon\u00a0\u00bb button_text_size=\u00a0\u00bb14px\u00a0\u00bb button_text_color=\u00a0\u00bb#000000&Prime; link_option_url_new_window=\u00a0\u00bbon\u00a0\u00bb border_radii=\u00a0\u00bbon|7px|7px|7px|7px\u00a0\u00bb border_color_all=\u00a0\u00bb#80d100&Prime; border_width_top=\u00a0\u00bb10px\u00a0\u00bb global_colors_info=\u00a0\u00bb{}\u00a0\u00bb]<\/p>\n<p>L&rsquo;itin\u00e9raire Du P\u00f4 au Monferrato est compos\u00e9 de 7 \u00e9tapes, y compris des variantes, dont les d\u00e9tails peuvent \u00eatre consult\u00e9s sur le portail Piemonte Outdoor.<\/p>\n<p><a href=\"https:\/\/www.piemonteoutdoor.it\/it\/attivita\/escursionismo\/dal-po-al-monferrato\" target=\"_blank\" rel=\"noopener\"><img decoding=\"async\" src=\"https:\/\/www.monferratoastigiano.it\/wp-content\/uploads\/2022\/09\/logo_piemonte_outdoor-300x55.png\" alt=\"\" class=\"wp-image-6124 alignnone size-medium\" width=\"300\" height=\"55\" \/><\/a><\/p>\n<p style=\"text-align: left;\">\n<table style=\"width: 100%; border-color: #d1d1d1; border-top: 2px solid #d1d1d1; border-collapse: collapse; margin-left: auto; margin-right: auto;\" border=\"0\">\n<tbody>\n<tr>\n<td style=\"width: 50%; text-align: center;\"><img decoding=\"async\" src=\"https:\/\/www.monferratoastigiano.it\/wp-content\/uploads\/2022\/09\/tappe-it-.png\" alt=\"\" class=\"wp-image-6236 alignnone size-full\" style=\"display: block; margin-left: auto; margin-right: auto;\" width=\"80\" height=\"80\" \/>Nombre d&rsquo;\u00e9tapes<br \/>(avec variantes)<br \/><strong>7<\/strong><\/td>\n<td style=\"width: 50%; text-align: center;\"><img decoding=\"async\" src=\"https:\/\/www.monferratoastigiano.it\/wp-content\/uploads\/2022\/09\/lungh-percorso-it.png\" alt=\"\" class=\"wp-image-6235 alignnone size-full\" style=\"display: block; margin-left: auto; margin-right: auto;\" width=\"80\" height=\"80\" \/>Longueur<br \/>total<br \/><strong>54,10 km<\/strong><\/td>\n<\/tr>\n<\/tbody>\n<\/table>\n<p>[\/et_pb_cta][\/et_pb_column_inner][\/et_pb_row_inner][\/et_pb_column][\/et_pb_section][et_pb_section fb_built=\u00a0\u00bb1&Prime; _builder_version=\u00a0\u00bb4.17.4&Prime; _module_preset=\u00a0\u00bbdefault\u00a0\u00bb global_colors_info=\u00a0\u00bb{}\u00a0\u00bb][et_pb_row module_id=\u00a0\u00bbcomuni\u00a0\u00bb _builder_version=\u00a0\u00bb4.17.4&Prime; _module_preset=\u00a0\u00bbdefault\u00a0\u00bb global_colors_info=\u00a0\u00bb{}\u00a0\u00bb][et_pb_column type=\u00a0\u00bb4_4&Prime; _builder_version=\u00a0\u00bb4.17.4&Prime; _module_preset=\u00a0\u00bbdefault\u00a0\u00bb global_colors_info=\u00a0\u00bb{}\u00a0\u00bb][et_pb_text _builder_version=\u00a0\u00bb4.17.4&Prime; _module_preset=\u00a0\u00bbdefault\u00a0\u00bb text_font=\u00a0\u00bbLato||||||||\u00a0\u00bb text_text_color=\u00a0\u00bb#898f99&Prime; text_font_size=\u00a0\u00bb18px\u00a0\u00bb text_line_height=\u00a0\u00bb2em\u00a0\u00bb header_font=\u00a0\u00bb||||||||\u00a0\u00bb header_2_font=\u00a0\u00bbLato|700|||||||\u00a0\u00bb header_2_font_size=\u00a0\u00bb42px\u00a0\u00bb header_2_line_height=\u00a0\u00bb1.5em\u00a0\u00bb text_orientation=\u00a0\u00bbcenter\u00a0\u00bb module_alignment=\u00a0\u00bbcenter\u00a0\u00bb locked=\u00a0\u00bboff\u00a0\u00bb global_colors_info=\u00a0\u00bb{}\u00a0\u00bb]<\/p>\n<h2>Communes le long de l&rsquo;itin\u00e9raire<\/h2>\n<p>[\/et_pb_text][et_pb_text _builder_version=\u00a0\u00bb4.24.2&Prime; _module_preset=\u00a0\u00bbdefault\u00a0\u00bb global_colors_info=\u00a0\u00bb{}\u00a0\u00bb]<\/p>\n<h4>Veuillez noter que, parmi celles-ci, les communes de Moriondo Torinese et Castagneto Po ne font pas partie du territoire du G.A.L. Basso Monferrato Astigiano, mais ont \u00e9videmment \u00e9t\u00e9 incluses dans la description ci-dessous, consacr\u00e9e \u00e0 l&rsquo;itin\u00e9raire en question.<\/h4>\n<p>[\/et_pb_text][\/et_pb_column][\/et_pb_row][et_pb_row _builder_version=\u00a0\u00bb4.17.4&Prime; _module_preset=\u00a0\u00bbdefault\u00a0\u00bb custom_padding=\u00a0\u00bb5px|||||\u00a0\u00bb global_colors_info=\u00a0\u00bb{}\u00a0\u00bb][et_pb_column type=\u00a0\u00bb4_4&Prime; _builder_version=\u00a0\u00bb4.17.4&Prime; _module_preset=\u00a0\u00bbdefault\u00a0\u00bb global_colors_info=\u00a0\u00bb{}\u00a0\u00bb][et_pb_blog fullwidth=\u00a0\u00bboff\u00a0\u00bb posts_number=\u00a0\u00bb30&Prime; include_categories=\u00a0\u00bb311&Prime; use_manual_excerpt=\u00a0\u00bboff\u00a0\u00bb show_author=\u00a0\u00bboff\u00a0\u00bb show_date=\u00a0\u00bboff\u00a0\u00bb show_categories=\u00a0\u00bboff\u00a0\u00bb show_excerpt=\u00a0\u00bboff\u00a0\u00bb show_pagination=\u00a0\u00bboff\u00a0\u00bb module_class=\u00a0\u00bbElenco-Comuni-itinerario\u00a0\u00bb _builder_version=\u00a0\u00bb4.17.4&Prime; _module_preset=\u00a0\u00bbdefault\u00a0\u00bb width=\u00a0\u00bb100%\u00a0\u00bb custom_margin=\u00a0\u00bb0px||||false|false\u00a0\u00bb custom_padding=\u00a0\u00bb0px||||false|false\u00a0\u00bb border_radii=\u00a0\u00bbon|6px|6px|6px|6px\u00a0\u00bb border_width_all=\u00a0\u00bb0px\u00a0\u00bb border_width_top=\u00a0\u00bb5px\u00a0\u00bb border_color_top=\u00a0\u00bb#80d100&Prime; border_color_top_image=\u00a0\u00bbrgba(255,255,255,0)\u00a0\u00bb box_shadow_style=\u00a0\u00bbpreset1&Prime; box_shadow_horizontal=\u00a0\u00bb-3px\u00a0\u00bb box_shadow_vertical=\u00a0\u00bb0px\u00a0\u00bb box_shadow_blur=\u00a0\u00bb17px\u00a0\u00bb box_shadow_spread=\u00a0\u00bb-5px\u00a0\u00bb global_colors_info=\u00a0\u00bb{}\u00a0\u00bb][\/et_pb_blog][\/et_pb_column][\/et_pb_row][\/et_pb_section][et_pb_section fb_built=\u00a0\u00bb1&Prime; disabled_on=\u00a0\u00bbon|on|off\u00a0\u00bb _builder_version=\u00a0\u00bb4.17.4&Prime; _module_preset=\u00a0\u00bbdefault\u00a0\u00bb custom_padding=\u00a0\u00bb||1px|||\u00a0\u00bb global_colors_info=\u00a0\u00bb{}\u00a0\u00bb][et_pb_row module_id=\u00a0\u00bbin-viaggio-con-le-immagini\u00a0\u00bb _builder_version=\u00a0\u00bb4.17.4&Prime; _module_preset=\u00a0\u00bbdefault\u00a0\u00bb global_colors_info=\u00a0\u00bb{}\u00a0\u00bb][et_pb_column type=\u00a0\u00bb4_4&Prime; _builder_version=\u00a0\u00bb4.17.4&Prime; _module_preset=\u00a0\u00bbdefault\u00a0\u00bb global_colors_info=\u00a0\u00bb{}\u00a0\u00bb][et_pb_text _builder_version=\u00a0\u00bb4.17.4&Prime; _module_preset=\u00a0\u00bbdefault\u00a0\u00bb text_font=\u00a0\u00bbLato||||||||\u00a0\u00bb text_text_color=\u00a0\u00bb#898f99&Prime; text_font_size=\u00a0\u00bb18px\u00a0\u00bb text_line_height=\u00a0\u00bb2em\u00a0\u00bb header_font=\u00a0\u00bb||||||||\u00a0\u00bb header_2_font=\u00a0\u00bbLato|700|||||||\u00a0\u00bb header_2_font_size=\u00a0\u00bb42px\u00a0\u00bb header_2_line_height=\u00a0\u00bb1.5em\u00a0\u00bb text_orientation=\u00a0\u00bbcenter\u00a0\u00bb module_alignment=\u00a0\u00bbcenter\u00a0\u00bb locked=\u00a0\u00bboff\u00a0\u00bb global_colors_info=\u00a0\u00bb{}\u00a0\u00bb]<\/p>\n<h2>Voyager en images<\/h2>\n<p>[\/et_pb_text][\/et_pb_column][\/et_pb_row][et_pb_row disabled_on=\u00a0\u00bboff|off|off\u00a0\u00bb _builder_version=\u00a0\u00bb4.17.4&Prime; _module_preset=\u00a0\u00bbdefault\u00a0\u00bb width=\u00a0\u00bb100%\u00a0\u00bb max_width=\u00a0\u00bb2560px\u00a0\u00bb global_colors_info=\u00a0\u00bb{}\u00a0\u00bb][et_pb_column type=\u00a0\u00bb4_4&Prime; _builder_version=\u00a0\u00bb4.17.4&Prime; _module_preset=\u00a0\u00bbdefault\u00a0\u00bb global_colors_info=\u00a0\u00bb{}\u00a0\u00bb][et_pb_code _builder_version=\u00a0\u00bb4.17.4&Prime; _module_preset=\u00a0\u00bbdefault\u00a0\u00bb global_colors_info=\u00a0\u00bb{}\u00a0\u00bb]\t<!-- CSS Part Start From Here-->\r\n\t<style>\r\n\t\t\r\n\t\t.portfolio-wraper {\r\n\t\t\t\t\t\tmargin-bottom:20px;\r\n\t\t}\r\n\t\t.pfg-bootstrap .img-fluid {\r\n\t\t  max-width: 100%;\r\n\t\t  height: auto;\r\n\t\t}\r\n\r\n\t\t.pfg-bootstrap .img-thumbnail {\r\n\t\t  padding: 0.25rem;\r\n\t\t  background-color: #fff;\r\n\r\n\t\t  \t\t  border: 1px solid #dee2e6;\r\n\t\t  border-radius: 0.25rem;\r\n\t\t  \t\t  max-width: 100%;\r\n\t\t  height: auto;\r\n\t\t}\r\n\t\t.pfg-bootstrap .img-circle {\r\n\t\t  border-radius: 50%;\r\n\t\t}\r\n\t\t.pfg-bootstrap img {\r\n\t\t -moz-transition: all .2s ease-in-out;\r\n\t\t  -webkit-transition: all .2s ease-in-out;\r\n\t\t  -ms-transition: all .2s ease-in-out;\r\n\t\t  -o-transition: all .2s ease-in-out;\r\n\t\t  transition: all .2s ease-in-out;\r\n\t\t}\r\n\t\t.pfg-bootstrap .thumbnail {\r\n\t\t  display: block;\r\n\t\t  padding: 4px;\r\n\t\t  \/*margin-bottom: 20px;*\/\r\n\t\t  line-height: 1.42857143;\r\n\t\t  background-color: #fff;\r\n\t\t  border: 1px solid #ddd;\r\n\t\t  border-radius: 4px;\r\n\t\t  -webkit-transition: border .2s ease-in-out;\r\n\t\t\t   -o-transition: border .2s ease-in-out;\r\n\t\t\t\t  transition: border .2s ease-in-out;\r\n\t\t}\r\n\t\t.pfg-bootstrap .thumbnail > img,\r\n\t\t.pfg-bootstrap .thumbnail a > img {\r\n\t\t  margin-right: auto;\r\n\t\t  margin-left: auto;\r\n\t\t}\r\n\t\t.pfg-bootstrap a.thumbnail:hover,\r\n\t\t.pfg-bootstrap a.thumbnail:focus,\r\n\t\t.pfg-bootstrap a.thumbnail.active {\r\n\t\t  border-color: #337ab7;\r\n\t\t}\r\n\t\t.pfg-bootstrap .thumbnail .caption {\r\n\t\t  padding: 9px;\r\n\t\t  color: #333;\r\n\t\t}\r\n\r\n\t\tfigure {\r\n\t\t  margin: 0;\r\n\t\t}\r\n\t\timg {\r\n\t\t  vertical-align: middle;\r\n\t\t}\r\n\t\t.pfg-bootstrap .img-responsive,\r\n\t\t.pfg-bootstrap .thumbnail > img,\r\n\t\t.pfg-bootstrap .thumbnail a > img,\r\n\t\t.pfg-bootstrap .carousel-inner > .item > img,\r\n\t\t.pfg-bootstrap .carousel-inner > .item > a > img {\r\n\t\t  display: block;\r\n\t\t  max-width: 100%;\r\n\t\t  height: auto;\r\n\t\t}\r\n\t\t.pfg-bootstrap .img-rounded {\r\n\t\t  border-radius: 6px;\r\n\t\t}\r\n\t\t\r\n\t\t\t\tli#all {\r\n\t\t\tmargin: 0;\r\n\t\t}\r\n\t\t\r\n\t\t.simplefilter li {\r\n\t\t\tmargin-top: 5px;\r\n\t\t}\r\n\t\t\r\n\t\t.filtr-search {\r\n\t\t\tmargin-top:10px !important;\r\n\t\t\twidth:200px !important;\r\n\t\t\tmargin-bottom: 20px;\r\n\t\t}\r\n\t\t#all-simplefilter {\r\n\t\t\tdisplay:inline;\r\n\t\t\tpadding-left: 0px !important;\r\n\t\t}\r\n\t\t#f-simplefilter-8679 {\r\n\t\t\tdisplay:inline;\r\n\t\t\tpadding-left: 0px !important;\r\n\t\t}\r\n\t\tbutton:hover {\r\n\t\t\tbackground-color: unset !important;\r\n\t\t}\r\n\t\t\r\n\t\t\t\t\r\n\t\t@keyframes .YouTubePopUp-Content  {\r\n\t\t\tfrom {\r\n\t\t\t\ttransform: translate3d(0, 100%, 0);\r\n\t\t\t\tvisibility: visible;\r\n\t\t\t}\r\n\r\n\t\t\tto {\r\n\t\t\t\ttransform: translate3d(0, 0, 0);\r\n\t\t\t}\r\n\t\t}\r\n\r\n\t\t.YouTubePopUp-Content  {\r\n\t\t\tanimation-name: .YouTubePopUp-Content ;\r\n\t\t}\r\n\r\n\t\t.YouTubePopUp-Close { \r\n\t\t\tbackground:url(https:\/\/www.monferratoastigiano.it\/outdoor\/wp-content\/plugins\/portfolio-filter-gallery\/\/img\/close-icon-white.png) no-repeat;\r\n\t\t\tbackground-size:50px 50px;\r\n\t\t\t-webkit-background-size:70px 50px;\r\n\t\t\t-moz-background-size:70px 50px;\r\n\t\t\t-o-background-size:70px 50px;\r\n\t\t}\r\n\t\tul.simplefilter {\r\n\t\t\tmargin-left: 0 !important;\r\n\t\t}\r\n\t\t.pfg_img_8679 {\r\n\t\t\twidth: 100% !important;\r\n\t\t\theight: 100% !important;\r\n\t\t}\r\n\t\t.filter_gallery_8679 > a {\r\n\t\t\tposition: initial !important;\r\n\t\t}\r\n\t\t.thumbnail_8679 {\r\n\t\t\twidth:100% !important;\r\n\t\t\theight:auto;\r\n\t\t\tmargin-bottom: 0px !important;\r\n\t\t\t\r\n\t\t}\r\n\t\t.filtr-item {\r\n\t\t\tpadding-right:7px !important;\r\n\t\t\tpadding-left:7px !important;\r\n\t\t\tpadding-top:7px !important;\r\n\t\t\tpadding-bottom:7px !important;\r\n\t\t}\r\n\t\t.filtr-item img {\r\n\t\t\ttransition: all .2s !important\r\n\t\t}\r\n\t\t\t\t\t\t.simplefilter_8679 li {\r\n\t\t\tbackground-color: #ccc;\r\n\t\t\tcolor: #000000;\r\n\t\t}\r\n\t\t\r\n\t\t.simplefilter_8679 li:hover {\r\n\t\t\tbackground-color: #81d742 !important;\r\n\t\t}\r\n\t\t\r\n\t\t.simplefilter_8679 li.active {\r\n\t\t\tbackground-color: #81d742 !important;\r\n\t\t}\r\n\t\t\r\n\t\t\t<\/style>\r\n\t\t<div class=\"portfolio-wraper pfg-bootstrap\" version=\"1.7.5\">\r\n\t\t\t\t\t<div class=\"col-lg-12 col-md-12 col-xs-12 text-center\">\r\n\t\t\t\t<ul id=\"all-simplefilter\" class=\"filtr-control-8679 simplefilter simplefilter_8679\">\r\n\t\t\t\t\t<li id=\"all\" class=\"active filtr-controls-8679\" data-filter=\"all\">Tutte<\/li>\r\n\t\t\t\t<\/ul>\r\n\t\t\t\t<ul id=\"f-simplefilter-8679\" class=\"filtr-control-8679 simplefilter simplefilter_8679\">\r\n\t\t\t\t\t\t\t\t\t\t\t\t\t<li data-filter=\"1\"\r\n\t\t\t\t\t\t\t\t\tclass=\"filtr-controls-8679\">Primavera<\/li>\r\n\t\t\t\t\t\t\t\t\t\t\t\t\t\t\t\t<li data-filter=\"2\"\r\n\t\t\t\t\t\t\t\t\tclass=\"filtr-controls-8679\">Estate<\/li>\r\n\t\t\t\t\t\t\t\t\t\t\t\t\t\t\t\t<li data-filter=\"3\"\r\n\t\t\t\t\t\t\t\t\tclass=\"filtr-controls-8679\">Autunno<\/li>\r\n\t\t\t\t\t\t\t\t\t\t\t\t\t\t\t\t<li data-filter=\"4\"\r\n\t\t\t\t\t\t\t\t\tclass=\"filtr-controls-8679\">Inverno<\/li>\r\n\t\t\t\t\t\t\t\t\t\t\t\t<\/ul>\r\n\r\n\t\t\t<\/div>\r\n\t\t\t\t<!-- Shuffle & Sort Controls -->\r\n\t\t\t\t\r\n\t\t<div class=\"row loading-wrapper text-center\">\r\n\t\t\t<img decoding=\"async\" src=\"https:\/\/www.monferratoastigiano.it\/outdoor\/wp-content\/plugins\/portfolio-filter-gallery\/\/img\/loading-icon.gif\" width=\"60\">\r\n\t\t<\/div>\r\n\t\t<div class=\"filter_gallery_8679 row filtr-container filters-div\" style=\"opacity:0; display:none;\">\r\n\t\t\t\t\t\t\t\t<a href=\"https:\/\/www.monferratoastigiano.it\/outdoor\/wp-content\/uploads\/2023\/08\/Primavera-dal-Po-al-Monferrato-1.jpg\" class=\"pfg-lightbox-all pfg-lightbox-1\" data-lightbox=\"pfg-lightbox\"  data-title=\"Abbazia di Vezzolano al tramonto\" data-alt=\"Abbazia di Vezzolano al tramonto\" title=\"Abbazia di Vezzolano al tramonto\">\r\n\t\t\t\t\t\t<div data-category=\"1\" data-sort=\"Abbazia di Vezzolano al tramonto\" class=\"animateonload filtr-item filtr_item_8679 single_one col-lg-3 col-md-12 col-sm-4 col-12\">\r\n\t\t\t\t\t\t\t\t\t\t\t\t\t\t\t<img decoding=\"async\" class=\" thumbnail  thumbnail_8679 pfg-img pfg_img_8679 img-responsive hvr-grow-shadow\" src=\"https:\/\/www.monferratoastigiano.it\/outdoor\/wp-content\/uploads\/2023\/08\/Primavera-dal-Po-al-Monferrato-1.jpg\" alt=\"L\u2019immagine mostra l\u2019Abbazia di Santa Maria di Vezzolano immersa nel paesaggio collinare dell\u2019Astigiano, illuminata dalla luce dorata del tramonto. L\u2019edificio romanico in mattoni e arenaria \u00e8 visto lateralmente: si distinguono l\u2019abside, l\u2019ingresso e il campanile con doppia bifora. In primo piano, un prato verde costeggiato da alberi in fiore e cespugli, mentre sullo sfondo si apre un ampio panorama che si perde verso l\u2019orizzonte, dove si intravedono le Alpi in lontananza. Il cipresso accanto al campanile si erge maestoso, accentuando la verticalit\u00e0 del complesso.\">\r\n\t\t\t\t\t\t\t\t\t\t\t\t\t\t\t\t\t<span class=\"item-desc item_desc_8679\">Abbazia di Vezzolano al tramonto<\/span>\r\n\t\t\t\t\t\t\t\t\t\t\t\t\t\t<\/div>\r\n\t\t\t\t\t<\/a>\r\n\t\t\t\t\t\t\t\t\t\t<a href=\"https:\/\/www.monferratoastigiano.it\/outdoor\/wp-content\/uploads\/2023\/08\/Primavera-dal-Po-al-Monferrato-2.jpg\" class=\"pfg-lightbox-all pfg-lightbox-1\" data-lightbox=\"pfg-lightbox\"  data-title=\"Panorama dal Belvedere di Albugnano con vista sul Monviso\" data-alt=\"Panorama dal Belvedere di Albugnano con vista sul Monviso\" title=\"Panorama dal Belvedere di Albugnano con vista sul Monviso\">\r\n\t\t\t\t\t\t<div data-category=\"1\" data-sort=\"Panorama dal Belvedere di Albugnano con vista sul Monviso\" class=\"animateonload filtr-item filtr_item_8679 single_one col-lg-3 col-md-12 col-sm-4 col-12\">\r\n\t\t\t\t\t\t\t\t\t\t\t\t\t\t\t<img decoding=\"async\" class=\" thumbnail  thumbnail_8679 pfg-img pfg_img_8679 img-responsive hvr-grow-shadow\" src=\"https:\/\/www.monferratoastigiano.it\/outdoor\/wp-content\/uploads\/2023\/08\/Primavera-dal-Po-al-Monferrato-2.jpg\" alt=\"L\u2019immagine ritrae uno dei panorami pi\u00f9 suggestivi visibili dal Belvedere di Albugnano. In primo piano si distinguono dolci colline punteggiate di abitazioni rurali e piccoli borghi. Sullo sfondo si staglia imponente la catena alpina, dominata dalla maestosa piramide del Monviso, ben riconoscibile per la sua forma slanciata. Il cielo nuvoloso lascia filtrare una luce tenue, creando un\u2019atmosfera serena e contemplativa. Questo scorcio rappresenta l\u2019equilibrio tra natura, paesaggio antropizzato e fondale montano tipico del Piemonte.\">\r\n\t\t\t\t\t\t\t\t\t\t\t\t\t\t\t\t\t<span class=\"item-desc item_desc_8679\">Panorama dal Belvedere di Albugnano con vista sul Monviso<\/span>\r\n\t\t\t\t\t\t\t\t\t\t\t\t\t\t<\/div>\r\n\t\t\t\t\t<\/a>\r\n\t\t\t\t\t\t\t\t\t\t<a href=\"https:\/\/www.monferratoastigiano.it\/outdoor\/wp-content\/uploads\/2023\/08\/Primavera-dal-Po-al-Monferrato-3.jpg\" class=\"pfg-lightbox-all pfg-lightbox-1\" data-lightbox=\"pfg-lightbox\"  data-title=\"Campi coltivati nelle colline di Albugnano\" data-alt=\"Campi coltivati nelle colline di Albugnano\" title=\"Campi coltivati nelle colline di Albugnano\">\r\n\t\t\t\t\t\t<div data-category=\"1\" data-sort=\"Campi coltivati nelle colline di Albugnano\" class=\"animateonload filtr-item filtr_item_8679 single_one col-lg-3 col-md-12 col-sm-4 col-12\">\r\n\t\t\t\t\t\t\t\t\t\t\t\t\t\t\t<img decoding=\"async\" class=\" thumbnail  thumbnail_8679 pfg-img pfg_img_8679 img-responsive hvr-grow-shadow\" src=\"https:\/\/www.monferratoastigiano.it\/outdoor\/wp-content\/uploads\/2023\/08\/Primavera-dal-Po-al-Monferrato-3.jpg\" alt=\"L\u2019immagine mostra un dettaglio del paesaggio agricolo tipico delle colline attorno ad Albugnano, vicino all\u2019Abbazia di Vezzolano. I campi coltivati appaiono come fasce di colore alternato \u2013 verde brillante e marrone \u2013 a indicare diverse fasi della lavorazione agricola. Le linee nette che delimitano i lotti di terra, insieme alle ombre e alle siepi, creano una composizione visiva ordinata e suggestiva. Questo scenario evidenzia l\u2019interazione secolare tra uomo e natura nella modellazione del paesaggio rurale piemontese.\">\r\n\t\t\t\t\t\t\t\t\t\t\t\t\t\t\t\t\t<span class=\"item-desc item_desc_8679\">Campi coltivati nelle colline di Albugnano<\/span>\r\n\t\t\t\t\t\t\t\t\t\t\t\t\t\t<\/div>\r\n\t\t\t\t\t<\/a>\r\n\t\t\t\t\t\t\t\t\t\t<a href=\"https:\/\/www.monferratoastigiano.it\/outdoor\/wp-content\/uploads\/2023\/08\/Primavera-dal-Po-al-Monferrato-4.jpg\" class=\"pfg-lightbox-all pfg-lightbox-1\" data-lightbox=\"pfg-lightbox\"  data-title=\"Paesaggio delle colline astigiane\" data-alt=\"Paesaggio delle colline astigiane\" title=\"Paesaggio delle colline astigiane\">\r\n\t\t\t\t\t\t<div data-category=\"1\" data-sort=\"Paesaggio delle colline astigiane\" class=\"animateonload filtr-item filtr_item_8679 single_one col-lg-3 col-md-12 col-sm-4 col-12\">\r\n\t\t\t\t\t\t\t\t\t\t\t\t\t\t\t<img decoding=\"async\" class=\" thumbnail  thumbnail_8679 pfg-img pfg_img_8679 img-responsive hvr-grow-shadow\" src=\"https:\/\/www.monferratoastigiano.it\/outdoor\/wp-content\/uploads\/2023\/08\/Primavera-dal-Po-al-Monferrato-4.jpg\" alt=\"L\u2019immagine raffigura il dolce paesaggio collinare delle campagne attorno all\u2019Abbazia di Vezzolano, nell\u2019Astigiano. I campi coltivati, i filari di alberi e i vigneti si rincorrono lungo le ondulazioni del terreno, delineando un mosaico agricolo ordinato e pittoresco. In lontananza si scorgono cascine e abitazioni sparse, segno della presenza rurale storica della zona. Lo scatto, dai colori vividi e primaverili, testimonia l\u2019armonia tra natura, agricoltura e insediamento umano in questo angolo di Piemonte.\">\r\n\t\t\t\t\t\t\t\t\t\t\t\t\t\t\t\t\t<span class=\"item-desc item_desc_8679\">Paesaggio delle colline astigiane<\/span>\r\n\t\t\t\t\t\t\t\t\t\t\t\t\t\t<\/div>\r\n\t\t\t\t\t<\/a>\r\n\t\t\t\t\t\t\t\t\t\t<a href=\"https:\/\/www.monferratoastigiano.it\/outdoor\/wp-content\/uploads\/2023\/08\/ALBUGN1.jpg\" class=\"pfg-lightbox-all pfg-lightbox-2\" data-lightbox=\"pfg-lightbox\"  data-title=\"Abbazia romanica immersa nel verde\" data-alt=\"Abbazia romanica immersa nel verde\" title=\"Abbazia romanica immersa nel verde\">\r\n\t\t\t\t\t\t<div data-category=\"2\" data-sort=\"Abbazia romanica immersa nel verde\" class=\"animateonload filtr-item filtr_item_8679 single_one col-lg-3 col-md-12 col-sm-4 col-12\">\r\n\t\t\t\t\t\t\t\t\t\t\t\t\t\t\t<img decoding=\"async\" class=\" thumbnail  thumbnail_8679 pfg-img pfg_img_8679 img-responsive hvr-grow-shadow\" src=\"https:\/\/www.monferratoastigiano.it\/outdoor\/wp-content\/uploads\/2023\/08\/ALBUGN1.jpg\" alt=\"L'immagine raffigura una suggestiva abbazia romanica costruita in mattoni rossi, immersa in un contesto rurale e verdeggiante. La facciata \u00e8 ornata da archetti e lesene, con tre portali d'ingresso, e sormontata da una torre campanaria quadrata. Due alte palme decorano l\u2019ingresso principale, accostandosi in modo pittoresco alla struttura medievale. Il cielo \u00e8 terso con alcune scie di aerei visibili in alto. Una stradina sterrata costeggia il muro di cinta in mattoni bassi che delimita la propriet\u00e0. L\u2019ambiente trasmette pace e armonia, con alberi, cespugli e un prato ben curato che circondano l\u2019edificio sacro.\">\r\n\t\t\t\t\t\t\t\t\t\t\t\t\t\t\t\t\t<span class=\"item-desc item_desc_8679\">Abbazia romanica immersa nel verde<\/span>\r\n\t\t\t\t\t\t\t\t\t\t\t\t\t\t<\/div>\r\n\t\t\t\t\t<\/a>\r\n\t\t\t\t\t\t\t\t\t\t<a href=\"https:\/\/www.monferratoastigiano.it\/outdoor\/wp-content\/uploads\/2023\/08\/Estate-Vezzolano.jpg\" class=\"pfg-lightbox-all pfg-lightbox-2\" data-lightbox=\"pfg-lightbox\"  data-title=\"Cartelli escursionistici e chiesa in borgo rurale\" data-alt=\"Cartelli escursionistici e chiesa in borgo rurale\" title=\"Cartelli escursionistici e chiesa in borgo rurale\">\r\n\t\t\t\t\t\t<div data-category=\"2\" data-sort=\"Cartelli escursionistici e chiesa in borgo rurale\" class=\"animateonload filtr-item filtr_item_8679 single_one col-lg-3 col-md-12 col-sm-4 col-12\">\r\n\t\t\t\t\t\t\t\t\t\t\t\t\t\t\t<img decoding=\"async\" class=\" thumbnail  thumbnail_8679 pfg-img pfg_img_8679 img-responsive hvr-grow-shadow\" src=\"https:\/\/www.monferratoastigiano.it\/outdoor\/wp-content\/uploads\/2023\/08\/Estate-Vezzolano.jpg\" alt=\"L\u2019immagine mostra un tranquillo paesaggio rurale italiano, dove in primo piano si trovano cartelli escursionistici in legno e metallo, leggermente consumati dal tempo, che indicano direzioni verso luoghi come Albugnano, Coccoato, Sciolze, e altri. Le frecce rosse e bianche segnalano sentieri escursionistici. Sullo sfondo, leggermente sfocata, si erge una chiesa in mattoni con un campanile a torre quadrata, immersa nel verde. Un sentiero sterrato si snoda a sinistra, curvando dolcemente tra alberi e prati. L\u2019atmosfera \u00e8 serena, tipica di una camminata tra natura e borghi storici.\">\r\n\t\t\t\t\t\t\t\t\t\t\t\t\t\t\t\t\t<span class=\"item-desc item_desc_8679\">Cartelli escursionistici e chiesa in borgo rurale<\/span>\r\n\t\t\t\t\t\t\t\t\t\t\t\t\t\t<\/div>\r\n\t\t\t\t\t<\/a>\r\n\t\t\t\t\t\t\t\t\t\t<a href=\"https:\/\/www.monferratoastigiano.it\/outdoor\/wp-content\/uploads\/2023\/08\/Estate-Albugnano-paesaggio.jpg\" class=\"pfg-lightbox-all pfg-lightbox-2\" data-lightbox=\"pfg-lightbox\"  data-title=\"Panorama collinare e montano sotto un cielo limpido\" data-alt=\"Panorama collinare e montano sotto un cielo limpido\" title=\"Panorama collinare e montano sotto un cielo limpido\">\r\n\t\t\t\t\t\t<div data-category=\"2\" data-sort=\"Panorama collinare e montano sotto un cielo limpido\" class=\"animateonload filtr-item filtr_item_8679 single_one col-lg-3 col-md-12 col-sm-4 col-12\">\r\n\t\t\t\t\t\t\t\t\t\t\t\t\t\t\t<img decoding=\"async\" class=\" thumbnail  thumbnail_8679 pfg-img pfg_img_8679 img-responsive hvr-grow-shadow\" src=\"https:\/\/www.monferratoastigiano.it\/outdoor\/wp-content\/uploads\/2023\/08\/Estate-Albugnano-paesaggio.jpg\" alt=\"L'immagine mostra un ampio paesaggio rurale visto dall'alto, con colline ondulate ricoperte di boschi, campi coltivati e piccoli agglomerati di case con tetti rossi. All'orizzonte si distinguono catene montuose che si perdono nella foschia. Il cielo sopra \u00e8 ampio e limpido, con una sfumatura intensa di azzurro e alcune nuvole leggere in alto. Il panorama trasmette un senso di quiete e vastit\u00e0, tipico delle zone rurali collinari.\">\r\n\t\t\t\t\t\t\t\t\t\t\t\t\t\t\t\t\t<span class=\"item-desc item_desc_8679\">Panorama collinare e montano sotto un cielo limpido<\/span>\r\n\t\t\t\t\t\t\t\t\t\t\t\t\t\t<\/div>\r\n\t\t\t\t\t<\/a>\r\n\t\t\t\t\t\t\t\t\t\t<a href=\"https:\/\/www.monferratoastigiano.it\/outdoor\/wp-content\/uploads\/2023\/08\/Casalborgone-Antico-Municipio.jpg\" class=\"pfg-lightbox-all pfg-lightbox-2\" data-lightbox=\"pfg-lightbox\"  data-title=\"Municipio di Albugnano\" data-alt=\"Municipio di Albugnano\" title=\"Municipio di Albugnano\">\r\n\t\t\t\t\t\t<div data-category=\"2\" data-sort=\"Municipio di Albugnano\" class=\"animateonload filtr-item filtr_item_8679 single_one col-lg-3 col-md-12 col-sm-4 col-12\">\r\n\t\t\t\t\t\t\t\t\t\t\t\t\t\t\t<img decoding=\"async\" class=\" thumbnail  thumbnail_8679 pfg-img pfg_img_8679 img-responsive hvr-grow-shadow\" src=\"https:\/\/www.monferratoastigiano.it\/outdoor\/wp-content\/uploads\/2023\/08\/Casalborgone-Antico-Municipio.jpg\" alt=\"L\u2019immagine mostra la facciata del Municipio di Albugnano, borgo situato nei pressi dell\u2019Abbazia di Vezzolano. L\u2019edificio, caratterizzato da una decorazione muraria a motivi geometrici e da balconi adornati da rigogliose fioriere rosa, presenta una tipica architettura rurale piemontese. Le persiane in legno e i dettagli in muratura richiamano l\u2019autenticit\u00e0 e la cura del borgo. Questo scorcio contribuisce a raccontare il contesto civile e quotidiano del territorio che ospita l\u2019antica abbazia.\">\r\n\t\t\t\t\t\t\t\t\t\t\t\t\t\t\t\t\t<span class=\"item-desc item_desc_8679\">Municipio di Albugnano<\/span>\r\n\t\t\t\t\t\t\t\t\t\t\t\t\t\t<\/div>\r\n\t\t\t\t\t<\/a>\r\n\t\t\t\t\t\t\t\t\t\t<a href=\"https:\/\/www.monferratoastigiano.it\/outdoor\/wp-content\/uploads\/2023\/08\/Autunno-dal-Po-al-Monferrato-1.jpg\" class=\"pfg-lightbox-all pfg-lightbox-3\" data-lightbox=\"pfg-lightbox\"  data-title=\"Veduta panoramica posteriore dell\u2019Abbazia di Vezzolano\" data-alt=\"Veduta panoramica posteriore dell\u2019Abbazia di Vezzolano\" title=\"Veduta panoramica posteriore dell\u2019Abbazia di Vezzolano\">\r\n\t\t\t\t\t\t<div data-category=\"3\" data-sort=\"Veduta panoramica posteriore dell\u2019Abbazia di Vezzolano\" class=\"animateonload filtr-item filtr_item_8679 single_one col-lg-3 col-md-12 col-sm-4 col-12\">\r\n\t\t\t\t\t\t\t\t\t\t\t\t\t\t\t<img decoding=\"async\" class=\" thumbnail  thumbnail_8679 pfg-img pfg_img_8679 img-responsive hvr-grow-shadow\" src=\"https:\/\/www.monferratoastigiano.it\/outdoor\/wp-content\/uploads\/2023\/08\/Autunno-dal-Po-al-Monferrato-1.jpg\" alt=\"In questa immagine si osserva una veduta panoramica dell\u2019Abbazia di Vezzolano dalla parte posteriore, incastonata tra dolci colline boscose. L\u2019edificio in mattoni presenta un\u2019abside semicircolare con decorazioni in arenaria e la torre campanaria che svetta accanto a un alto cipresso. Il tetto a spiovente, le mura perimetrali e il prato verde in primo piano raccontano un\u2019architettura monastica perfettamente integrata nel paesaggio naturale circostante, offrendo un\u2019immagine serena e contemplativa.\">\r\n\t\t\t\t\t\t\t\t\t\t\t\t\t\t\t\t\t<span class=\"item-desc item_desc_8679\">Veduta panoramica posteriore dell\u2019Abbazia di Vezzolano<\/span>\r\n\t\t\t\t\t\t\t\t\t\t\t\t\t\t<\/div>\r\n\t\t\t\t\t<\/a>\r\n\t\t\t\t\t\t\t\t\t\t<a href=\"https:\/\/www.monferratoastigiano.it\/outdoor\/wp-content\/uploads\/2023\/08\/Autunno-dal-Po-al-Monferrato-2.jpg\" class=\"pfg-lightbox-all pfg-lightbox-3\" data-lightbox=\"pfg-lightbox\"  data-title=\"Vista laterale dell\u2019Abbazia di Vezzolano in autunno\" data-alt=\"Vista laterale dell\u2019Abbazia di Vezzolano in autunno\" title=\"Vista laterale dell\u2019Abbazia di Vezzolano in autunno\">\r\n\t\t\t\t\t\t<div data-category=\"3\" data-sort=\"Vista laterale dell\u2019Abbazia di Vezzolano in autunno\" class=\"animateonload filtr-item filtr_item_8679 single_one col-lg-3 col-md-12 col-sm-4 col-12\">\r\n\t\t\t\t\t\t\t\t\t\t\t\t\t\t\t<img decoding=\"async\" class=\" thumbnail  thumbnail_8679 pfg-img pfg_img_8679 img-responsive hvr-grow-shadow\" src=\"https:\/\/www.monferratoastigiano.it\/outdoor\/wp-content\/uploads\/2023\/08\/Autunno-dal-Po-al-Monferrato-2.jpg\" alt=\"L\u2019immagine mostra una vista laterale dell\u2019Abbazia di Vezzolano, in Piemonte, circondata da un paesaggio collinare autunnale. L\u2019edificio in stile romanico presenta decorazioni in cotto e arenaria, con archetti ciechi e lesene verticali che ne scandiscono le facciate. Sul lato destro si intravede l\u2019ingresso monumentale al complesso abbaziale, mentre un viale sterrato e alberi dai colori caldi dell\u2019autunno incorniciano la scena, conferendo un\u2019atmosfera di quiete e raccoglimento.\">\r\n\t\t\t\t\t\t\t\t\t\t\t\t\t\t\t\t\t<span class=\"item-desc item_desc_8679\">Vista laterale dell\u2019Abbazia di Vezzolano in autunno<\/span>\r\n\t\t\t\t\t\t\t\t\t\t\t\t\t\t<\/div>\r\n\t\t\t\t\t<\/a>\r\n\t\t\t\t\t\t\t\t\t\t<a href=\"https:\/\/www.monferratoastigiano.it\/outdoor\/wp-content\/uploads\/2023\/08\/Autunno-dal-Po-al-Monferrato-3.jpg\" class=\"pfg-lightbox-all pfg-lightbox-3\" data-lightbox=\"pfg-lightbox\"  data-title=\"Dettaglio dell\u2019abside minore dell\u2019Abbazia di Vezzolano\" data-alt=\"Dettaglio dell\u2019abside minore dell\u2019Abbazia di Vezzolano\" title=\"Dettaglio dell\u2019abside minore dell\u2019Abbazia di Vezzolano\">\r\n\t\t\t\t\t\t<div data-category=\"3\" data-sort=\"Dettaglio dell\u2019abside minore dell\u2019Abbazia di Vezzolano\" class=\"animateonload filtr-item filtr_item_8679 single_one col-lg-3 col-md-12 col-sm-4 col-12\">\r\n\t\t\t\t\t\t\t\t\t\t\t\t\t\t\t<img decoding=\"async\" class=\" thumbnail  thumbnail_8679 pfg-img pfg_img_8679 img-responsive hvr-grow-shadow\" src=\"https:\/\/www.monferratoastigiano.it\/outdoor\/wp-content\/uploads\/2023\/08\/Autunno-dal-Po-al-Monferrato-3.jpg\" alt=\"L\u2019immagine mostra un primo piano del lato absidale dell\u2019Abbazia di Vezzolano, in Piemonte. Si distingue una piccola abside con decorazioni in stile romanico, come archi ciechi e fasce in pietra e laterizio bicromo. In primo piano un albero spoglio con foglie gialle, che richiama la stagione autunnale e aggiunge un elemento naturale in contrasto con la solidit\u00e0 della pietra. Le finestre strombate e la muratura in cotto sottolineano l\u2019eleganza e l\u2019antichit\u00e0 dell\u2019edificio.\">\r\n\t\t\t\t\t\t\t\t\t\t\t\t\t\t\t\t\t<span class=\"item-desc item_desc_8679\">Dettaglio dell\u2019abside minore dell\u2019Abbazia di Vezzolano<\/span>\r\n\t\t\t\t\t\t\t\t\t\t\t\t\t\t<\/div>\r\n\t\t\t\t\t<\/a>\r\n\t\t\t\t\t\t\t\t\t\t<a href=\"https:\/\/www.monferratoastigiano.it\/outdoor\/wp-content\/uploads\/2023\/08\/Autunno-dal-Po-al-Monferrato-4.jpg\" class=\"pfg-lightbox-all pfg-lightbox-3\" data-lightbox=\"pfg-lightbox\"  data-title=\"Vigneti autunnali nelle colline del Monferrato\" data-alt=\"Vigneti autunnali nelle colline del Monferrato\" title=\"Vigneti autunnali nelle colline del Monferrato\">\r\n\t\t\t\t\t\t<div data-category=\"3\" data-sort=\"Vigneti autunnali nelle colline del Monferrato\" class=\"animateonload filtr-item filtr_item_8679 single_one col-lg-3 col-md-12 col-sm-4 col-12\">\r\n\t\t\t\t\t\t\t\t\t\t\t\t\t\t\t<img decoding=\"async\" class=\" thumbnail  thumbnail_8679 pfg-img pfg_img_8679 img-responsive hvr-grow-shadow\" src=\"https:\/\/www.monferratoastigiano.it\/outdoor\/wp-content\/uploads\/2023\/08\/Autunno-dal-Po-al-Monferrato-4.jpg\" alt=\"L\u2019immagine ritrae un vigneto situato su una collina del Monferrato, in Piemonte, in prossimit\u00e0 dell\u2019Abbazia di Vezzolano. I filari ordinati delle viti mostrano i colori tipici dell\u2019autunno, con sfumature di giallo, arancio e marrone. Una strada sterrata costeggia la collina alla base del vigneto, mentre sullo sfondo si intravede un bosco. Questo paesaggio \u00e8 caratteristico dell\u2019area, fortemente legata alla tradizione agricola e vitivinicola locale.\">\r\n\t\t\t\t\t\t\t\t\t\t\t\t\t\t\t\t\t<span class=\"item-desc item_desc_8679\">Vigneti autunnali nelle colline del Monferrato<\/span>\r\n\t\t\t\t\t\t\t\t\t\t\t\t\t\t<\/div>\r\n\t\t\t\t\t<\/a>\r\n\t\t\t\t\t\t\t\t\t\t<a href=\"https:\/\/www.monferratoastigiano.it\/outdoor\/wp-content\/uploads\/2023\/08\/Inverno-dal-Po-al-Monferrato-1.jpg\" class=\"pfg-lightbox-all pfg-lightbox-4\" data-lightbox=\"pfg-lightbox\"  data-title=\"Veduta invernale retrostante dell\u2019Abbazia di Vezzolano\" data-alt=\"Veduta invernale retrostante dell\u2019Abbazia di Vezzolano\" title=\"Veduta invernale retrostante dell\u2019Abbazia di Vezzolano\">\r\n\t\t\t\t\t\t<div data-category=\"4\" data-sort=\"Veduta invernale retrostante dell\u2019Abbazia di Vezzolano\" class=\"animateonload filtr-item filtr_item_8679 single_one col-lg-3 col-md-12 col-sm-4 col-12\">\r\n\t\t\t\t\t\t\t\t\t\t\t\t\t\t\t<img decoding=\"async\" class=\" thumbnail  thumbnail_8679 pfg-img pfg_img_8679 img-responsive hvr-grow-shadow\" src=\"https:\/\/www.monferratoastigiano.it\/outdoor\/wp-content\/uploads\/2023\/08\/Inverno-dal-Po-al-Monferrato-1.jpg\" alt=\"L'immagine mostra l\u2019Abbazia di Santa Maria di Vezzolano da un punto panoramico laterale e posteriore, immersa in un paesaggio collinare ricoperto di neve. In primo piano si nota il campanile romanico in mattoni, con bifore e tetto a quattro falde. L\u2019edificio monastico si sviluppa lungo il pendio, con tetti spioventi innevati. Intorno si scorgono alberi dai colori autunnali, che incorniciano la struttura e aggiungono un tocco pittoresco alla scena.\">\r\n\t\t\t\t\t\t\t\t\t\t\t\t\t\t\t\t\t<span class=\"item-desc item_desc_8679\">Veduta invernale retrostante dell\u2019Abbazia di Vezzolano<\/span>\r\n\t\t\t\t\t\t\t\t\t\t\t\t\t\t<\/div>\r\n\t\t\t\t\t<\/a>\r\n\t\t\t\t\t\t\t\t\t\t<a href=\"https:\/\/www.monferratoastigiano.it\/outdoor\/wp-content\/uploads\/2023\/08\/Inverno-dal-Po-al-Monferrato-2.jpg\" class=\"pfg-lightbox-all pfg-lightbox-4\" data-lightbox=\"pfg-lightbox\"  data-title=\"Facciata dell\u2019Abbazia di Santa Maria di Vezzolano\" data-alt=\"Facciata dell\u2019Abbazia di Santa Maria di Vezzolano\" title=\"Facciata dell\u2019Abbazia di Santa Maria di Vezzolano\">\r\n\t\t\t\t\t\t<div data-category=\"4\" data-sort=\"Facciata dell\u2019Abbazia di Santa Maria di Vezzolano\" class=\"animateonload filtr-item filtr_item_8679 single_one col-lg-3 col-md-12 col-sm-4 col-12\">\r\n\t\t\t\t\t\t\t\t\t\t\t\t\t\t\t<img decoding=\"async\" class=\" thumbnail  thumbnail_8679 pfg-img pfg_img_8679 img-responsive hvr-grow-shadow\" src=\"https:\/\/www.monferratoastigiano.it\/outdoor\/wp-content\/uploads\/2023\/08\/Inverno-dal-Po-al-Monferrato-2.jpg\" alt=\"L'immagine ritrae la facciata dell'Abbazia di Santa Maria di Vezzolano, uno degli esempi pi\u00f9 significativi di architettura romanica in Piemonte. La chiesa \u00e8 costruita in laterizio e arenaria, con una facciata tripartita ornata da arcate cieche e una loggetta con statue scolpite. Il campanile si erge alla sinistra della chiesa. La scena \u00e8 ambientata in inverno, con tracce di neve a terra e sul tetto, mentre alcune palme e alberi spogli incorniciano l\u2019edificio.\">\r\n\t\t\t\t\t\t\t\t\t\t\t\t\t\t\t\t\t<span class=\"item-desc item_desc_8679\">Facciata dell\u2019Abbazia di Santa Maria di Vezzolano<\/span>\r\n\t\t\t\t\t\t\t\t\t\t\t\t\t\t<\/div>\r\n\t\t\t\t\t<\/a>\r\n\t\t\t\t\t\t\t\t\t\t<a href=\"https:\/\/www.monferratoastigiano.it\/outdoor\/wp-content\/uploads\/2023\/08\/Inverno-dal-Po-al-Monferrato-3.jpg\" class=\"pfg-lightbox-all pfg-lightbox-4\" data-lightbox=\"pfg-lightbox\"  data-title=\"Chiostro romanico in laterizio e pietra\" data-alt=\"Chiostro romanico in laterizio e pietra\" title=\"Chiostro romanico in laterizio e pietra\">\r\n\t\t\t\t\t\t<div data-category=\"4\" data-sort=\"Chiostro romanico in laterizio e pietra\" class=\"animateonload filtr-item filtr_item_8679 single_one col-lg-3 col-md-12 col-sm-4 col-12\">\r\n\t\t\t\t\t\t\t\t\t\t\t\t\t\t\t<img decoding=\"async\" class=\" thumbnail  thumbnail_8679 pfg-img pfg_img_8679 img-responsive hvr-grow-shadow\" src=\"https:\/\/www.monferratoastigiano.it\/outdoor\/wp-content\/uploads\/2023\/08\/Inverno-dal-Po-al-Monferrato-3.jpg\" alt=\"L\u2019immagine mostra un chiostro in stile romanico, realizzato in mattoni rossi alternati a fasce di pietra grigia. Gli archi a tutto sesto sono sostenuti da colonne singole o accoppiate, con capitelli semplici ma solidi. Il gioco di colori tra i materiali crea un effetto decorativo elegante e sobrio. La pavimentazione \u00e8 in cotto, e si intravede all\u2019esterno del chiostro un cortile coperto di neve. L\u2019atmosfera \u00e8 silenziosa e raccolta, tipica di questi spazi monastici destinati alla meditazione e alla vita contemplativa.\">\r\n\t\t\t\t\t\t\t\t\t\t\t\t\t\t\t\t\t<span class=\"item-desc item_desc_8679\">Chiostro romanico in laterizio e pietra<\/span>\r\n\t\t\t\t\t\t\t\t\t\t\t\t\t\t<\/div>\r\n\t\t\t\t\t<\/a>\r\n\t\t\t\t\t\t\t\t\t\t<a href=\"https:\/\/www.monferratoastigiano.it\/outdoor\/wp-content\/uploads\/2023\/08\/Inverno-dal-Po-al-Monferrato-4.jpg\" class=\"pfg-lightbox-all pfg-lightbox-4\" data-lightbox=\"pfg-lightbox\"  data-title=\"Scena di mercato nel presepe: la bottega degli alimentari\" data-alt=\"Scena di mercato nel presepe: la bottega degli alimentari\" title=\"Scena di mercato nel presepe: la bottega degli alimentari\">\r\n\t\t\t\t\t\t<div data-category=\"4\" data-sort=\"Scena di mercato nel presepe: la bottega degli alimentari\" class=\"animateonload filtr-item filtr_item_8679 single_one col-lg-3 col-md-12 col-sm-4 col-12\">\r\n\t\t\t\t\t\t\t\t\t\t\t\t\t\t\t<img decoding=\"async\" class=\" thumbnail  thumbnail_8679 pfg-img pfg_img_8679 img-responsive hvr-grow-shadow\" src=\"https:\/\/www.monferratoastigiano.it\/outdoor\/wp-content\/uploads\/2023\/08\/Inverno-dal-Po-al-Monferrato-4.jpg\" alt=\"L\u2019immagine raffigura una scena di mercato realizzata come parte di un presepe artistico. In primo piano si vede una bottega con tre arcate, decorata con rami di verde. Esposte su tavoli e mensole ci sono numerose miniature di generi alimentari: salumi appesi, carni crude, forme di pane, ortaggi e un\u2019abbondanza di formaggi disposti ordinatamente sugli scaffali in fondo. Vari personaggi in costume d\u2019epoca, tra cui clienti e venditori, animano la scena. L\u2019attenzione ai dettagli, come i vestiti ricamati e la disposizione degli alimenti, contribuisce a creare un\u2019atmosfera calorosa e realistica, tipica delle rappresentazioni natalizie tradizionali.\">\r\n\t\t\t\t\t\t\t\t\t\t\t\t\t\t\t\t\t<span class=\"item-desc item_desc_8679\">Scena di mercato nel presepe: la bottega degli alimentari<\/span>\r\n\t\t\t\t\t\t\t\t\t\t\t\t\t\t<\/div>\r\n\t\t\t\t\t<\/a>\r\n\t\t\t\t\t\t\t<\/div>\r\n\t<\/div>\r\n<script>\r\n\r\nsetTimeout(function () {\r\n\tjQuery(\".thumbnail_8679\").each(function(){\r\n\t\t\/\/ console.log(jQuery(this).width() + \"x\" + jQuery(this).height())\r\n\t\tvar h = jQuery(this).height();\r\n\t\tvar w = jQuery(this).width();\r\n\t\tjQuery(this).height(h);\r\n\t\tjQuery(this).width(w);\r\n\t\tjQuery(this).resize();\r\n\t});\r\n}, 2500);\r\n\r\njQuery(document).ready(function (jQuery) {\r\n    jQuery('.filtr-item').addClass('animateonload');\r\n    jQuery('#filter_gallery_8679').show();\r\n    jQuery('.loading-wrapper').hide();\r\n    jQuery(\".loader_img\").hide();\r\n    jQuery(\".lg_load_more\").show();\r\n    jQuery(\".filtr-container\").css(\"opacity\", 1);\r\n\r\n    \/\/ Define Filterizr Default Options\r\n    const options = {\r\n        animationDuration: 0.5,\r\n        callbacks: {\r\n            onFilteringStart: function() {\r\n                \/\/ Apply sorting shortly after filtering starts\r\n                setTimeout(function() {\r\n                                    }, 50);\r\n            },\r\n            onFilteringEnd: function() {\r\n                \/\/ Apply sorting shortly after filtering ends\r\n                setTimeout(function() {\r\n                                    }, 50);\r\n            },\r\n            onShufflingStart: function() { },\r\n            onShufflingEnd: function() { },\r\n            onSortingStart: function() { },\r\n            onSortingEnd: function() { }\r\n        },\r\n        controlsSelector: '.filtr-controls-8679',\r\n        filter: 'all',\r\n        filterOutCss: {\r\n            top: '0px',\r\n            left: '0px',\r\n            opacity: 0.001,\r\n            transform: ''\r\n        },\r\n        filterInCss: {\r\n            top: '0px',\r\n            left: '0px',\r\n            opacity: 1,\r\n            transform: ''\r\n        },\r\n        layout: 'sameWidth',\r\n        selector: '.filtr-item',\r\n        setupControls: false\r\n    };\r\n\r\n    \/\/ Initialize Filterizr and ensure it is globally accessible\r\n    window.filterizd = jQuery('.filter_gallery_8679').filterizr(options);\r\n\r\n    jQuery('.filter_gallery_8679').imagesLoaded(function() {\r\n        \/\/ Reapply sorting after initial load\r\n        \r\n        \/\/ Resize handling\r\n        jQuery(window).resize(function() {\r\n            jQuery(\".thumbnail_8679\").each(function() {\r\n                var h = jQuery(this).height();\r\n                var w = jQuery(this).width();\r\n                jQuery(this).height(h);\r\n                jQuery(this).width(w);\r\n            });\r\n\r\n            \/\/ Reapply sorting after resizing\r\n                    });\r\n    });\r\n\r\n\t\t\r\n\t\t\/\/bootstrap-lightbox-js\r\n\t\t\/\/ delegate calls to data-toggle=\"lightbox\"\r\n\t\tdocument.addEventListener('DOMContentLoaded', (event) => {\r\n            document.querySelectorAll('.my-lightbox-toggle').forEach((el) => {\r\n                el.addEventListener('click', (e) => {\r\n                    e.preventDefault();\r\n\r\n                    const options = {\r\n                        keyboard: true,\r\n                        size: 'fullscreen'\r\n                    };\r\n\r\n                    \/\/ Assuming Lightbox is a constructor from the included library\r\n                    \/\/ Check if the Lightbox class or function exists\r\n                    if (typeof Lightbox !== 'undefined') {\r\n                        const lightbox = new Lightbox(el, options);\r\n                        lightbox.show();\r\n                    } else {\r\n                        console.error('Lightbox library is not loaded.');\r\n                    }\r\n                });\r\n            });\r\n        });\r\n\t\t\t\tjQuery('.filtr-control-8679 [data-filter]').click(function() {\r\n\t\t\t\/\/jQuery('.swiper-8679').swipebox('swipebox-destroy');\r\n\t\t\tvar targetFilter = jQuery(this).data('filter');\r\n\t\t\tvar lighbox_class_name = \"pfg-lightbox-\" + targetFilter;\r\n\t\t\tjQuery('.pfg-lightbox-' + targetFilter ).attr('data-lightbox', lighbox_class_name); \/\/ add data filter for parent filters\r\n\t\t});\r\n\t\t\r\n\t\t\r\n\t\/\/ video player\r\n\tjQuery(function(){\r\n      jQuery(\"a.video-box-8679\").YouTubePopUp( { autoplay: 0 } ); \/\/ Disable autoplay\r\n\t});\r\n\t\r\n});   \r\n<\/script>[\/et_pb_code][\/et_pb_column][\/et_pb_row][\/et_pb_section][et_pb_section fb_built=\u00a0\u00bb1&Prime; _builder_version=\u00a0\u00bb4.17.4&Prime; _module_preset=\u00a0\u00bbdefault\u00a0\u00bb custom_padding=\u00a0\u00bb2px|||||\u00a0\u00bb global_colors_info=\u00a0\u00bb{}\u00a0\u00bb theme_builder_area=\u00a0\u00bbpost_content\u00a0\u00bb][et_pb_row module_id=\u00a0\u00bbvideo\u00a0\u00bb _builder_version=\u00a0\u00bb4.24.2&Prime; _module_preset=\u00a0\u00bbdefault\u00a0\u00bb global_colors_info=\u00a0\u00bb{}\u00a0\u00bb theme_builder_area=\u00a0\u00bbpost_content\u00a0\u00bb][et_pb_column type=\u00a0\u00bb4_4&Prime; _builder_version=\u00a0\u00bb4.17.4&Prime; _module_preset=\u00a0\u00bbdefault\u00a0\u00bb global_colors_info=\u00a0\u00bb{}\u00a0\u00bb theme_builder_area=\u00a0\u00bbpost_content\u00a0\u00bb][et_pb_text _builder_version=\u00a0\u00bb4.17.4&Prime; _module_preset=\u00a0\u00bbdefault\u00a0\u00bb text_font=\u00a0\u00bbLato||||||||\u00a0\u00bb text_text_color=\u00a0\u00bb#898f99&Prime; text_font_size=\u00a0\u00bb18px\u00a0\u00bb text_line_height=\u00a0\u00bb2em\u00a0\u00bb header_font=\u00a0\u00bb||||||||\u00a0\u00bb header_2_font=\u00a0\u00bbLato|700|||||||\u00a0\u00bb header_2_font_size=\u00a0\u00bb42px\u00a0\u00bb header_2_line_height=\u00a0\u00bb1.5em\u00a0\u00bb text_orientation=\u00a0\u00bbcenter\u00a0\u00bb module_alignment=\u00a0\u00bbcenter\u00a0\u00bb locked=\u00a0\u00bboff\u00a0\u00bb global_colors_info=\u00a0\u00bb{}\u00a0\u00bb theme_builder_area=\u00a0\u00bbpost_content\u00a0\u00bb]<\/p>\n<h2>Video<\/h2>\n<p>[\/et_pb_text][et_pb_code _builder_version=\u00a0\u00bb4.27.0&Prime; _module_preset=\u00a0\u00bbdefault\u00a0\u00bb global_colors_info=\u00a0\u00bb{}\u00a0\u00bb theme_builder_area=\u00a0\u00bbpost_content\u00a0\u00bb]<iframe width=\"560\" height=\"315\" src=\"https:\/\/www.youtube.com\/embed\/XdSnvCyE68Q?si=Gjcpq7E26pFt2rU0\" title=\"YouTube video player\" frameborder=\"0\" allow=\"accelerometer; autoplay; clipboard-write; encrypted-media; gyroscope; picture-in-picture; web-share\" referrerpolicy=\"strict-origin-when-cross-origin\" allowfullscreen><\/iframe>[\/et_pb_code][\/et_pb_column][\/et_pb_row][\/et_pb_section]<\/p>\n","protected":false},"excerpt":{"rendered":"<p>PUNTO DI PARTENZA E PUNTO DI ARRIVO: Casalborgone<br \/>\nNumero di tappe (con varianti) 7<br \/>\nLunghezza totale 54,10 km<\/p>\n","protected":false},"author":1,"featured_media":16528,"comment_status":"closed","ping_status":"closed","sticky":false,"template":"","format":"standard","meta":{"_acf_changed":false,"_et_pb_use_builder":"on","_et_pb_old_content":"","_et_gb_content_width":"2880","footnotes":""},"categories":[561,228,585,227,229,586,230,587,588,232,569,234,589,231],"tags":[],"class_list":["post-17075","post","type-post","status-publish","format-standard","has-post-thumbnail","hentry","category-albugnano-it-fr","category-albugnano-it","category-aramengo-it-fr","category-aramengo-it","category-berzano-san-pietro-it","category-berzano-san-pietro-it-fr","category-casalborgone-it","category-casalborgone-it-fr","category-lauriano-it-fr","category-lauriano-it","category-moransengo-it-fr","category-moransengo-it","category-tonengo-it-fr","category-tonengo-it"],"acf":[],"_links":{"self":[{"href":"https:\/\/www.monferratoastigiano.it\/outdoor\/fr\/wp-json\/wp\/v2\/posts\/17075","targetHints":{"allow":["GET"]}}],"collection":[{"href":"https:\/\/www.monferratoastigiano.it\/outdoor\/fr\/wp-json\/wp\/v2\/posts"}],"about":[{"href":"https:\/\/www.monferratoastigiano.it\/outdoor\/fr\/wp-json\/wp\/v2\/types\/post"}],"author":[{"embeddable":true,"href":"https:\/\/www.monferratoastigiano.it\/outdoor\/fr\/wp-json\/wp\/v2\/users\/1"}],"replies":[{"embeddable":true,"href":"https:\/\/www.monferratoastigiano.it\/outdoor\/fr\/wp-json\/wp\/v2\/comments?post=17075"}],"version-history":[{"count":7,"href":"https:\/\/www.monferratoastigiano.it\/outdoor\/fr\/wp-json\/wp\/v2\/posts\/17075\/revisions"}],"predecessor-version":[{"id":18521,"href":"https:\/\/www.monferratoastigiano.it\/outdoor\/fr\/wp-json\/wp\/v2\/posts\/17075\/revisions\/18521"}],"wp:featuredmedia":[{"embeddable":true,"href":"https:\/\/www.monferratoastigiano.it\/outdoor\/fr\/wp-json\/wp\/v2\/media\/16528"}],"wp:attachment":[{"href":"https:\/\/www.monferratoastigiano.it\/outdoor\/fr\/wp-json\/wp\/v2\/media?parent=17075"}],"wp:term":[{"taxonomy":"category","embeddable":true,"href":"https:\/\/www.monferratoastigiano.it\/outdoor\/fr\/wp-json\/wp\/v2\/categories?post=17075"},{"taxonomy":"post_tag","embeddable":true,"href":"https:\/\/www.monferratoastigiano.it\/outdoor\/fr\/wp-json\/wp\/v2\/tags?post=17075"}],"curies":[{"name":"wp","href":"https:\/\/api.w.org\/{rel}","templated":true}]}}