{"id":5242,"date":"2022-07-21T14:07:15","date_gmt":"2022-07-21T12:07:15","guid":{"rendered":"https:\/\/www.monferratoastigiano.it\/?p=5242"},"modified":"2023-10-30T12:06:16","modified_gmt":"2023-10-30T11:06:16","slug":"comune-di-berzano-di-san-pietro-at","status":"publish","type":"post","link":"https:\/\/www.monferratoastigiano.it\/outdoor\/comune-di-berzano-di-san-pietro-at\/","title":{"rendered":"Comune di Berzano di San Pietro (AT)"},"content":{"rendered":"<p>[et_pb_section fb_built=&#8221;1&#8243; admin_label=&#8221;Hero section&#8221; _builder_version=&#8221;4.17.4&#8243; _module_preset=&#8221;default&#8221; use_background_color_gradient=&#8221;on&#8221; background_color_gradient_stops=&#8221;rgba(159,215,242,0.36) 0%|rgba(1,82,147,0.75) 100%&#8221; background_color_gradient_overlays_image=&#8221;on&#8221; background_color_gradient_start=&#8221;rgba(150,105,97,0.67)&#8221; background_color_gradient_end=&#8221;rgba(2,0,76,0.84)&#8221; background_image=&#8221;https:\/\/www.monferratoastigiano.it\/wp-content\/uploads\/2022\/07\/Berzano-San-Pietro.jpg&#8221; max_height=&#8221;518px&#8221; custom_margin=&#8221;|||&#8221; custom_padding=&#8221;6.5%||10%|||&#8221; global_colors_info=&#8221;{}&#8221;][et_pb_row _builder_version=&#8221;4.16&#8243; _module_preset=&#8221;default&#8221; custom_margin=&#8221;|||&#8221; global_colors_info=&#8221;{}&#8221;][et_pb_column type=&#8221;4_4&#8243; _builder_version=&#8221;4.16&#8243; _module_preset=&#8221;default&#8221; custom_padding=&#8221;1px|||&#8221; global_colors_info=&#8221;{}&#8221; custom_padding__hover=&#8221;|||&#8221;][et_pb_post_title meta=&#8221;off&#8221; featured_image=&#8221;off&#8221; _builder_version=&#8221;4.17.4&#8243; _module_preset=&#8221;default&#8221; title_font=&#8221;|600|||||||&#8221; title_text_color=&#8221;#FFFFFF&#8221; title_font_size=&#8221;67px&#8221; global_colors_info=&#8221;{}&#8221;][\/et_pb_post_title][\/et_pb_column][\/et_pb_row][\/et_pb_section][et_pb_section fb_built=&#8221;1&#8243; _builder_version=&#8221;4.16&#8243; _module_preset=&#8221;default&#8221; custom_padding=&#8221;33px|0px|0px|0px||&#8221; global_colors_info=&#8221;{}&#8221;][et_pb_row column_structure=&#8221;1_4,1_4,1_2&#8243; _builder_version=&#8221;4.17.4&#8243; _module_preset=&#8221;default&#8221; max_width=&#8221;1440px&#8221; custom_margin=&#8221;|||&#8221; animation_style=&#8221;zoom&#8221; use_custom_width=&#8221;on&#8221; custom_width_px=&#8221;1440px&#8221; global_colors_info=&#8221;{}&#8221;][et_pb_column type=&#8221;1_4&#8243; _builder_version=&#8221;4.16&#8243; _module_preset=&#8221;default&#8221; custom_padding=&#8221;|||&#8221; global_colors_info=&#8221;{}&#8221; custom_padding__hover=&#8221;|||&#8221;][et_pb_image src=&#8221;https:\/\/www.monferratoastigiano.it\/wp-content\/uploads\/2022\/07\/Berzano_di_San_Pietro-Stemma.png&#8221; title_text=&#8221;Berzano_di_San_Pietro-Stemma&#8221; _builder_version=&#8221;4.17.4&#8243; _module_preset=&#8221;default&#8221; border_radii=&#8221;on|10px|10px|10px|10px&#8221; border_width_top=&#8221;10px&#8221; border_color_top=&#8221;#015293&#8243; box_shadow_style=&#8221;preset2&#8243; box_shadow_blur=&#8221;54px&#8221; box_shadow_spread=&#8221;17px&#8221; box_shadow_color=&#8221;rgba(0,0,0,0.07)&#8221; global_colors_info=&#8221;{}&#8221;][\/et_pb_image][\/et_pb_column][et_pb_column type=&#8221;1_4&#8243; _builder_version=&#8221;4.17.4&#8243; _module_preset=&#8221;default&#8221; custom_padding=&#8221;|||&#8221; global_colors_info=&#8221;{}&#8221; custom_padding__hover=&#8221;|||&#8221;][et_pb_post_title meta=&#8221;off&#8221; featured_image=&#8221;off&#8221; _builder_version=&#8221;4.17.4&#8243; _module_preset=&#8221;default&#8221; global_colors_info=&#8221;{}&#8221;][\/et_pb_post_title][et_pb_text _builder_version=&#8221;4.17.4&#8243; _module_preset=&#8221;default&#8221; custom_margin=&#8221;|-24px||||&#8221; custom_padding=&#8221;2px|0px||||&#8221; global_colors_info=&#8221;{}&#8221;]<\/p>\n<p>Piazza Municipale, 1<br \/>14020 Berzano di San Pietro (AT)<br \/>Telefono: 011 9920610<br \/>Email: <a href=\"mailto:protocollo@comune.berzanosanpietro.at.it\">protocollo@comune.berzanosanpietro.at.it<\/a><\/p>\n<p>&nbsp;<\/p>\n<p>[\/et_pb_text][et_pb_button button_url=&#8221;https:\/\/www.comune.berzanosanpietro.at.it\/it&#8221; url_new_window=&#8221;on&#8221; button_text=&#8221;SITO DEL COMUNE&#8221; button_alignment=&#8221;left&#8221; _builder_version=&#8221;4.17.4&#8243; _module_preset=&#8221;default&#8221; custom_button=&#8221;on&#8221; button_text_size=&#8221;15px&#8221; button_text_color=&#8221;#FFFFFF&#8221; button_bg_color=&#8221;#015293&#8243; button_border_width=&#8221;0px&#8221; button_border_radius=&#8221;6px&#8221; button_letter_spacing=&#8221;1px&#8221; button_font=&#8221;Lato|700||on|||||&#8221; button_use_icon=&#8221;off&#8221; background_layout=&#8221;dark&#8221; custom_margin=&#8221;|||&#8221; custom_padding=&#8221;12px|30px|12px|30px&#8221; box_shadow_style=&#8221;preset3&#8243; box_shadow_color=&#8221;rgba(60,57,230,0.15)&#8221; button_letter_spacing_hover=&#8221;1px&#8221; locked=&#8221;off&#8221; global_colors_info=&#8221;{}&#8221; button_text_size__hover_enabled=&#8221;off&#8221; button_one_text_size__hover_enabled=&#8221;off&#8221; button_two_text_size__hover_enabled=&#8221;off&#8221; button_text_color__hover_enabled=&#8221;off&#8221; button_one_text_color__hover_enabled=&#8221;off&#8221; button_two_text_color__hover_enabled=&#8221;off&#8221; button_border_width__hover_enabled=&#8221;off&#8221; button_one_border_width__hover_enabled=&#8221;off&#8221; button_two_border_width__hover_enabled=&#8221;off&#8221; button_border_color__hover_enabled=&#8221;off&#8221; button_one_border_color__hover_enabled=&#8221;off&#8221; button_two_border_color__hover_enabled=&#8221;off&#8221; button_border_radius__hover_enabled=&#8221;off&#8221; button_one_border_radius__hover_enabled=&#8221;off&#8221; button_two_border_radius__hover_enabled=&#8221;off&#8221; button_letter_spacing__hover_enabled=&#8221;on&#8221; button_letter_spacing__hover=&#8221;1px&#8221; button_one_letter_spacing__hover_enabled=&#8221;off&#8221; button_two_letter_spacing__hover_enabled=&#8221;off&#8221; button_bg_color__hover_enabled=&#8221;off&#8221; button_one_bg_color__hover_enabled=&#8221;off&#8221; button_two_bg_color__hover_enabled=&#8221;off&#8221;][\/et_pb_button][\/et_pb_column][et_pb_column type=&#8221;1_2&#8243; _builder_version=&#8221;4.17.4&#8243; _module_preset=&#8221;default&#8221; custom_padding=&#8221;|||&#8221; global_colors_info=&#8221;{}&#8221; custom_padding__hover=&#8221;|||&#8221;][et_pb_text _builder_version=&#8221;4.17.4&#8243; _module_preset=&#8221;default&#8221; global_colors_info=&#8221;{}&#8221;]<\/p>\n<p>Berzano di San Pietro \u00e8 un comune italiano di 409 abitanti della provincia di Asti in Piemonte.<\/p>\n<p>La forma originaria del nome \u00e8 Briscianum, derivato da un nome di persona di tipo gallo-romano. Il paese \u00e8 ricordato nei documenti fin dal 1148 e fu posto nel 1226 sotto l&#8217;alto dominio dei marchesi del Monferrato, mentre fu possesso della Canonica di Vezzolano. Pass\u00f2 sotto il dominio sabaudo nel 1631.<\/p>\n<p>[\/et_pb_text][\/et_pb_column][\/et_pb_row][et_pb_row _builder_version=&#8221;4.17.4&#8243; _module_preset=&#8221;default&#8221; global_colors_info=&#8221;{}&#8221;][et_pb_column type=&#8221;4_4&#8243; _builder_version=&#8221;4.17.4&#8243; _module_preset=&#8221;default&#8221; global_colors_info=&#8221;{}&#8221;][et_pb_text _builder_version=&#8221;4.17.4&#8243; _module_preset=&#8221;default&#8221; custom_margin=&#8221;||-8px|||&#8221; custom_padding=&#8221;||19px|||&#8221; global_colors_info=&#8221;{}&#8221;]<\/p>\n<h1 style=\"text-align: center;\">Documenti scaricabili<\/h1>\n<p>[\/et_pb_text][et_pb_code _builder_version=&#8221;4.17.4&#8243; _module_preset=&#8221;default&#8221; global_colors_info=&#8221;{}&#8221;]\r\n\r\n\t\t\t<div class=\"download-attachments\">\r\n\t\r\n\t\t\t<h3 class=\"download-title\">Allegati<\/h3>\t\r\n\r\n\r\n\r\n\t<table class=\"da-attachments-table\">\r\n\r\n\t\t<thead>\r\n\r\n\t\t\t\r\n\t\t\t<th class=\"attachment-title\">File<\/th>\r\n\r\n\t\t\t\t\t\t\t<th class=\"attachment-about\">Descrizione<\/th>\r\n\t\t\t\r\n\t\t\t\r\n\t\t\t\r\n\t\t\t\t\t\t\t<th class=\"attachment-size\">Dimensione del file<\/th>\r\n\t\t\t\r\n\t\t\t\r\n\t\t<\/thead>\r\n\r\n\t\t<tbody>\r\n\r\n\t\t\r\n\t\t\t\r\n\t\t\t<tr class=\"xls\">\r\n\r\n\t\t\t\t\r\n\t\t\t\t<td class=\"attachment-title\">\r\n\r\n\t\t\t\t\t\r\n\t\t\t\t\t\r\n\t\t\t\t\t<a href=\"https:\/\/www.monferratoastigiano.it\/outdoor\/wp-content\/plugins\/download-attachments\/includes\/download.php?id=5109\" title=\"BERZANO-SAN-PIETRO-21.07.2021\" class=\"attachment-link\">BERZANO-SAN-PIETRO-21.07.2021<\/a>\r\n\t\t\t\t\t\r\n\t\t\t\t<\/td>\r\n\r\n\t\t\t\t\t\t\t\t\t<td class=\"attachment-about\">\r\n\t\t\t\t\r\n\t\t\t\t\r\n\t\t\t\t\t\t\t\t\t<span class=\"attachment-description\">Database Informativo composto da pi\u00f9 schede Excel<\/span><br \/>\r\n\t\t\t\t\r\n\t\t\t\t\t\t\t\t\t<\/td>\r\n\t\t\t\t\r\n\t\t\t\t\r\n\t\t\t\t\r\n\t\t\t\t\t\t\t\t\t<td class=\"attachment-size\">664 KB<\/td>\r\n\t\t\t\t\r\n\t\t\t\t\r\n\t\t\t<\/tr>\r\n\r\n\t\t\r\n\t\t\t\r\n\t\t\t<tr class=\"pdf\">\r\n\r\n\t\t\t\t\r\n\t\t\t\t<td class=\"attachment-title\">\r\n\r\n\t\t\t\t\t\r\n\t\t\t\t\t\r\n\t\t\t\t\t<a href=\"https:\/\/www.monferratoastigiano.it\/outdoor\/wp-content\/plugins\/download-attachments\/includes\/download.php?id=6287\" title=\"BERZANO\" class=\"attachment-link\">BERZANO<\/a>\r\n\t\t\t\t\t\r\n\t\t\t\t<\/td>\r\n\r\n\t\t\t\t\t\t\t\t\t<td class=\"attachment-about\">\r\n\t\t\t\t\r\n\t\t\t\t\r\n\t\t\t\t\t\t\t\t\t<span class=\"attachment-description\">Presentazione del Comune<\/span><br \/>\r\n\t\t\t\t\r\n\t\t\t\t\t\t\t\t\t<\/td>\r\n\t\t\t\t\r\n\t\t\t\t\r\n\t\t\t\t\r\n\t\t\t\t\t\t\t\t\t<td class=\"attachment-size\">846 KB<\/td>\r\n\t\t\t\t\r\n\t\t\t\t\r\n\t\t\t<\/tr>\r\n\r\n\t\t\r\n\t\t<\/tbody>\r\n\r\n\t<\/table>\r\n\r\n\r\n\r\n\t<\/div>\r\n[\/et_pb_code][\/et_pb_column][\/et_pb_row][et_pb_row _builder_version=&#8221;4.17.4&#8243; _module_preset=&#8221;default&#8221; background_color=&#8221;#d1d1d1&#8243; custom_margin=&#8221;||||false|false&#8221; custom_padding=&#8221;||0px|||&#8221; border_radii=&#8221;on|7px|7px|7px|7px&#8221; border_color_all=&#8221;#015293&#8243; border_width_top=&#8221;10px&#8221; global_colors_info=&#8221;{}&#8221; theme_builder_area=&#8221;post_content&#8221;][et_pb_column type=&#8221;4_4&#8243; _builder_version=&#8221;4.17.4&#8243; _module_preset=&#8221;default&#8221; global_colors_info=&#8221;{}&#8221; theme_builder_area=&#8221;post_content&#8221;][et_pb_text module_id=&#8221;eventi-principali-dei-comuni&#8221; _builder_version=&#8221;4.17.4&#8243; _module_preset=&#8221;default&#8221; text_font=&#8221;Lato||||||||&#8221; text_text_color=&#8221;#898f99&#8243; text_font_size=&#8221;18px&#8221; text_line_height=&#8221;2em&#8221; header_font=&#8221;||||||||&#8221; header_2_font=&#8221;Lato||||||||&#8221; header_2_font_size=&#8221;30px&#8221; header_2_line_height=&#8221;1.5em&#8221; text_orientation=&#8221;center&#8221; width_tablet=&#8221;&#8221; width_phone=&#8221;80%&#8221; width_last_edited=&#8221;on|phone&#8221; module_alignment=&#8221;center&#8221; locked=&#8221;off&#8221; global_colors_info=&#8221;{}&#8221; theme_builder_area=&#8221;post_content&#8221;]<\/p>\n<div class=\"et_pb_module et_pb_text et_pb_text_4  et_pb_text_align_left et_pb_bg_layout_light\">\n<div class=\"et_pb_text_inner\">\n<h2 style=\"text-align: center;\">Eventi principali del Comune<\/h2>\n<\/div>\n<\/div>\n<div class=\"et_pb_module et_pb_text et_pb_text_5  et_pb_text_align_left et_pb_bg_layout_light\">\n<div class=\"et_pb_text_inner\"><\/div>\n<\/div>\n<p>[\/et_pb_text][et_pb_text _builder_version=&#8221;4.17.4&#8243; _module_preset=&#8221;default&#8221; width_tablet=&#8221;&#8221; width_phone=&#8221;80%&#8221; width_last_edited=&#8221;on|phone&#8221; module_alignment=&#8221;center&#8221; global_colors_info=&#8221;{}&#8221; theme_builder_area=&#8221;post_content&#8221;]<\/p>\n<div class=\"et_pb_module et_pb_text et_pb_text_5  et_pb_text_align_left et_pb_bg_layout_light\">\n<div class=\"et_pb_text_inner\">\n<p style=\"text-align: center;\"><span style=\"color: #000000;\"><strong>Si consiglia di visitare il sito internet del Comune per maggiori informazioni e per la programmazione esatta degli eventi.<\/strong><\/span><\/p>\n<\/div>\n<\/div>\n<div class=\"et_pb_module et_pb_code et_pb_code_1\">\n<div class=\"et_pb_code_inner\"><\/div>\n<\/div>\n<p>[\/et_pb_text][et_pb_blog include_categories=&#8221;330&#8243; show_thumbnail=&#8221;off&#8221; use_manual_excerpt=&#8221;off&#8221; show_author=&#8221;off&#8221; show_date=&#8221;off&#8221; show_categories=&#8221;off&#8221; show_excerpt=&#8221;off&#8221; show_pagination=&#8221;off&#8221; _builder_version=&#8221;4.17.4&#8243; _module_preset=&#8221;default&#8221; header_level=&#8221;h3&#8243; header_font=&#8221;Lato||||||||&#8221; header_text_color=&#8221;#000000&#8243; header_font_size=&#8221;19px&#8221; background_color=&#8221;RGBA(255,255,255,0)&#8221; text_orientation=&#8221;center&#8221; custom_margin=&#8221;||43px||false|false&#8221; custom_padding=&#8221;||||false|false&#8221; hover_enabled=&#8221;0&#8243; global_colors_info=&#8221;{}&#8221; theme_builder_area=&#8221;post_content&#8221; sticky_enabled=&#8221;0&#8243;][\/et_pb_blog][\/et_pb_column][\/et_pb_row][et_pb_row disabled_on=&#8221;off|off|off&#8221; _builder_version=&#8221;4.17.4&#8243; _module_preset=&#8221;default&#8221; global_colors_info=&#8221;{}&#8221; theme_builder_area=&#8221;post_content&#8221;][et_pb_column type=&#8221;4_4&#8243; _builder_version=&#8221;4.17.4&#8243; _module_preset=&#8221;default&#8221; global_colors_info=&#8221;{}&#8221; theme_builder_area=&#8221;post_content&#8221;][et_pb_text _builder_version=&#8221;4.17.4&#8243; _module_preset=&#8221;default&#8221; custom_margin=&#8221;||-8px|||&#8221; custom_padding=&#8221;||0px|||&#8221; global_colors_info=&#8221;{}&#8221; theme_builder_area=&#8221;post_content&#8221;]<\/p>\n<h1 style=\"text-align: center;\">Scopri il territorio circostante e gli itinerari escursionistici regionali<\/h1>\n<p>[\/et_pb_text][et_pb_blog include_categories=&#8221;1,229&#8243; show_more=&#8221;on&#8221; show_author=&#8221;off&#8221; show_date=&#8221;off&#8221; show_categories=&#8221;off&#8221; _builder_version=&#8221;4.17.4&#8243; _module_preset=&#8221;default&#8221; width=&#8221;50%&#8221; module_alignment=&#8221;center&#8221; custom_margin=&#8221;24px||||false|false&#8221; custom_padding=&#8221;||||false|false&#8221; hover_enabled=&#8221;0&#8243; border_color_all_fullwidth=&#8221;#B3B3B3&#8243; global_colors_info=&#8221;{}&#8221; theme_builder_area=&#8221;post_content&#8221; sticky_enabled=&#8221;0&#8243;][\/et_pb_blog][\/et_pb_column][\/et_pb_row][\/et_pb_section]<\/p>\n","protected":false},"excerpt":{"rendered":"<p>Piazza Municipale, 114020 Berzano di San Pietro (AT)Telefono: 011 9920610Email: protocollo@comune.berzanosanpietro.at.it &nbsp;Berzano di San Pietro \u00e8 un comune italiano di 409 abitanti della provincia di Asti in Piemonte. La forma originaria del nome \u00e8 Briscianum, derivato da un nome di persona di tipo gallo-romano. Il paese \u00e8 ricordato nei documenti fin dal 1148 e fu [&hellip;]<\/p>\n","protected":false},"author":1,"featured_media":7698,"comment_status":"closed","ping_status":"open","sticky":false,"template":"","format":"standard","meta":{"_acf_changed":false,"_et_pb_use_builder":"on","_et_pb_old_content":"","_et_gb_content_width":"2880","footnotes":""},"categories":[180,311],"tags":[],"class_list":["post-5242","post","type-post","status-publish","format-standard","has-post-thumbnail","hentry","category-comuni","category-it-dal-po-al-monferrato"],"acf":[],"_links":{"self":[{"href":"https:\/\/www.monferratoastigiano.it\/outdoor\/wp-json\/wp\/v2\/posts\/5242","targetHints":{"allow":["GET"]}}],"collection":[{"href":"https:\/\/www.monferratoastigiano.it\/outdoor\/wp-json\/wp\/v2\/posts"}],"about":[{"href":"https:\/\/www.monferratoastigiano.it\/outdoor\/wp-json\/wp\/v2\/types\/post"}],"author":[{"embeddable":true,"href":"https:\/\/www.monferratoastigiano.it\/outdoor\/wp-json\/wp\/v2\/users\/1"}],"replies":[{"embeddable":true,"href":"https:\/\/www.monferratoastigiano.it\/outdoor\/wp-json\/wp\/v2\/comments?post=5242"}],"version-history":[{"count":5,"href":"https:\/\/www.monferratoastigiano.it\/outdoor\/wp-json\/wp\/v2\/posts\/5242\/revisions"}],"predecessor-version":[{"id":9547,"href":"https:\/\/www.monferratoastigiano.it\/outdoor\/wp-json\/wp\/v2\/posts\/5242\/revisions\/9547"}],"wp:featuredmedia":[{"embeddable":true,"href":"https:\/\/www.monferratoastigiano.it\/outdoor\/wp-json\/wp\/v2\/media\/7698"}],"wp:attachment":[{"href":"https:\/\/www.monferratoastigiano.it\/outdoor\/wp-json\/wp\/v2\/media?parent=5242"}],"wp:term":[{"taxonomy":"category","embeddable":true,"href":"https:\/\/www.monferratoastigiano.it\/outdoor\/wp-json\/wp\/v2\/categories?post=5242"},{"taxonomy":"post_tag","embeddable":true,"href":"https:\/\/www.monferratoastigiano.it\/outdoor\/wp-json\/wp\/v2\/tags?post=5242"}],"curies":[{"name":"wp","href":"https:\/\/api.w.org\/{rel}","templated":true}]}}