{"id":7839,"date":"2023-09-07T18:31:08","date_gmt":"2023-09-07T16:31:08","guid":{"rendered":"https:\/\/www.monferratoastigiano.it\/?page_id=7839"},"modified":"2024-11-04T15:41:04","modified_gmt":"2024-11-04T14:41:04","slug":"itinerario-via-dellacqua","status":"publish","type":"post","link":"https:\/\/www.monferratoastigiano.it\/outdoor\/itinerario-via-dellacqua\/","title":{"rendered":"Itinerario Via Dell&#8217;Acqua"},"content":{"rendered":"<p>[et_pb_section fb_built=&#8221;1&#8243; fullwidth=&#8221;on&#8221; _builder_version=&#8221;4.17.4&#8243; _module_preset=&#8221;default&#8221; global_colors_info=&#8221;{}&#8221;][et_pb_fullwidth_image src=&#8221;https:\/\/www.monferratoastigiano.it\/wp-content\/uploads\/2023\/05\/Itinerario-Via-dell-Acqua.jpg&#8221; title_text=&#8221;Itinerario-Via-dell-Acqua&#8221; _builder_version=&#8221;4.17.4&#8243; _module_preset=&#8221;default&#8221; global_colors_info=&#8221;{}&#8221;][\/et_pb_fullwidth_image][\/et_pb_section][et_pb_section fb_built=&#8221;1&#8243; _builder_version=&#8221;4.17.4&#8243; _module_preset=&#8221;default&#8221; custom_padding=&#8221;19px||28px|||&#8221; global_colors_info=&#8221;{}&#8221;][et_pb_row _builder_version=&#8221;4.17.4&#8243; _module_preset=&#8221;default&#8221; global_colors_info=&#8221;{}&#8221;][et_pb_column type=&#8221;4_4&#8243; _builder_version=&#8221;4.17.4&#8243; _module_preset=&#8221;default&#8221; global_colors_info=&#8221;{}&#8221;][et_pb_text _builder_version=&#8221;4.17.4&#8243; _module_preset=&#8221;default&#8221; text_font=&#8221;Lato||||||||&#8221; text_text_color=&#8221;#898f99&#8243; text_font_size=&#8221;18px&#8221; text_line_height=&#8221;2em&#8221; header_font=&#8221;||||||||&#8221; header_2_font=&#8221;Lato|700|||||||&#8221; header_2_font_size=&#8221;42px&#8221; header_2_line_height=&#8221;1.5em&#8221; text_orientation=&#8221;center&#8221; module_alignment=&#8221;center&#8221; locked=&#8221;off&#8221; global_colors_info=&#8221;{}&#8221;]<\/p>\n<h2>ITINERARIO VIA DELL&#8217;ACQUA<\/h2>\n<p>[\/et_pb_text][\/et_pb_column][\/et_pb_row][et_pb_row use_custom_gutter=&#8221;on&#8221; gutter_width=&#8221;1&#8243; _builder_version=&#8221;4.17.4&#8243; _module_preset=&#8221;default&#8221; z_index=&#8221;120&#8243; width=&#8221;100%&#8221; max_width=&#8221;1320px&#8221; module_alignment=&#8221;center&#8221; custom_margin=&#8221;||||false|false&#8221; custom_padding=&#8221;0px||0px||false|false&#8221; global_colors_info=&#8221;{}&#8221;][et_pb_column type=&#8221;4_4&#8243; _builder_version=&#8221;4.17.4&#8243; _module_preset=&#8221;default&#8221; global_colors_info=&#8221;{}&#8221;][et_pb_menu menu_id=&#8221;305&#8243; menu_style=&#8221;centered&#8221; active_link_color=&#8221;#000000&#8243; _builder_version=&#8221;4.17.4&#8243; _module_preset=&#8221;default&#8221; menu_font=&#8221;|700|||||||&#8221; module_alignment=&#8221;center&#8221; global_colors_info=&#8221;{}&#8221;][\/et_pb_menu][\/et_pb_column][\/et_pb_row][\/et_pb_section][et_pb_section fb_built=&#8221;1&#8243; fullwidth=&#8221;on&#8221; _builder_version=&#8221;4.17.4&#8243; _module_preset=&#8221;default&#8221; global_colors_info=&#8221;{}&#8221;][et_pb_fullwidth_code _builder_version=&#8221;4.17.4&#8243; _module_preset=&#8221;default&#8221; global_colors_info=&#8221;{}&#8221;]<iframe width=\"100%\" height=\"850px\" frameborder=\"0\" allowfullscreen allow=\"geolocation\" src=\"\/\/umap.openstreetmap.fr\/it\/map\/3-via-dellacqua_850984?scaleControl=false&#038;miniMap=false&#038;scrollWheelZoom=false&#038;zoomControl=true&#038;allowEdit=false&#038;moreControl=true&#038;searchControl=null&#038;tilelayersControl=null&#038;embedControl=null&#038;datalayersControl=true&#038;onLoadPanel=undefined&#038;captionBar=false&#038;captionMenus=true\"><\/iframe><pee><a href=\"\/\/umap.openstreetmap.fr\/it\/map\/3-via-dellacqua_850984?scaleControl=false&#038;miniMap=false&#038;scrollWheelZoom=true&#038;zoomControl=true&#038;allowEdit=false&#038;moreControl=true&#038;searchControl=null&#038;tilelayersControl=null&#038;embedControl=null&#038;datalayersControl=true&#038;onLoadPanel=undefined&#038;captionBar=false&#038;captionMenus=true\">Visualizza a schermo intero<\/a><\/pee>[\/et_pb_fullwidth_code][\/et_pb_section][et_pb_section fb_built=&#8221;1&#8243; _builder_version=&#8221;4.17.4&#8243; _module_preset=&#8221;default&#8221; custom_padding=&#8221;15px||0px|||&#8221; global_colors_info=&#8221;{}&#8221;][et_pb_row disabled_on=&#8221;on|off|off&#8221; _builder_version=&#8221;4.17.4&#8243; _module_preset=&#8221;default&#8221; global_colors_info=&#8221;{}&#8221;][et_pb_column type=&#8221;4_4&#8243; _builder_version=&#8221;4.17.4&#8243; _module_preset=&#8221;default&#8221; global_colors_info=&#8221;{}&#8221;][et_pb_text _builder_version=&#8221;4.17.4&#8243; _module_preset=&#8221;default&#8221; text_font=&#8221;Lato||||||||&#8221; text_text_color=&#8221;#898f99&#8243; text_font_size=&#8221;18px&#8221; text_line_height=&#8221;2em&#8221; header_font=&#8221;||||||||&#8221; header_2_font=&#8221;Lato|700|||||||&#8221; header_2_font_size=&#8221;42px&#8221; header_2_line_height=&#8221;1.5em&#8221; text_orientation=&#8221;center&#8221; module_alignment=&#8221;center&#8221; custom_margin=&#8221;||-1px|||&#8221; locked=&#8221;off&#8221; global_colors_info=&#8221;{}&#8221;]<\/p>\n<h3><strong>Legenda<\/strong><\/h3>\n<p>[\/et_pb_text][et_pb_image src=&#8221;https:\/\/www.monferratoastigiano.it\/wp-content\/uploads\/2023\/02\/Legenda-Icone-Pagine-Itinerario-2.jpg&#8221; title_text=&#8221;Legenda-Icone-Pagine-Itinerario-2&#8243; src_tablet=&#8221;https:\/\/www.monferratoastigiano.it\/wp-content\/uploads\/2023\/02\/Legenda-Icone-Pagine-Itinerario-2.jpg&#8221; src_phone=&#8221;https:\/\/www.monferratoastigiano.it\/wp-content\/uploads\/2023\/02\/Legenda-Icone-Pagine-Itinerario-2.jpg&#8221; src_last_edited=&#8221;on|desktop&#8221; _builder_version=&#8221;4.17.4&#8243; _module_preset=&#8221;default&#8221; width=&#8221;100%&#8221; module_alignment=&#8221;center&#8221; global_colors_info=&#8221;{}&#8221;][\/et_pb_image][\/et_pb_column][\/et_pb_row][\/et_pb_section][et_pb_section fb_built=&#8221;1&#8243; specialty=&#8221;on&#8221; _builder_version=&#8221;4.17.4&#8243; _module_preset=&#8221;default&#8221; custom_padding=&#8221;4px|||||&#8221; global_colors_info=&#8221;{}&#8221;][et_pb_column type=&#8221;1_2&#8243; _builder_version=&#8221;4.16&#8243; custom_padding=&#8221;|||&#8221; global_colors_info=&#8221;{}&#8221; custom_padding__hover=&#8221;|||&#8221;][et_pb_text _builder_version=&#8221;4.17.4&#8243; _module_preset=&#8221;default&#8221; text_font=&#8221;Lato||||||||&#8221; text_text_color=&#8221;#000000&#8243; text_font_size=&#8221;15px&#8221; header_font=&#8221;||||||||&#8221; header_2_font=&#8221;Lato|700|||||||&#8221; header_2_font_size=&#8221;42px&#8221; header_2_line_height=&#8221;1.5em&#8221; text_orientation=&#8221;center&#8221; module_alignment=&#8221;center&#8221; locked=&#8221;off&#8221; global_colors_info=&#8221;{}&#8221;]<\/p>\n<p style=\"text-align: justify;\"><span style=\"font-weight: 400;\">La <\/span><b>Via dell&#8217;Acqua<\/b><span style=\"font-weight: 400;\"> si snoda come un lungo itinerario che attraversa i territori di <\/span><b>7 Comuni<\/b><span style=\"font-weight: 400;\">: <\/span><b>Tigliole<\/b><span style=\"font-weight: 400;\">, toccato anche dalla<\/span><b> \u201c<\/b><span style=\"font-weight: 400;\">Via dei Santi<\/span><b>\u201d, Cantarana, Valfenera, Cellarengo, Villanova\u00a0 d\u2019Asti, Ferrere <\/b><span style=\"font-weight: 400;\">e<\/span><b> San Paolo Solbrito<\/b><span style=\"font-weight: 400;\">, questi ultimi due inseriti anche nella cosiddetta \u201cVia dei Briganti\u201d.\u00a0<\/span><\/p>\n<p style=\"text-align: justify;\"><span style=\"font-weight: 400;\">La zona interessata dal tracciato si espande lungo il primo tratto della direttrice Asti \u2013 Torino, nel <\/span><i><span style=\"font-weight: 400;\">Pianalto Astigiano<\/span><\/i><span style=\"font-weight: 400;\">, e scende parzialmente nelle <\/span><i><span style=\"font-weight: 400;\">Terre Alfieri,<\/span><\/i><span style=\"font-weight: 400;\"> in direzione del <\/span><i><span style=\"font-weight: 400;\">Roero<\/span><\/i><span style=\"font-weight: 400;\">, in corrispondenza di <\/span><b>Ferrere<\/b><span style=\"font-weight: 400;\"> e <\/span><b>Cellarengo<\/b><span style=\"font-weight: 400;\">.\u00a0<\/span><\/p>\n<p style=\"text-align: justify;\"><span style=\"font-weight: 400;\">Come suggerisce il nome stesso, l\u2019area \u00e8 storicamente nota per l\u2019abbondante presenza di <\/span><i><span style=\"font-weight: 400;\">acqua<\/span><\/i><span style=\"font-weight: 400;\">: <\/span><i><span style=\"font-weight: 400;\">laghetti <\/span><\/i><span style=\"font-weight: 400;\">di origine naturale e piccoli <\/span><i><span style=\"font-weight: 400;\">bacini artificiali<\/span><\/i><span style=\"font-weight: 400;\">, utilizzati oggi come in passato per l\u2019irrigazione dei campi e negli allevamenti di bestiame.\u00a0<\/span><\/p>\n<p style=\"text-align: justify;\"><b>Cantarana<\/b><span style=\"font-weight: 400;\">, che richiama gi\u00e0 nel toponimo il gracidare delle rane, ne \u00e8 un perfetto esempio: il suo territorio fu interessato nel <\/span><i><span style=\"font-weight: 400;\">Cinquecento<\/span><\/i><span style=\"font-weight: 400;\"> da una piccola <\/span><i><span style=\"font-weight: 400;\">glaciazione <\/span><\/i><span style=\"font-weight: 400;\">tardiva, che port\u00f2 alla formazione di un\u2019ampia zona paludosa, divenuta nel tempo habitat ideale della pregiata <\/span><i><span style=\"font-weight: 400;\">Tinca Gobba Dorata del Pianalto. <\/span><\/i><span style=\"font-weight: 400;\">Un prodotto speciale, che <\/span><b>Cantarana<\/b><span style=\"font-weight: 400;\"> condivide con le \u201cvicine di casa\u201d <\/span><b>Valfenera<\/b><span style=\"font-weight: 400;\"> e <\/span><b>Cellarengo<\/b><span style=\"font-weight: 400;\">. Restando in tema culinario, anche il borgo di <\/span><b>Ferrere<\/b><span style=\"font-weight: 400;\"> vanta alcune eccellenze, in particolare il <\/span><i><span style=\"font-weight: 400;\">miele<\/span><\/i><span style=\"font-weight: 400;\"> e il <\/span><i><span style=\"font-weight: 400;\">Salame Cotto,<\/span><\/i><span style=\"font-weight: 400;\"> tipico del Piemonte e soprattutto del Monferrato. Segue a ruota <\/span><b>Villanova d\u2019Asti<\/b><span style=\"font-weight: 400;\">, con la sua pregiata <\/span><i><span style=\"font-weight: 400;\">Gallina Bionda<\/span><\/i><span style=\"font-weight: 400;\">, cos\u00ec chiamata per il colore dorato del piumaggio, dalle carni tenere e molto saporite.\u00a0<\/span><\/p>\n<p style=\"text-align: justify;\"><span style=\"font-weight: 400;\">Un territorio che cela attrattive \u201cdi nicchia\u201d non solo dal punto di vista gastronomico, ma anche architettonico e ambientale.\u00a0<\/span><\/p>\n<p style=\"text-align: justify;\"><span style=\"font-weight: 400;\">Durante il percorso, l\u2019escursionista potr\u00e0 imbattersi nella <\/span><i><span style=\"font-weight: 400;\">pieve romanica<\/span><\/i><span style=\"font-weight: 400;\"> di <\/span><b>Tigliole<\/b><span style=\"font-weight: 400;\">, dedicata S. Lorenzo, circondata dai vigneti. A <\/span><b>San Paolo Solbrito, Ferrere <\/b><span style=\"font-weight: 400;\">e <\/span><b>Valfenera <\/b><span style=\"font-weight: 400;\">ci saranno ad attenderlo i rispettivi tre castelli: i primi due, dalle forme ancora medievali; il terzo, ampliato e rinnovato in stile neogotico. <\/span><b>\u00a0<\/b><\/p>\n<p style=\"text-align: justify;\"><span style=\"font-weight: 400;\">A <\/span><b>Cellarengo <\/b><span style=\"font-weight: 400;\">si ritrover\u00e0 ad attraversare un\u2019<\/span><i><span style=\"font-weight: 400;\">area naturale protetta<\/span><\/i><span style=\"font-weight: 400;\">, dove crescono alberi spontanei di notevoli dimensioni, tra cui querce, carpini e pini silvestri. Una zona boschiva di <\/span><i><span style=\"font-weight: 400;\">circa 10 ettari<\/span><\/i><span style=\"font-weight: 400;\">, di alto interesse ambientale e botanico, soprattutto per la presenza del <\/span><i><span style=\"font-weight: 400;\">faggio<\/span><\/i><span style=\"font-weight: 400;\">, piuttosto raro sul territorio astigiano.\u00a0<\/span><\/p>\n<p style=\"text-align: justify;\"><span style=\"font-weight: 400;\">Un percorso che offre quindi al camminatore un assaggio autentico del Monferrato, dove convivono, sopravvissute a un lontano passato, aree naturalistiche di notevole interesse, testimonianze artistiche di pregio e prodotti agroalimentari peculiari, fortemente rappresentativi dei luoghi.<\/span><\/p>\n<p>[\/et_pb_text][\/et_pb_column][et_pb_column type=&#8221;1_2&#8243; specialty_columns=&#8221;2&#8243; _builder_version=&#8221;4.16&#8243; custom_padding=&#8221;|||&#8221; global_colors_info=&#8221;{}&#8221; custom_padding__hover=&#8221;|||&#8221;][et_pb_row_inner _builder_version=&#8221;4.17.4&#8243; _module_preset=&#8221;default&#8221; global_colors_info=&#8221;{}&#8221;][et_pb_column_inner saved_specialty_column_type=&#8221;1_2&#8243; _builder_version=&#8221;4.17.4&#8243; _module_preset=&#8221;default&#8221; global_colors_info=&#8221;{}&#8221;][et_pb_cta title=&#8221;Scopri l&#8217;itinerario escursionistico&#8221; button_url=&#8221;https:\/\/www.piemonteoutdoor.it\/it\/attivita\/escursionismo\/dellacqua&#8221; url_new_window=&#8221;on&#8221; button_text=&#8221;Scopri di pi\u00f9&#8221; _builder_version=&#8221;4.17.4&#8243; _module_preset=&#8221;default&#8221; header_text_color=&#8221;#000000&#8243; body_text_color=&#8221;#000000&#8243; background_color=&#8221;#d1d1d1&#8243; custom_button=&#8221;on&#8221; button_text_size=&#8221;14px&#8221; button_text_color=&#8221;#000000&#8243; link_option_url_new_window=&#8221;on&#8221; border_radii=&#8221;on|7px|7px|7px|7px&#8221; border_color_all=&#8221;#80d100&#8243; border_width_top=&#8221;10px&#8221; global_colors_info=&#8221;{}&#8221;]<\/p>\n<p>L&#8217;itinerario Via dell&#8217;Acqua \u00e8 composto da 6 tappe, incluse le varianti, i cui dati sono visibili sul portale Piemonte Outdoor.<\/p>\n<p><a href=\"https:\/\/www.piemonteoutdoor.it\/it\/attivita\/escursionismo\/dellacqua\" target=\"_blank\" rel=\"noopener\"><img decoding=\"async\" src=\"https:\/\/www.monferratoastigiano.it\/wp-content\/uploads\/2022\/09\/logo_piemonte_outdoor-300x55.png\" alt=\"\" class=\"wp-image-6124 alignnone size-medium\" width=\"300\" height=\"55\" \/><\/a><\/p>\n<p style=\"text-align: left;\"><a href=\"https:\/\/www.piemonteoutdoor.it\/it\/attivita\/escursionismo\/dellacqua-tappa-1-tigliole-fraz-san-carlo-valfenera\" target=\"_blank\" rel=\"noopener\">Via dell&#8217;Acqua: Tappa 1 Tigliole Fraz. San Carlo &#8211; Valfenera<\/a><br \/><a href=\"https:\/\/www.piemonteoutdoor.it\/it\/attivita\/escursionismo\/dellacquatappa-1a-bivio-tappa-1-cantarana\" target=\"_blank\" rel=\"noopener\">Via dell&#8217;Acqua:Tappa 1A Bivio Tappa 1 &#8211; Cantarana<\/a><br \/><a href=\"https:\/\/www.piemonteoutdoor.it\/it\/attivita\/escursionismo\/dellacqua-tappa-2-valfenera-villanova-dasti\" target=\"_blank\" rel=\"noopener\">Via dell&#8217;Acqua: Tappa 2 Valfenera &#8211; Villanova d&#8217;Asti<\/a><br \/><a href=\"https:\/\/www.piemonteoutdoor.it\/it\/attivita\/escursionismo\/dellacqua-tappa-2a-valfenera-villanova-dasti\" target=\"_blank\" rel=\"noopener\">Via dell&#8217;Acqua: Tappa 2A Valfenera &#8211; Villanova d&#8217;Asti<\/a><br \/><a href=\"https:\/\/www.piemonteoutdoor.it\/it\/attivita\/escursionismo\/dellacqua-tappa-3-villanova-dasti-san-paolo-solbrito\" target=\"_blank\" rel=\"noopener\">Via dell&#8217;Acqua: Tappa 3 Villanova d&#8217;Asti &#8211; San Paolo Solbrito<\/a><br \/><a href=\"https:\/\/www.piemonteoutdoor.it\/it\/attivita\/escursionismo\/dellacqua-tappa-3a-villanova-dasti-stazione-ferrroviaria-frazione-savi\" target=\"_blank\" rel=\"noopener\">Via dell&#8217;Acqua: Tappa 3A Villanova d&#8217;Asti Stazione ferroviaria &#8211; Frazione Savi<\/a><\/p>\n<table style=\"width: 100%; border-color: #d1d1d1; border-top: 2px solid #d1d1d1; border-collapse: collapse; margin-left: auto; margin-right: auto;\" border=\"0\">\n<tbody>\n<tr>\n<td style=\"width: 50%; text-align: center;\"><img decoding=\"async\" src=\"https:\/\/www.monferratoastigiano.it\/wp-content\/uploads\/2022\/09\/tappe-it-.png\" alt=\"\" class=\"wp-image-6236 alignnone size-full\" style=\"display: block; margin-left: auto; margin-right: auto;\" width=\"80\" height=\"80\" \/>Numero di tappe<br \/>(con varianti)<br \/><strong>6<\/strong><\/td>\n<td style=\"width: 50%; text-align: center;\"><img decoding=\"async\" src=\"https:\/\/www.monferratoastigiano.it\/wp-content\/uploads\/2022\/09\/lungh-percorso-it.png\" alt=\"\" class=\"wp-image-6235 alignnone size-full\" style=\"display: block; margin-left: auto; margin-right: auto;\" width=\"80\" height=\"80\" \/>Lunghezza<br \/>totale<br \/><strong>46,00 km<\/strong><\/td>\n<\/tr>\n<\/tbody>\n<\/table>\n<p>[\/et_pb_cta][\/et_pb_column_inner][\/et_pb_row_inner][et_pb_row_inner _builder_version=&#8221;4.17.4&#8243; _module_preset=&#8221;default&#8221; background_color=&#8221;#d1d1d1&#8243; custom_padding=&#8221;|20px||20px|false|false&#8221; border_radii=&#8221;on|10px|10px|10px|10px&#8221; border_width_top=&#8221;10px&#8221; border_color_top=&#8221;#80d100&#8243; global_colors_info=&#8221;{}&#8221;][et_pb_column_inner saved_specialty_column_type=&#8221;1_2&#8243; _builder_version=&#8221;4.17.4&#8243; _module_preset=&#8221;default&#8221; global_colors_info=&#8221;{}&#8221;][et_pb_text _builder_version=&#8221;4.17.4&#8243; _module_preset=&#8221;default&#8221; text_text_color=&#8221;#000000&#8243; header_text_align=&#8221;center&#8221; header_text_color=&#8221;#000000&#8243; header_2_text_color=&#8221;#000000&#8243; header_3_text_align=&#8221;center&#8221; header_3_text_color=&#8221;#000000&#8243; header_4_text_align=&#8221;center&#8221; header_4_text_color=&#8221;#000000&#8243; header_5_text_color=&#8221;#000000&#8243; header_6_text_color=&#8221;#000000&#8243; global_colors_info=&#8221;{}&#8221;]<\/p>\n<h3>Microaree interessate<\/h3>\n<ul>\n<li>N. 3 &#8211; Dalla Piana alle Colline<\/li>\n<li>N. 6 &#8211; Vigne e noccioleti sulla Val Triversa<\/li>\n<\/ul>\n<p>[\/et_pb_text][\/et_pb_column_inner][\/et_pb_row_inner][\/et_pb_column][\/et_pb_section][et_pb_section fb_built=&#8221;1&#8243; _builder_version=&#8221;4.17.4&#8243; _module_preset=&#8221;default&#8221; global_colors_info=&#8221;{}&#8221;][et_pb_row module_id=&#8221;comuni&#8221; _builder_version=&#8221;4.17.4&#8243; _module_preset=&#8221;default&#8221; global_colors_info=&#8221;{}&#8221;][et_pb_column type=&#8221;4_4&#8243; _builder_version=&#8221;4.17.4&#8243; _module_preset=&#8221;default&#8221; global_colors_info=&#8221;{}&#8221;][et_pb_text _builder_version=&#8221;4.17.4&#8243; _module_preset=&#8221;default&#8221; text_font=&#8221;Lato||||||||&#8221; text_text_color=&#8221;#898f99&#8243; text_font_size=&#8221;18px&#8221; text_line_height=&#8221;2em&#8221; header_font=&#8221;||||||||&#8221; header_2_font=&#8221;Lato|700|||||||&#8221; header_2_font_size=&#8221;42px&#8221; header_2_line_height=&#8221;1.5em&#8221; text_orientation=&#8221;center&#8221; module_alignment=&#8221;center&#8221; locked=&#8221;off&#8221; global_colors_info=&#8221;{}&#8221;]<\/p>\n<h2>Comuni interessati dall&#8217;itinerario<\/h2>\n<p>[\/et_pb_text][et_pb_text _builder_version=&#8221;4.17.4&#8243; _module_preset=&#8221;default&#8221; global_colors_info=&#8221;{}&#8221;]<\/p>\n<h4>Si segnala che i centri storici di Tigliole e Ferrere non vengono direttamente attraversati dall\u2019Itinerario di Piemonte Outdoor ma vengono inseriti nella descrizione che segue in qualit\u00e0 di tappe aggiuntive consigliate in quanto situati nelle strette vicinanze del Percorso stesso e perch\u00e9 caratterizzati entrambi da punti panoramici suggestivi e da importanti valenze architettoniche.<\/h4>\n<p>[\/et_pb_text][\/et_pb_column][\/et_pb_row][et_pb_row _builder_version=&#8221;4.17.4&#8243; _module_preset=&#8221;default&#8221; custom_padding=&#8221;3px|||||&#8221; global_colors_info=&#8221;{}&#8221;][et_pb_column type=&#8221;4_4&#8243; _builder_version=&#8221;4.17.4&#8243; _module_preset=&#8221;default&#8221; global_colors_info=&#8221;{}&#8221;][et_pb_blog fullwidth=&#8221;off&#8221; posts_number=&#8221;20&#8243; include_categories=&#8221;308&#8243; use_manual_excerpt=&#8221;off&#8221; show_author=&#8221;off&#8221; show_date=&#8221;off&#8221; show_categories=&#8221;off&#8221; show_excerpt=&#8221;off&#8221; show_pagination=&#8221;off&#8221; module_class=&#8221;Elenco-Comuni-itinerario&#8221; _builder_version=&#8221;4.17.4&#8243; _module_preset=&#8221;default&#8221; width=&#8221;100%&#8221; custom_margin=&#8221;0px||||false|false&#8221; custom_padding=&#8221;0px||||false|false&#8221; border_radii=&#8221;on|6px|6px|6px|6px&#8221; border_width_all=&#8221;0px&#8221; border_width_top=&#8221;5px&#8221; border_color_top=&#8221;#80d100&#8243; border_color_top_image=&#8221;rgba(255,255,255,0)&#8221; box_shadow_style=&#8221;preset1&#8243; box_shadow_horizontal=&#8221;-3px&#8221; box_shadow_vertical=&#8221;0px&#8221; box_shadow_blur=&#8221;17px&#8221; box_shadow_spread=&#8221;-5px&#8221; global_colors_info=&#8221;{}&#8221;][\/et_pb_blog][\/et_pb_column][\/et_pb_row][\/et_pb_section][et_pb_section fb_built=&#8221;1&#8243; _builder_version=&#8221;4.17.4&#8243; _module_preset=&#8221;default&#8221; global_colors_info=&#8221;{}&#8221;][et_pb_row module_id=&#8221;approfondimenti-sul-territorio&#8221; _builder_version=&#8221;4.17.4&#8243; _module_preset=&#8221;default&#8221; global_colors_info=&#8221;{}&#8221;][et_pb_column type=&#8221;4_4&#8243; _builder_version=&#8221;4.17.4&#8243; _module_preset=&#8221;default&#8221; global_colors_info=&#8221;{}&#8221;][et_pb_text _builder_version=&#8221;4.17.4&#8243; _module_preset=&#8221;default&#8221; text_font=&#8221;Lato||||||||&#8221; text_text_color=&#8221;#898f99&#8243; text_font_size=&#8221;18px&#8221; text_line_height=&#8221;2em&#8221; header_font=&#8221;||||||||&#8221; header_2_font=&#8221;Lato|700|||||||&#8221; header_2_font_size=&#8221;42px&#8221; header_2_line_height=&#8221;1.5em&#8221; text_orientation=&#8221;center&#8221; module_alignment=&#8221;center&#8221; locked=&#8221;off&#8221; global_colors_info=&#8221;{}&#8221;]<\/p>\n<h2>Approfondimenti sul territorio<\/h2>\n<p>[\/et_pb_text][\/et_pb_column][\/et_pb_row][et_pb_row column_structure=&#8221;1_4,3_4&#8243; _builder_version=&#8221;4.17.4&#8243; _module_preset=&#8221;default&#8221; background_color=&#8221;rgba(0,0,0,0.08)&#8221; width=&#8221;86%&#8221; max_width=&#8221;1435px&#8221; custom_margin=&#8221;0px|auto|30px|auto|false|false&#8221; custom_padding=&#8221;|30px||30px|false|false&#8221; border_radii=&#8221;on|10px|10px|10px|10px&#8221; global_colors_info=&#8221;{}&#8221;][et_pb_column type=&#8221;1_4&#8243; _builder_version=&#8221;4.17.4&#8243; _module_preset=&#8221;default&#8221; global_colors_info=&#8221;{}&#8221;][et_pb_blurb title=&#8221;CENNI STORICI&#8221; use_icon=&#8221;on&#8221; font_icon=&#8221;&#xf557;||fa||900&#8243; icon_color=&#8221;#FFFFFF&#8221; image_icon_background_color=&#8221;#80d100&#8243; image_icon_width=&#8221;40px&#8221; _builder_version=&#8221;4.17.4&#8243; _module_preset=&#8221;default&#8221; header_font=&#8221;Lato|900||on|||||&#8221; header_font_size=&#8221;15px&#8221; header_letter_spacing=&#8221;1px&#8221; header_line_height=&#8221;1.4em&#8221; body_font=&#8221;Lato||||||||&#8221; body_text_color=&#8221;#898f99&#8243; body_font_size=&#8221;16px&#8221; body_line_height=&#8221;1.6em&#8221; background_color=&#8221;#ffffff&#8221; image_icon_custom_padding=&#8221;25px|25px|25px|25px|false|false&#8221; text_orientation=&#8221;center&#8221; custom_margin=&#8221;|||&#8221; custom_padding=&#8221;60px|40px|60px|40px|false|false&#8221; animation=&#8221;off&#8221; border_radii=&#8221;on|10px|10px|10px|10px&#8221; border_color_all=&#8221;#80d100&#8243; border_width_top=&#8221;10px&#8221; border_radii_image=&#8221;on|100%|100%|100%|100%&#8221; box_shadow_style=&#8221;preset2&#8243; box_shadow_horizontal=&#8221;0px&#8221; box_shadow_blur=&#8221;54px&#8221; box_shadow_spread=&#8221;17px&#8221; box_shadow_color=&#8221;rgba(0,0,0,0.04)&#8221; icon_font_size=&#8221;40px&#8221; use_circle=&#8221;on&#8221; circle_color=&#8221;#3c39e6&#8243; global_colors_info=&#8221;{}&#8221; image_icon_background_color__sticky_enabled=&#8221;#7EBEC5&#8243; image_icon_background_color__sticky=&#8221;#7EBEC5&#8243;][\/et_pb_blurb][et_pb_gallery gallery_ids=&#8221;7846,7845&#8243; fullwidth=&#8221;on&#8221; _builder_version=&#8221;4.17.4&#8243; _module_preset=&#8221;default&#8221; border_radii=&#8221;on|10px|10px|10px|10px&#8221; border_width_top=&#8221;10px&#8221; border_color_top=&#8221;#80d100&#8243; global_colors_info=&#8221;{}&#8221;][\/et_pb_gallery][\/et_pb_column][et_pb_column type=&#8221;3_4&#8243; _builder_version=&#8221;4.17.4&#8243; _module_preset=&#8221;default&#8221; global_colors_info=&#8221;{}&#8221;][et_pb_toggle title=&#8221;Il Medioevo sulla Via dell\u2019Acqua: storie di fortezze, ricetti e castelli fantasma&#8221; open_toggle_text_color=&#8221;#000000&#8243; _builder_version=&#8221;4.17.4&#8243; _module_preset=&#8221;default&#8221; title_text_color=&#8221;#000000&#8243; body_text_color=&#8221;#000000&#8243; custom_margin=&#8221;||6px||false|false&#8221; border_radii=&#8221;on|10px|10px|10px|10px&#8221; border_width_top=&#8221;10px&#8221; border_color_top=&#8221;#80d100&#8243; global_colors_info=&#8221;{}&#8221;]<\/p>\n<p style=\"text-align: justify;\"><span style=\"font-weight: 400;\">La storia di queste comunit\u00e0 ci riporta indietro nel tempo di oltre <\/span><i><span style=\"font-weight: 400;\">2000 anni<\/span><\/i><span style=\"font-weight: 400;\">, quando, con l\u2019arrivo dei <\/span><i><span style=\"font-weight: 400;\">Romani<\/span><\/i><span style=\"font-weight: 400;\">, nacquero i primi insediamenti di <\/span><b>Valfenera, <\/b><span style=\"font-weight: 400;\">di<\/span><b> San Paolo <\/b><span style=\"font-weight: 400;\">e di<\/span><b> Solbrito<\/b><span style=\"font-weight: 400;\">, questi ultimi due<\/span> <span style=\"font-weight: 400;\">situati nelle strette vicinanze della <\/span><i><span style=\"font-weight: 400;\">Via Fulvia<\/span><\/i><span style=\"font-weight: 400;\">, la grande arteria commerciale costruita proprio in epoca romana per collegare Tortona e Pollenzo, passando per Asti.<\/span> <span style=\"font-weight: 400;\">Una terra ancora \u201cselvaggia\u201d, ricoperta da boschi di rovi e tigli, come ricorda il nome di <\/span><b>Tigliole<\/b><span style=\"font-weight: 400;\">, difficile da occupare e controllare.\u00a0<\/span><\/p>\n<p style=\"text-align: justify;\"><span style=\"font-weight: 400;\">Ma \u00e8 nell\u2019<\/span><i><span style=\"font-weight: 400;\">Alto Medioevo<\/span><\/i><span style=\"font-weight: 400;\">, con l\u2019arrivo dei Barbari e poi del feudalesimo,<\/span> <span style=\"font-weight: 400;\">che si delinea l\u2019assetto territoriale attuale, attraverso la fondazione dei cosiddetti <\/span><i><span style=\"font-weight: 400;\">borghi di sommit\u00e0<\/span><\/i><span style=\"font-weight: 400;\"> e delle loro <\/span><i><span style=\"font-weight: 400;\">fortezze<\/span><\/i><span style=\"font-weight: 400;\"> difensive, in parte distrutte e in parte riammodernate nei secoli successivi.\u00a0<\/span><\/p>\n<p style=\"text-align: justify;\"><span style=\"font-weight: 400;\">A <\/span><b>Solbrito,<\/b><span style=\"font-weight: 400;\"> ad esempio, il castello, eretto nel <\/span><i><span style=\"font-weight: 400;\">XII secolo<\/span><\/i><span style=\"font-weight: 400;\"> e poi rinnovato tra il <\/span><i><span style=\"font-weight: 400;\">Seicento<\/span><\/i><span style=\"font-weight: 400;\"> e <\/span><i><span style=\"font-weight: 400;\">l\u2019Ottocento, <\/span><\/i><span style=\"font-weight: 400;\">\u00e8 tuttora visibile. Delle due fortezze di <\/span><b>Ferrere<\/b><span style=\"font-weight: 400;\">, invece, ne resta solo una, il <\/span><i><span style=\"font-weight: 400;\">Castelvecchio<\/span><\/i><span style=\"font-weight: 400;\">, oggi sede del Comune, che ha conservato esternamente le fattezze medievali.\u00a0<\/span><\/p>\n<p style=\"text-align: justify;\"><span style=\"font-weight: 400;\">Di <\/span><i><span style=\"font-weight: 400;\">castello fantasma<\/span><\/i><span style=\"font-weight: 400;\">, cio\u00e8 non pi\u00f9 esistente in quanto distrutto dai Francesi nel <\/span><i><span style=\"font-weight: 400;\">1553<\/span><\/i><span style=\"font-weight: 400;\">, si parla invece a <\/span><b>Tigliole<\/b><span style=\"font-weight: 400;\">: al suo posto sorgono il <\/span><i><span style=\"font-weight: 400;\">Municipio<\/span><\/i><span style=\"font-weight: 400;\">, il Parco a gradoni e il piazzale panoramico, da cui si gode di una vista suggestiva sui pascoli e sui vigneti circostanti.\u00a0<\/span><\/p>\n<p style=\"text-align: justify;\"><span style=\"font-weight: 400;\">Stessa sorte anche per quello di <\/span><b>Cellarengo<\/b><span style=\"font-weight: 400;\">, localit\u00e0 che tradisce nel suffisso <\/span><i><span style=\"font-weight: 400;\">\u2013engo<\/span><\/i><span style=\"font-weight: 400;\"> la sua origine germanica. Fondato nel <\/span><i><span style=\"font-weight: 400;\">IX secolo<\/span><\/i><span style=\"font-weight: 400;\"> e munito di una struttura difensiva 200 anni dopo, il borgo fu propriet\u00e0, insieme a <\/span><b>Valfenera<\/b><span style=\"font-weight: 400;\">, della famosa <\/span><i><span style=\"font-weight: 400;\">Abbazia di Nonantola<\/span><\/i><span style=\"font-weight: 400;\">. Nel <\/span><i><span style=\"font-weight: 400;\">Duecento<\/span><\/i><span style=\"font-weight: 400;\"> fu ceduto al prestigioso <\/span><i><span style=\"font-weight: 400;\">Monastero Benedettino di S. Anastasio di Asti<\/span><\/i><span style=\"font-weight: 400;\">, diventando sede di un Convento, per poi passare nelle mani dei <\/span><i><span style=\"font-weight: 400;\">Malabaila<\/span><\/i><span style=\"font-weight: 400;\"> e dei <\/span><i><span style=\"font-weight: 400;\">Pelletta<\/span><\/i><span style=\"font-weight: 400;\">, ricche famiglie di banchieri astigiani. Descritto nelle fonti medievali come un edificio di grandi dimensioni, circondato da un giardino, un frutteto e un vigneto, il maniero ebbe un destino singolare: a fine <\/span><i><span style=\"font-weight: 400;\">Ottocento<\/span><\/i><span style=\"font-weight: 400;\"> fu acquistato da alcuni contadini del posto, che lo rasero al suolo per rivenderne i mattoni.\u00a0<\/span><\/p>\n<p style=\"text-align: justify;\"><span style=\"font-weight: 400;\">Totalmente rinnovato appare invece il <\/span><i><span style=\"font-weight: 400;\">castello<\/span><\/i><span style=\"font-weight: 400;\"> di <\/span><b>Valfenera <\/b><span style=\"font-weight: 400;\">che, con le sue notevoli dimensioni e il muraglione perimetrale, ricorda la presenza di un vero e proprio <\/span><i><span style=\"font-weight: 400;\">borgo fortificato<\/span><\/i><span style=\"font-weight: 400;\">. Il complesso attuale, ricostruito come residenza aristocratica e poi divenuto sede del Comune, risale all&#8217;<\/span><i><span style=\"font-weight: 400;\">Ottocento<\/span><\/i><span style=\"font-weight: 400;\">. <\/span><\/p>\n<p>[\/et_pb_toggle][et_pb_toggle title=&#8221;Da Cantarana e Villanova, tra paludi e ville nuove&#8221; open_toggle_text_color=&#8221;#000000&#8243; _builder_version=&#8221;4.17.4&#8243; _module_preset=&#8221;default&#8221; title_text_color=&#8221;#000000&#8243; body_text_color=&#8221;#000000&#8243; custom_margin=&#8221;||6px||false|false&#8221; border_radii=&#8221;on|10px|10px|10px|10px&#8221; border_width_top=&#8221;10px&#8221; border_color_top=&#8221;#80d100&#8243; global_colors_info=&#8221;{}&#8221;]<\/p>\n<p style=\"text-align: justify;\"><span style=\"font-weight: 400;\">Nel caso di <\/span><b>Cantarana<\/b><span style=\"font-weight: 400;\">, non di un castello, ma di un <\/span><i><span style=\"font-weight: 400;\">\u201ccastrum vetus\u201d<\/span><\/i><span style=\"font-weight: 400;\"> si tratta: il villaggio. nato nel <\/span><i><span style=\"font-weight: 400;\">XII secolo<\/span><\/i><span style=\"font-weight: 400;\">, fu propriet\u00e0, come quello di <\/span><b>Cellarengo<\/b><span style=\"font-weight: 400;\">, della famiglia <\/span><i><span style=\"font-weight: 400;\">Malabaila<\/span><\/i><span style=\"font-weight: 400;\">, potenti banchieri astigiani. Da sempre famoso per i suoi acquitrini, il paese ospita l\u2019<\/span><i><span style=\"font-weight: 400;\">Acquedotto di Asti, <\/span><\/i><span style=\"font-weight: 400;\">che fornisce la quasi totalit\u00e0 dell\u2019acqua utilizzata dalla citt\u00e0. L\u2019impianto, situato in Localit\u00e0 Bonoma<\/span><i><span style=\"font-weight: 400;\"> e <\/span><\/i><span style=\"font-weight: 400;\">attivo fin dal<\/span><i><span style=\"font-weight: 400;\"> 1890<\/span><\/i><span style=\"font-weight: 400;\">, fu realizzato dall&#8217;<\/span><i><span style=\"font-weight: 400;\">ingegnere Medici<\/span><\/i><span style=\"font-weight: 400;\"> e comprende la vasca di carico, i serbatoi\u00a0 interrati\u00a0 e il locale di depurazione.\u00a0<\/span><\/p>\n<p style=\"text-align: justify;\"><span style=\"font-weight: 400;\">Protagonista di \u201cuna storia a s\u00e9\u201d \u00e8 infine <\/span><b>Villanova d\u2019Asti<\/b><span style=\"font-weight: 400;\">, fondata nel <\/span><i><span style=\"font-weight: 400;\">1248 <\/span><\/i><span style=\"font-weight: 400;\">dagli <\/span><i><span style=\"font-weight: 400;\">Astigiani <\/span><\/i><span style=\"font-weight: 400;\">durante la loro attivit\u00e0 di espansione verso Chieri; munita di una cinta muraria per proteggere al meglio il territorio neo conquistato, la citt\u00e0 fu governata da famiglie molto potenti, tra cui i <\/span><i><span style=\"font-weight: 400;\">Solaro,<\/span><\/i><span style=\"font-weight: 400;\"> banchieri, i <\/span><i><span style=\"font-weight: 400;\">Visconti<\/span><\/i><span style=\"font-weight: 400;\"> e gli <\/span><i><span style=\"font-weight: 400;\">Orl\u00e9ans.<\/span><\/i><\/p>\n<p>[\/et_pb_toggle][\/et_pb_column][\/et_pb_row][et_pb_row column_structure=&#8221;1_4,3_4&#8243; _builder_version=&#8221;4.17.4&#8243; _module_preset=&#8221;default&#8221; background_color=&#8221;rgba(0,0,0,0.08)&#8221; width=&#8221;86%&#8221; max_width=&#8221;1435px&#8221; custom_margin=&#8221;0px|auto|26px|auto|false|false&#8221; custom_padding=&#8221;|30px||30px|false|false&#8221; border_radii=&#8221;on|10px|10px|10px|10px&#8221; global_colors_info=&#8221;{}&#8221;][et_pb_column type=&#8221;1_4&#8243; _builder_version=&#8221;4.17.4&#8243; _module_preset=&#8221;default&#8221; global_colors_info=&#8221;{}&#8221;][et_pb_blurb title=&#8221;SITI DI INTERESSE STORICO-ARTISTICO&#8221; use_icon=&#8221;on&#8221; font_icon=&#8221;&#xf19c;||fa||900&#8243; icon_color=&#8221;#FFFFFF&#8221; image_icon_background_color=&#8221;#80d100&#8243; image_icon_width=&#8221;40px&#8221; _builder_version=&#8221;4.17.4&#8243; _module_preset=&#8221;default&#8221; header_font=&#8221;Lato|900||on|||||&#8221; header_font_size=&#8221;15px&#8221; header_letter_spacing=&#8221;1px&#8221; header_line_height=&#8221;1.4em&#8221; body_font=&#8221;Lato||||||||&#8221; body_text_color=&#8221;#898f99&#8243; body_font_size=&#8221;16px&#8221; body_line_height=&#8221;1.6em&#8221; background_color=&#8221;#ffffff&#8221; image_icon_custom_padding=&#8221;25px|25px|25px|25px|false|false&#8221; text_orientation=&#8221;center&#8221; custom_margin=&#8221;|||&#8221; custom_padding=&#8221;60px|40px|60px|40px|false|false&#8221; animation=&#8221;off&#8221; border_radii=&#8221;on|10px|10px|10px|10px&#8221; border_color_all=&#8221;#80d100&#8243; border_width_top=&#8221;10px&#8221; border_radii_image=&#8221;on|50%|50%|50%|50%&#8221; box_shadow_style=&#8221;preset2&#8243; box_shadow_horizontal=&#8221;0px&#8221; box_shadow_blur=&#8221;54px&#8221; box_shadow_spread=&#8221;17px&#8221; box_shadow_color=&#8221;rgba(0,0,0,0.04)&#8221; icon_font_size=&#8221;40px&#8221; use_circle=&#8221;on&#8221; circle_color=&#8221;#3c39e6&#8243; global_colors_info=&#8221;{}&#8221; image_icon_background_color__sticky_enabled=&#8221;#7EBEC5&#8243; image_icon_background_color__sticky=&#8221;#7EBEC5&#8243;][\/et_pb_blurb][et_pb_gallery gallery_ids=&#8221;7848,7847&#8243; fullwidth=&#8221;on&#8221; _builder_version=&#8221;4.17.4&#8243; _module_preset=&#8221;default&#8221; border_radii=&#8221;on|10px|10px|10px|10px&#8221; border_width_top=&#8221;10px&#8221; border_color_top=&#8221;#80d100&#8243; global_colors_info=&#8221;{}&#8221;][\/et_pb_gallery][\/et_pb_column][et_pb_column type=&#8221;3_4&#8243; _builder_version=&#8221;4.17.4&#8243; _module_preset=&#8221;default&#8221; global_colors_info=&#8221;{}&#8221;][et_pb_toggle title=&#8221;Tra pascoli e vigneti, piccoli borghi per grandi capolavori&#8221; open_toggle_text_color=&#8221;#000000&#8243; _builder_version=&#8221;4.17.4&#8243; _module_preset=&#8221;default&#8221; title_text_color=&#8221;#000000&#8243; body_text_color=&#8221;#000000&#8243; custom_margin=&#8221;||6px||false|false&#8221; border_radii=&#8221;on|10px|10px|10px|10px&#8221; border_width_top=&#8221;10px&#8221; border_color_top=&#8221;#80d100&#8243; global_colors_info=&#8221;{}&#8221;]<\/p>\n<p style=\"text-align: justify;\"><span style=\"font-weight: 400;\">Questo itinerario permette al camminatore di scoprire veri e propri capolavori d\u2019arte, in gran parte poco conosciuti dai flussi turistici di massa.\u00a0\u00a0<\/span><\/p>\n<p style=\"text-align: justify;\"><span style=\"font-weight: 400;\">A cominciare dalla <\/span><i><span style=\"font-weight: 400;\">chiesa romanica di S. Lorenzo<\/span><\/i><span style=\"font-weight: 400;\"> di <\/span><b>Tigliole<\/b><span style=\"font-weight: 400;\">, costruita tra l\u2019<\/span><i><span style=\"font-weight: 400;\">XI<\/span><\/i><span style=\"font-weight: 400;\"> e il <\/span><i><span style=\"font-weight: 400;\">XII secolo<\/span><\/i><span style=\"font-weight: 400;\"> fuori dal centro abitato; utilizzata a lungo come parrocchiale dalla comunit\u00e0, conserva nella muratura e nelle decorazioni dell\u2019abside, realizzate in cotto e pietra arenaria, tracce evidenti del suo passato.<\/span><\/p>\n<p style=\"text-align: justify;\"><span style=\"font-weight: 400;\">Avvicinandosi a <\/span><b>Cantarana<\/b><span style=\"font-weight: 400;\">, salta subito all\u2019occhio il <\/span><i><span style=\"font-weight: 400;\">campanile<\/span><\/i><span style=\"font-weight: 400;\">, altissimo,<\/span> <span style=\"font-weight: 400;\">della parrocchiale barocca di San Giovanni Battista; a progettarlo, nel 1914, fu\u00a0 l\u2019architetto torinese <\/span><i><span style=\"font-weight: 400;\">Gallo<\/span><\/i><span style=\"font-weight: 400;\">, che volle ispirarsi alle linee juvarriane della <\/span><i><span style=\"font-weight: 400;\">Basilica di Superga.\u00a0<\/span><\/i><\/p>\n<p style=\"text-align: justify;\"><span style=\"font-weight: 400;\">Passando da <\/span><b>Ferrere<\/b><span style=\"font-weight: 400;\">, dominato dal <\/span><i><span style=\"font-weight: 400;\">castello medievale<\/span><\/i><span style=\"font-weight: 400;\">, si raggiunge <\/span><b>Valfenera<\/b><span style=\"font-weight: 400;\"> dove, di medievale, resta solo la <\/span><i><span style=\"font-weight: 400;\">Torre <\/span><\/i><span style=\"font-weight: 400;\">duecentesca. In sostituzione del sistema difensivo originario, costruito tra il <\/span><i><span style=\"font-weight: 400;\">XIII<\/span><\/i><span style=\"font-weight: 400;\"> e il <\/span><i><span style=\"font-weight: 400;\">XIV secolo<\/span><\/i><span style=\"font-weight: 400;\"> e poi distrutto nel <\/span><i><span style=\"font-weight: 400;\">Cinquecento<\/span><\/i><span style=\"font-weight: 400;\">, sorge una grande <\/span><i><span style=\"font-weight: 400;\">residenza signorile<\/span><\/i><span style=\"font-weight: 400;\"> di stile neogotico, un tempo propriet\u00e0 delle famiglie <\/span><i><span style=\"font-weight: 400;\">Villa<\/span><\/i><span style=\"font-weight: 400;\"> e <\/span><i><span style=\"font-weight: 400;\">Brofferio<\/span><\/i><span style=\"font-weight: 400;\">, e poi venduta al Comune nel <\/span><i><span style=\"font-weight: 400;\">1940.<\/span><\/i><span style=\"font-weight: 400;\"> Interessante la vicina <\/span><i><span style=\"font-weight: 400;\">chiesa<\/span><\/i> <i><span style=\"font-weight: 400;\">parrocchiale<\/span><\/i><span style=\"font-weight: 400;\">, ottocentesca, dedicata a San Bartolomeo e a San Giovanni Battista; la facciata, neorinascimentale, fu progettata dal noto architetto <\/span><i><span style=\"font-weight: 400;\">Giuseppe Villa<\/span><\/i><span style=\"font-weight: 400;\">, fratello del <\/span><i><span style=\"font-weight: 400;\">Ministro del Regno Tommaso<\/span><\/i><span style=\"font-weight: 400;\">.\u00a0<\/span><\/p>\n<p style=\"text-align: justify;\"><span style=\"font-weight: 400;\">Se anche <\/span><b>San Paolo Solbrito<\/b><span style=\"font-weight: 400;\"> \u00e8 ancora caratterizzato dalla presenza del suo <\/span><i><span style=\"font-weight: 400;\">maniero<\/span><\/i><span style=\"font-weight: 400;\">, entrando nel centro storico di <\/span><b>Villanova d\u2019Asti<\/b><span style=\"font-weight: 400;\"> si scoprono bellezze architettoniche di altra natura, tra cui la <\/span><i><span style=\"font-weight: 400;\">Torre dell\u2019Orologio<\/span><\/i><span style=\"font-weight: 400;\">, simbolo della citt\u00e0 dal <\/span><i><span style=\"font-weight: 400;\">1414<\/span><\/i><span style=\"font-weight: 400;\">, e la <\/span><i><span style=\"font-weight: 400;\">parrocchiale di San Martino<\/span><\/i><span style=\"font-weight: 400;\">, costruita in epoca gotica e rimaneggiata tra il <\/span><i><span style=\"font-weight: 400;\">XVII <\/span><\/i><span style=\"font-weight: 400;\">e il <\/span><i><span style=\"font-weight: 400;\">XIX secolo. <\/span><\/i><span style=\"font-weight: 400;\">All\u2019interno conserva una tavola del <\/span><i><span style=\"font-weight: 400;\">Quattrocento <\/span><\/i><span style=\"font-weight: 400;\">raffigurante la Madonna col Bambino e l&#8217;altare maggiore in marmo, settecentesco,\u00a0 realizzato dal milanese <\/span><i><span style=\"font-weight: 400;\">Carlo Pelagatta. <\/span><\/i><span style=\"font-weight: 400;\">Merita una visita anche la <\/span><i><span style=\"font-weight: 400;\">parrocchiale di San Pietro<\/span><\/i><span style=\"font-weight: 400;\">, abbellita da una preziosa ancona lignea scolpita nel <\/span><i><span style=\"font-weight: 400;\">Seicento<\/span><\/i><span style=\"font-weight: 400;\"> dal famoso scultore nordico <\/span><i><span style=\"font-weight: 400;\">Michele Enaten<\/span><\/i><span style=\"font-weight: 400;\">.<\/span><\/p>\n<p>[\/et_pb_toggle][\/et_pb_column][\/et_pb_row][et_pb_row column_structure=&#8221;1_4,3_4&#8243; _builder_version=&#8221;4.17.4&#8243; _module_preset=&#8221;default&#8221; background_color=&#8221;rgba(0,0,0,0.08)&#8221; width=&#8221;86%&#8221; max_width=&#8221;1435px&#8221; custom_margin=&#8221;2px|auto||auto|false|false&#8221; custom_padding=&#8221;|30px||30px|false|false&#8221; border_radii=&#8221;on|10px|10px|10px|10px&#8221; global_colors_info=&#8221;{}&#8221;][et_pb_column type=&#8221;1_4&#8243; _builder_version=&#8221;4.17.4&#8243; _module_preset=&#8221;default&#8221; global_colors_info=&#8221;{}&#8221;][et_pb_blurb title=&#8221;PAESAGGIO AMBIENTE E PRODOTTI DELLA TERRA&#8221; use_icon=&#8221;on&#8221; font_icon=&#8221;&#xf03e;||fa||900&#8243; icon_color=&#8221;#FFFFFF&#8221; image_icon_background_color=&#8221;#80d100&#8243; image_icon_width=&#8221;40px&#8221; _builder_version=&#8221;4.17.4&#8243; _module_preset=&#8221;default&#8221; header_font=&#8221;Lato|900||on|||||&#8221; header_font_size=&#8221;15px&#8221; header_letter_spacing=&#8221;1px&#8221; header_line_height=&#8221;1.4em&#8221; body_font=&#8221;Lato||||||||&#8221; body_text_color=&#8221;#898f99&#8243; body_font_size=&#8221;16px&#8221; body_line_height=&#8221;1.6em&#8221; background_color=&#8221;#ffffff&#8221; image_icon_custom_padding=&#8221;25px|25px|25px|25px|false|false&#8221; text_orientation=&#8221;center&#8221; custom_margin=&#8221;|||&#8221; custom_padding=&#8221;60px|40px|60px|40px&#8221; animation=&#8221;off&#8221; border_radii=&#8221;on|10px|10px|10px|10px&#8221; border_color_all=&#8221;#80d100&#8243; border_width_top=&#8221;10px&#8221; border_radii_image=&#8221;on|100%|100%|100%|100%&#8221; box_shadow_style=&#8221;preset2&#8243; box_shadow_horizontal=&#8221;0px&#8221; box_shadow_blur=&#8221;54px&#8221; box_shadow_spread=&#8221;17px&#8221; box_shadow_color=&#8221;rgba(0,0,0,0.04)&#8221; icon_font_size=&#8221;40px&#8221; use_circle=&#8221;on&#8221; circle_color=&#8221;#3c39e6&#8243; global_colors_info=&#8221;{}&#8221; image_icon_background_color__sticky_enabled=&#8221;#7EBEC5&#8243; image_icon_background_color__sticky=&#8221;#7EBEC5&#8243;][\/et_pb_blurb][et_pb_gallery gallery_ids=&#8221;8528,8526,8527&#8243; fullwidth=&#8221;on&#8221; _builder_version=&#8221;4.17.4&#8243; _module_preset=&#8221;default&#8221; border_radii=&#8221;on|10px|10px|10px|10px&#8221; border_width_top=&#8221;10px&#8221; border_color_top=&#8221;#80d100&#8243; global_colors_info=&#8221;{}&#8221;][\/et_pb_gallery][\/et_pb_column][et_pb_column type=&#8221;3_4&#8243; _builder_version=&#8221;4.17.4&#8243; _module_preset=&#8221;default&#8221; global_colors_info=&#8221;{}&#8221;][et_pb_toggle title=&#8221;I gusti della tradizione.. tra terra e acqua&#8221; open_toggle_text_color=&#8221;#000000&#8243; _builder_version=&#8221;4.17.4&#8243; _module_preset=&#8221;default&#8221; title_text_color=&#8221;#000000&#8243; body_text_color=&#8221;#000000&#8243; custom_margin=&#8221;||6px||false|false&#8221; border_radii=&#8221;on|10px|10px|10px|10px&#8221; border_width_top=&#8221;10px&#8221; border_color_top=&#8221;#80d100&#8243; global_colors_info=&#8221;{}&#8221;]<\/p>\n<p style=\"text-align: justify;\"><span style=\"font-weight: 400;\">Questo itinerario permette al visitatore di scoprire specialit\u00e0 gastronomiche strettamente connesse alle specifiche localit\u00e0 che incontrer\u00e0 durante la sua escursione.\u00a0<\/span><\/p>\n<p style=\"text-align: justify;\"><span style=\"font-weight: 400;\">A cominciare da un pesce d\u2019acqua dolce, la <\/span><i><span style=\"font-weight: 400;\">Tinca Gobba Dorata del Pianalto<\/span><\/i><span style=\"font-weight: 400;\">, che accomuna <\/span><b>Cantarana<\/b><span style=\"font-weight: 400;\">, <\/span><b>Valfenera<\/b><span style=\"font-weight: 400;\"> e <\/span><b>Cellarengo<\/b><span style=\"font-weight: 400;\">. Comparsa gi\u00e0 nel Medioevo nelle acque paludose di questi territori, cos\u00ec come nella zona di Poirino, oggi trova casa in stagni dedicati. Negli allevamenti locali si rispettano precisi parametri ambientali e qualitativi, che hanno conquistato a questo prodotto la certificazione D.O.P. con la denominazione di <\/span><i><span style=\"font-weight: 400;\">Tinca Gobba Dorata del Pianalto di Poirino<\/span><\/i><span style=\"font-weight: 400;\">. Per l\u2019alimentazione infatti si utilizzano esclusivamente nutrienti naturali, integrati da cereali, semi di leguminose, latte e uova.\u00a0<\/span><\/p>\n<p style=\"text-align: justify;\"><span style=\"font-weight: 400;\">La <\/span><i><span style=\"font-weight: 400;\">Tinca Gobba Dorata<\/span><\/i><span style=\"font-weight: 400;\"> si riconosce dal colore brillante, variabile dal grigio al verde opaco e dorato sui fianchi. Le sue carni sono delicate, sode e magre, dal sapore delicato e totalmente privo di sentori di erba o fango. La si cucina soprattutto d\u2019estate, <\/span><i><span style=\"font-weight: 400;\">in carpione<\/span><\/i><span style=\"font-weight: 400;\">, friggendola e poi marinandola in aceto, vino bianco ed erbe aromatiche. Un piatto \u201cda veri Piemontesi\u201d, protagonista degli eventi gastronomici di queste localit\u00e0.\u00a0<\/span><\/p>\n<p style=\"text-align: justify;\"><span style=\"font-weight: 400;\">A <\/span><b>Valfenera<\/b><span style=\"font-weight: 400;\">, oltre alla <\/span><i><span style=\"font-weight: 400;\">Tinca<\/span><\/i><span style=\"font-weight: 400;\">, regnano sovrani l\u2019<\/span><i><span style=\"font-weight: 400;\">aglio<\/span><\/i><span style=\"font-weight: 400;\">, ingrediente chiave della cucina regionale, e il <\/span><i><span style=\"font-weight: 400;\">Fassone<\/span><\/i><span style=\"font-weight: 400;\">, la razza bovina piemontese per eccellenza. Tante le <\/span><i><span style=\"font-weight: 400;\">stalle<\/span><\/i><span style=\"font-weight: 400;\"> diffuse tra <\/span><b>Tigliole, San Paolo Solbrito <\/b><span style=\"font-weight: 400;\">e <\/span><b>Villanova d\u2019Asti<\/b><span style=\"font-weight: 400;\">; qui, agli allevamenti bovini si affiancano quelli della<\/span> <i><span style=\"font-weight: 400;\">Gallina Bionda<\/span><\/i><span style=\"font-weight: 400;\">, Presidio Slow Food, molto apprezzata da buongustai e nutrizionisti per l\u2019eccellente qualit\u00e0 delle sue carni, delicate e povere di grassi. Un prodotto versatile, da cui si ricavano agnolotti, salumi e ovviamente brodo e arrosti dal sapore unico.\u00a0<\/span><\/p>\n<p style=\"text-align: justify;\"><span style=\"font-weight: 400;\">Immancabile su ogni tagliere che si rispetti \u00e8 invece il <\/span><i><span style=\"font-weight: 400;\">Salame Cotto<\/span><\/i><span style=\"font-weight: 400;\">, che trova nei produttori di <\/span><b>Ferrere<\/b><span style=\"font-weight: 400;\">, dove ha inoltre sede l\u2019<\/span><i><span style=\"font-weight: 400;\">Associazione<\/span><\/i><span style=\"font-weight: 400;\"> di tutela di rifermento, i principali ambasciatori. Tratti distintivi: colore rosa chiaro, macinatura a grani grossi, profumo delicato e lievemente speziato.\u00a0<\/span><\/p>\n<p style=\"text-align: justify;\"><span style=\"font-weight: 400;\">Diffuso in tutto il Piemonte ma tipico soprattutto del Monferrato, questo salume nasce dalle parti magre del maiale, unite a lardo, pancetta e spezie, infine bollite o cotte a vapore. Perfetto per l\u2019aperitivo o come antipasto, viene spesso utilizzato per insaporire le frittate e il ripieno degli agnolotti. <\/span><\/p>\n<p>[\/et_pb_toggle][et_pb_toggle title=&#8221;Nel Monferrato, la \u201cvia della seta\u201d&#8221; open_toggle_text_color=&#8221;#000000&#8243; _builder_version=&#8221;4.17.4&#8243; _module_preset=&#8221;default&#8221; title_text_color=&#8221;#000000&#8243; body_text_color=&#8221;#000000&#8243; custom_margin=&#8221;||6px||false|false&#8221; border_radii=&#8221;on|10px|10px|10px|10px&#8221; border_width_top=&#8221;10px&#8221; border_color_top=&#8221;#80d100&#8243; global_colors_info=&#8221;{}&#8221;]<\/p>\n<p style=\"text-align: justify;\"><span style=\"font-weight: 400;\">Ma sulla <\/span><b>Via dell\u2019Acqua<\/b><span style=\"font-weight: 400;\"> la tradizione artigianale non si trova solo in tavola. Passando per <\/span><b>Valfenera,<\/b><span style=\"font-weight: 400;\"> il camminatore si imbatte in <\/span><i><span style=\"font-weight: 400;\">Villa Fassini<\/span><\/i><span style=\"font-weight: 400;\">, gi\u00e0 <\/span><i><span style=\"font-weight: 400;\">Scanagatti<\/span><\/i><span style=\"font-weight: 400;\">, <\/span><i><span style=\"font-weight: 400;\">storica azienda di filatura della seta<\/span><\/i><span style=\"font-weight: 400;\">, attiva fino agli <\/span><i><span style=\"font-weight: 400;\">Cinquanta <\/span><\/i><span style=\"font-weight: 400;\">del <\/span><i><span style=\"font-weight: 400;\">Novecento. <\/span><\/i><span style=\"font-weight: 400;\">Un primato antico, quello della produzione e dell\u2019esportazione della seta, tutto piemontese, dovuto a due fattori principali: da un lato, la storica presenza di <\/span><i><span style=\"font-weight: 400;\">gelsi<\/span><\/i><span style=\"font-weight: 400;\"> sul territorio, sia spontanei che piantati dall\u2019uomo per delimitare campi e propriet\u00e0, della cui foglia il baco da seta si nutre; dall\u2019altro, la valorizzazione dell\u2019industria della seta che i <\/span><i><span style=\"font-weight: 400;\">Savoia<\/span><\/i><span style=\"font-weight: 400;\"> misero in campo fin dal <\/span><i><span style=\"font-weight: 400;\">Seicento<\/span><\/i><span style=\"font-weight: 400;\">, destinandovi corposi investimenti.\u00a0\u00a0<\/span><\/p>\n<p style=\"text-align: justify;\"><span style=\"font-weight: 400;\">Grazie all\u2019abbondante disponibilit\u00e0 di energia idrica utilizzata per alimentare i macchinari\u00a0 di filatura e torcitura, a <\/span><b>Valfenera<\/b><span style=\"font-weight: 400;\"> tale attivit\u00e0 si svilupp\u00f2 molto velocemente. La struttura fu costruita infatti\u00a0 tra il <\/span><i><span style=\"font-weight: 400;\">XVIII<\/span><\/i><span style=\"font-weight: 400;\"> e il <\/span><i><span style=\"font-weight: 400;\">XIX secolo<\/span><\/i><span style=\"font-weight: 400;\">, e successivamente ampliata, affermandosi come azienda leader nel settore fino all\u2019ultima guerra mondiale.<\/span><\/p>\n<p>[\/et_pb_toggle][\/et_pb_column][\/et_pb_row][\/et_pb_section][et_pb_section fb_built=&#8221;1&#8243; _builder_version=&#8221;4.17.4&#8243; _module_preset=&#8221;default&#8221; global_colors_info=&#8221;{}&#8221;][et_pb_row _builder_version=&#8221;4.17.4&#8243; _module_preset=&#8221;default&#8221; background_color=&#8221;#d1d1d1&#8243; custom_margin=&#8221;||||false|false&#8221; border_radii=&#8221;on|7px|7px|7px|7px&#8221; border_width_top=&#8221;10px&#8221; border_color_top=&#8221;#A0EB00&#8243; global_colors_info=&#8221;{}&#8221;][et_pb_column type=&#8221;4_4&#8243; _builder_version=&#8221;4.17.4&#8243; _module_preset=&#8221;default&#8221; global_colors_info=&#8221;{}&#8221;][et_pb_text module_id=&#8221;eventi-principali-dei-comuni&#8221; _builder_version=&#8221;4.17.4&#8243; _module_preset=&#8221;default&#8221; text_font=&#8221;Lato||||||||&#8221; text_text_color=&#8221;#898f99&#8243; text_font_size=&#8221;18px&#8221; text_line_height=&#8221;2em&#8221; header_font=&#8221;||||||||&#8221; header_2_font=&#8221;Lato|700|||||||&#8221; header_2_font_size=&#8221;42px&#8221; header_2_line_height=&#8221;1.5em&#8221; text_orientation=&#8221;center&#8221; width_tablet=&#8221;&#8221; width_phone=&#8221;80%&#8221; width_last_edited=&#8221;on|phone&#8221; module_alignment=&#8221;center&#8221; locked=&#8221;off&#8221; global_colors_info=&#8221;{}&#8221;]<\/p>\n<div class=\"et_pb_module et_pb_text et_pb_text_4  et_pb_text_align_left et_pb_bg_layout_light\">\n<div class=\"et_pb_text_inner\">\n<h2 style=\"text-align: center;\">Eventi principali dei Comuni<\/h2>\n<\/div>\n<\/div>\n<div class=\"et_pb_module et_pb_text et_pb_text_5  et_pb_text_align_left et_pb_bg_layout_light\">\n<div class=\"et_pb_text_inner\"><\/div>\n<\/div>\n<p>[\/et_pb_text][et_pb_text _builder_version=&#8221;4.17.4&#8243; _module_preset=&#8221;default&#8221; width_tablet=&#8221;&#8221; width_phone=&#8221;80%&#8221; width_last_edited=&#8221;on|phone&#8221; module_alignment=&#8221;center&#8221; global_colors_info=&#8221;{}&#8221;]<\/p>\n<div class=\"et_pb_module et_pb_text et_pb_text_5  et_pb_text_align_left et_pb_bg_layout_light\">\n<div class=\"et_pb_text_inner\">\n<p style=\"text-align: center;\"><span style=\"color: #000000;\"><strong>Si consiglia di visitare il sito internet del Comune di interesse per maggiori informazioni e per la programmazione esatta degli eventi.<\/strong><\/span><\/p>\n<\/div>\n<\/div>\n<div class=\"et_pb_module et_pb_code et_pb_code_1\">\n<div class=\"et_pb_code_inner\"><\/div>\n<\/div>\n<p>[\/et_pb_text][et_pb_code _builder_version=&#8221;4.17.4&#8243; _module_preset=&#8221;default&#8221; custom_margin=&#8221;|50px||50px|false|false&#8221; global_colors_info=&#8221;{}&#8221;]<div class=\"pt-cv-wrapper et_smooth_scroll_disabled\"><div class=\"cvp-live-filter cvp-dropdown \" id=\"\" data-name=\"tx_category\" data-sid=\"1a548108bh\"><label class=\"cvp-label\">Comune:<\/label><select name=\"tx_category\"><option value=\"\">Tutti i Comuni<\/option><option value=\"cantarana-ev\" >Cantarana-ev<\/option><option value=\"ferrere-ev\" >Ferrere-ev<\/option><option value=\"san-paolo-solbrito-ev\" >San Paolo Solbrito-ev<\/option><option value=\"tigliole-ev\" >Tigliole-ev<\/option><option value=\"valfenera-ev\" >Valfenera-ev<\/option><option value=\"villanova-dasti-ev\" >Villanova d&#039;Asti-ev<\/option><\/select><\/div><div class=\"cvp-live-filter cvp-dropdown \" id=\"\" data-name=\"tx_post_tag\" data-sid=\"1a548108bh\"><label class=\"cvp-label\">Mese:<\/label><select name=\"tx_post_tag\"><option value=\"\">Scegli per mese<\/option><option value=\"febbraio\" >Febbraio<\/option><option value=\"marzo\" >Marzo<\/option><option value=\"aprile\" >Aprile<\/option><option value=\"giugno\" >Giugno<\/option><option value=\"agosto\" >Agosto<\/option><option value=\"settembre\" >Settembre<\/option><option value=\"ottobre\" >Ottobre<\/option><option value=\"novembre\" >Novembre<\/option><\/select><\/div><div class=\"pt-cv-view pt-cv-grid pt-cv-colsys pt-cv-same-height cvp-lfres\" id=\"pt-cv-view-1a548108bh\"><div data-id=\"pt-cv-page-1\" class=\"pt-cv-page\" data-cvc=\"1\" data-cvct=\"1\" data-cvcm=\"1\"><div class=\"col-md-12 col-sm-12 col-xs-12 pt-cv-content-item pt-cv-1-col\"  data-pid=\"9392\"><div class='pt-cv-ifield'><h4 class=\"pt-cv-title\"><a href=\"\" class=\"pt-cv-none cvplbd\" target=\"pt-cv-none\" >VILLANOVA D\u2019ASTI &#8211; GALLINA BIONDA &#8211; Ottobre<\/a><\/h4><\/div><\/div>\n<div class=\"col-md-12 col-sm-12 col-xs-12 pt-cv-content-item pt-cv-1-col\"  data-pid=\"9375\"><div class='pt-cv-ifield'><h4 class=\"pt-cv-title\"><a href=\"\" class=\"pt-cv-none cvplbd\" target=\"pt-cv-none\" >VALFENERA &#8211; FIERA DI SANT&#8217;ORSOLA &#8211; Ottobre<\/a><\/h4><\/div><\/div>\n<div class=\"col-md-12 col-sm-12 col-xs-12 pt-cv-content-item pt-cv-1-col\"  data-pid=\"9372\"><div class='pt-cv-ifield'><h4 class=\"pt-cv-title\"><a href=\"\" class=\"pt-cv-none cvplbd\" target=\"pt-cv-none\" >VALFENERA &#8211; SAGRA DEL BOLLITO MISTO &#8211; Novembre<\/a><\/h4><\/div><\/div>\n<div class=\"col-md-12 col-sm-12 col-xs-12 pt-cv-content-item pt-cv-1-col\"  data-pid=\"9369\"><div class='pt-cv-ifield'><h4 class=\"pt-cv-title\"><a href=\"\" class=\"pt-cv-none cvplbd\" target=\"pt-cv-none\" >VALFENERA &#8211; MOSTRA BOVINA DI RAZZA PIEMONTESE &#8211; Agosto<\/a><\/h4><\/div><\/div>\n<div class=\"col-md-12 col-sm-12 col-xs-12 pt-cv-content-item pt-cv-1-col\"  data-pid=\"9342\"><div class='pt-cv-ifield'><h4 class=\"pt-cv-title\"><a href=\"\" class=\"pt-cv-none cvplbd\" target=\"pt-cv-none\" >SAN PAOLO SOBRITO &#8211; PASQUETTA &#8211; Marzo o Aprile<\/a><\/h4><\/div><\/div>\n<div class=\"col-md-12 col-sm-12 col-xs-12 pt-cv-content-item pt-cv-1-col\"  data-pid=\"9340\"><div class='pt-cv-ifield'><h4 class=\"pt-cv-title\"><a href=\"\" class=\"pt-cv-none cvplbd\" target=\"pt-cv-none\" >SAN PAOLO SOBRITO &#8211; FESTA PATRONALE DI MADONNA DI SERRA &#8211; Settembre<\/a><\/h4><\/div><\/div>\n<div class=\"col-md-12 col-sm-12 col-xs-12 pt-cv-content-item pt-cv-1-col\"  data-pid=\"9338\"><div class='pt-cv-ifield'><h4 class=\"pt-cv-title\"><a href=\"\" class=\"pt-cv-none cvplbd\" target=\"pt-cv-none\" >SAN PAOLO SOBRITO &#8211; FESTA DEL GRANO &#8211; Giugno<\/a><\/h4><\/div><\/div>\n<div class=\"col-md-12 col-sm-12 col-xs-12 pt-cv-content-item pt-cv-1-col\"  data-pid=\"9228\"><div class='pt-cv-ifield'><h4 class=\"pt-cv-title\"><a href=\"\" class=\"pt-cv-none cvplbd\" target=\"pt-cv-none\" >FERRERE &#8211; FERRERE MIELE &#8211; Ottobre<\/a><\/h4><\/div><\/div>\n<div class=\"col-md-12 col-sm-12 col-xs-12 pt-cv-content-item pt-cv-1-col\"  data-pid=\"9179\"><div class='pt-cv-ifield'><h4 class=\"pt-cv-title\"><a href=\"\" class=\"pt-cv-none cvplbd\" target=\"pt-cv-none\" >CANTARANA &#8211; CARNEVALE STRAVECCHIO &#8211; Febbraio o Marzo<\/a><\/h4><\/div><\/div>\n<div class=\"col-md-12 col-sm-12 col-xs-12 pt-cv-content-item pt-cv-1-col\"  data-pid=\"9068\"><div class='pt-cv-ifield'><h4 class=\"pt-cv-title\"><a href=\"\" class=\"pt-cv-none cvplbd\" target=\"pt-cv-none\" >TIGLIOLE &#8211; A SPASSO PER TIGLIOLE &#8211; Settembre<\/a><\/h4><\/div><\/div><\/div><\/div><\/div>\t\t\t<style type=\"text\/css\" id=\"pt-cv-inline-style-be15e0efy2\">#pt-cv-view-1a548108bh .pt-cv-title a, #pt-cv-view-1a548108bh  .panel-title { font-weight: 600 !important; }\n#pt-cv-view-1a548108bh .pt-cv-carousel-caption  { background-color: rgba(51,51,51,.6) !important; }\n#pt-cv-view-1a548108bh .pt-cv-specialp { background-color: #CC3333 !important }\n#pt-cv-view-1a548108bh .pt-cv-specialp * { color: #fff !important; }\n#pt-cv-view-1a548108bh .pt-cv-pficon  { color: #bbb !important; }\n#pt-cv-view-1a548108bh .pt-cv-readmore  { color: #ffffff !important; background-color: #00aeef !important; }\n#pt-cv-view-1a548108bh .pt-cv-readmore:hover  { color: #ffffff !important; background-color: #00aeef !important; }\n#pt-cv-view-1a548108bh  + .pt-cv-pagination-wrapper .pt-cv-more , #pt-cv-view-1a548108bh  + .pt-cv-pagination-wrapper .pagination .active a, .pt-cv-pagination[data-sid='1a548108bh'] .active a { color: #ffffff !important; background-color: #00aeef !important; }<\/style>\r\n\t\t\t[\/et_pb_code][\/et_pb_column][\/et_pb_row][\/et_pb_section][et_pb_section fb_built=&#8221;1&#8243; disabled_on=&#8221;on|on|on&#8221; _builder_version=&#8221;4.17.4&#8243; _module_preset=&#8221;default&#8221; custom_padding=&#8221;||1px|||&#8221; disabled=&#8221;on&#8221; global_colors_info=&#8221;{}&#8221;][et_pb_row module_id=&#8221;percorsi-nelle-vicinanze-da-scoprire&#8221; _builder_version=&#8221;4.17.4&#8243; _module_preset=&#8221;default&#8221; global_colors_info=&#8221;{}&#8221;][et_pb_column type=&#8221;4_4&#8243; _builder_version=&#8221;4.17.4&#8243; _module_preset=&#8221;default&#8221; global_colors_info=&#8221;{}&#8221;][et_pb_text _builder_version=&#8221;4.17.4&#8243; _module_preset=&#8221;default&#8221; text_font=&#8221;Lato||||||||&#8221; text_text_color=&#8221;#898f99&#8243; text_font_size=&#8221;18px&#8221; text_line_height=&#8221;2em&#8221; header_font=&#8221;||||||||&#8221; header_2_font=&#8221;Lato|700|||||||&#8221; header_2_font_size=&#8221;42px&#8221; header_2_line_height=&#8221;1.5em&#8221; text_orientation=&#8221;center&#8221; module_alignment=&#8221;center&#8221; locked=&#8221;off&#8221; global_colors_info=&#8221;{}&#8221;]<\/p>\n<h2>Percorsi nelle vicinanze da scoprire<\/h2>\n<p>[\/et_pb_text][\/et_pb_column][\/et_pb_row][et_pb_row column_structure=&#8221;1_4,1_4,1_4,1_4&#8243; _builder_version=&#8221;4.17.4&#8243; _module_preset=&#8221;default&#8221; width=&#8221;100%&#8221; max_width=&#8221;1557px&#8221; global_colors_info=&#8221;{}&#8221;][et_pb_column type=&#8221;1_4&#8243; _builder_version=&#8221;4.17.4&#8243; _module_preset=&#8221;default&#8221; global_colors_info=&#8221;{}&#8221;][et_pb_image src=&#8221;data:image\/svg+xml;base64,PHN2ZyB3aWR0aD0iMTA4MCIgaGVpZ2h0PSI1NDAiIHZpZXdCb3g9IjAgMCAxMDgwIDU0MCIgeG1sbnM9Imh0dHA6Ly93d3cudzMub3JnLzIwMDAvc3ZnIj4KICAgIDxnIGZpbGw9Im5vbmUiIGZpbGwtcnVsZT0iZXZlbm9kZCI+CiAgICAgICAgPHBhdGggZmlsbD0iI0VCRUJFQiIgZD0iTTAgMGgxMDgwdjU0MEgweiIvPgogICAgICAgIDxwYXRoIGQ9Ik00NDUuNjQ5IDU0MGgtOTguOTk1TDE0NC42NDkgMzM3Ljk5NSAwIDQ4Mi42NDR2LTk4Ljk5NWwxMTYuMzY1LTExNi4zNjVjMTUuNjItMTUuNjIgNDAuOTQ3LTE1LjYyIDU2LjU2OCAwTDQ0NS42NSA1NDB6IiBmaWxsLW9wYWNpdHk9Ii4xIiBmaWxsPSIjMDAwIiBmaWxsLXJ1bGU9Im5vbnplcm8iLz4KICAgICAgICA8Y2lyY2xlIGZpbGwtb3BhY2l0eT0iLjA1IiBmaWxsPSIjMDAwIiBjeD0iMzMxIiBjeT0iMTQ4IiByPSI3MCIvPgogICAgICAgIDxwYXRoIGQ9Ik0xMDgwIDM3OXYxMTMuMTM3TDcyOC4xNjIgMTQwLjMgMzI4LjQ2MiA1NDBIMjE1LjMyNEw2OTkuODc4IDU1LjQ0NmMxNS42Mi0xNS42MiA0MC45NDgtMTUuNjIgNTYuNTY4IDBMMTA4MCAzNzl6IiBmaWxsLW9wYWNpdHk9Ii4yIiBmaWxsPSIjMDAwIiBmaWxsLXJ1bGU9Im5vbnplcm8iLz4KICAgIDwvZz4KPC9zdmc+Cg==&#8221; _builder_version=&#8221;4.17.4&#8243; _module_preset=&#8221;default&#8221; global_colors_info=&#8221;{}&#8221;][\/et_pb_image][et_pb_text _builder_version=&#8221;4.17.4&#8243; _module_preset=&#8221;default&#8221; text_text_color=&#8221;#000000&#8243; width=&#8221;100%&#8221; width_tablet=&#8221;100%&#8221; width_phone=&#8221;80%&#8221; width_last_edited=&#8221;on|phone&#8221; module_alignment=&#8221;center&#8221; global_colors_info=&#8221;{}&#8221;]<\/p>\n<p style=\"text-align: center;\"><strong>CASTELLERO SENTIERO DELLA NOCCIOLA PARTE 1<\/strong><\/p>\n<p>[\/et_pb_text][et_pb_text _builder_version=&#8221;4.17.4&#8243; _module_preset=&#8221;default&#8221; text_text_color=&#8221;#000000&#8243; width_tablet=&#8221;&#8221; width_phone=&#8221;80%&#8221; width_last_edited=&#8221;on|phone&#8221; module_alignment=&#8221;center&#8221; global_colors_info=&#8221;{}&#8221;]<\/p>\n<p style=\"text-align: justify;\">Your content goes here. Edit or remove this text inline or in the module Content settings. You can also style every aspect of this content in the module Design settings and even apply custom CSS to this text in the module Advanced settings.<\/p>\n<p style=\"text-align: justify;\">Your content goes here. Edit or remove this text inline or in the module Content settings. You can also style every aspect of this content in the module Design settings and even apply custom CSS to this text in the module Advanced settings.<\/p>\n<p>[\/et_pb_text][et_pb_button button_text=&#8221;LINK A SITO DI RIFERIMENTO SE ESISTENTE&#8221; button_alignment=&#8221;center&#8221; _builder_version=&#8221;4.17.4&#8243; _module_preset=&#8221;default&#8221; custom_button=&#8221;on&#8221; button_text_size=&#8221;12px&#8221; button_text_color=&#8221;#80d100&#8243; custom_margin=&#8221;||0px||false|false&#8221; global_colors_info=&#8221;{}&#8221;][\/et_pb_button][\/et_pb_column][et_pb_column type=&#8221;1_4&#8243; _builder_version=&#8221;4.17.4&#8243; _module_preset=&#8221;default&#8221; global_colors_info=&#8221;{}&#8221;][et_pb_image src=&#8221;data:image\/svg+xml;base64,PHN2ZyB3aWR0aD0iMTA4MCIgaGVpZ2h0PSI1NDAiIHZpZXdCb3g9IjAgMCAxMDgwIDU0MCIgeG1sbnM9Imh0dHA6Ly93d3cudzMub3JnLzIwMDAvc3ZnIj4KICAgIDxnIGZpbGw9Im5vbmUiIGZpbGwtcnVsZT0iZXZlbm9kZCI+CiAgICAgICAgPHBhdGggZmlsbD0iI0VCRUJFQiIgZD0iTTAgMGgxMDgwdjU0MEgweiIvPgogICAgICAgIDxwYXRoIGQ9Ik00NDUuNjQ5IDU0MGgtOTguOTk1TDE0NC42NDkgMzM3Ljk5NSAwIDQ4Mi42NDR2LTk4Ljk5NWwxMTYuMzY1LTExNi4zNjVjMTUuNjItMTUuNjIgNDAuOTQ3LTE1LjYyIDU2LjU2OCAwTDQ0NS42NSA1NDB6IiBmaWxsLW9wYWNpdHk9Ii4xIiBmaWxsPSIjMDAwIiBmaWxsLXJ1bGU9Im5vbnplcm8iLz4KICAgICAgICA8Y2lyY2xlIGZpbGwtb3BhY2l0eT0iLjA1IiBmaWxsPSIjMDAwIiBjeD0iMzMxIiBjeT0iMTQ4IiByPSI3MCIvPgogICAgICAgIDxwYXRoIGQ9Ik0xMDgwIDM3OXYxMTMuMTM3TDcyOC4xNjIgMTQwLjMgMzI4LjQ2MiA1NDBIMjE1LjMyNEw2OTkuODc4IDU1LjQ0NmMxNS42Mi0xNS42MiA0MC45NDgtMTUuNjIgNTYuNTY4IDBMMTA4MCAzNzl6IiBmaWxsLW9wYWNpdHk9Ii4yIiBmaWxsPSIjMDAwIiBmaWxsLXJ1bGU9Im5vbnplcm8iLz4KICAgIDwvZz4KPC9zdmc+Cg==&#8221; _builder_version=&#8221;4.17.4&#8243; _module_preset=&#8221;default&#8221; global_colors_info=&#8221;{}&#8221;][\/et_pb_image][et_pb_text _builder_version=&#8221;4.17.4&#8243; _module_preset=&#8221;default&#8221; text_text_color=&#8221;#000000&#8243; width_tablet=&#8221;&#8221; width_phone=&#8221;80%&#8221; width_last_edited=&#8221;on|phone&#8221; module_alignment=&#8221;center&#8221; global_colors_info=&#8221;{}&#8221;]<\/p>\n<p style=\"text-align: center;\"><strong>CASTELLERO SENTIERO DELLA NOCCIOLA PARTE 2<\/strong><\/p>\n<p>[\/et_pb_text][et_pb_text _builder_version=&#8221;4.17.4&#8243; _module_preset=&#8221;default&#8221; text_text_color=&#8221;#000000&#8243; width_tablet=&#8221;&#8221; width_phone=&#8221;80%&#8221; width_last_edited=&#8221;on|phone&#8221; module_alignment=&#8221;center&#8221; global_colors_info=&#8221;{}&#8221;]<\/p>\n<p style=\"text-align: justify;\">Your content goes here. Edit or remove this text inline or in the module Content settings. You can also style every aspect of this content in the module Design settings and even apply custom CSS to this text in the module Advanced settings.<\/p>\n<p style=\"text-align: justify;\">Your content goes here. Edit or remove this text inline or in the module Content settings. You can also style every aspect of this content in the module Design settings and even apply custom CSS to this text in the module Advanced settings.<\/p>\n<p>[\/et_pb_text][et_pb_button button_text=&#8221;LINK A SITO DI RIFERIMENTO SE ESISTENTE&#8221; button_alignment=&#8221;center&#8221; _builder_version=&#8221;4.17.4&#8243; _module_preset=&#8221;default&#8221; custom_button=&#8221;on&#8221; button_text_size=&#8221;12px&#8221; button_text_color=&#8221;#80d100&#8243; custom_margin=&#8221;||0px||false|false&#8221; global_colors_info=&#8221;{}&#8221;][\/et_pb_button][\/et_pb_column][et_pb_column type=&#8221;1_4&#8243; _builder_version=&#8221;4.17.4&#8243; _module_preset=&#8221;default&#8221; global_colors_info=&#8221;{}&#8221;][et_pb_image src=&#8221;data:image\/svg+xml;base64,PHN2ZyB3aWR0aD0iMTA4MCIgaGVpZ2h0PSI1NDAiIHZpZXdCb3g9IjAgMCAxMDgwIDU0MCIgeG1sbnM9Imh0dHA6Ly93d3cudzMub3JnLzIwMDAvc3ZnIj4KICAgIDxnIGZpbGw9Im5vbmUiIGZpbGwtcnVsZT0iZXZlbm9kZCI+CiAgICAgICAgPHBhdGggZmlsbD0iI0VCRUJFQiIgZD0iTTAgMGgxMDgwdjU0MEgweiIvPgogICAgICAgIDxwYXRoIGQ9Ik00NDUuNjQ5IDU0MGgtOTguOTk1TDE0NC42NDkgMzM3Ljk5NSAwIDQ4Mi42NDR2LTk4Ljk5NWwxMTYuMzY1LTExNi4zNjVjMTUuNjItMTUuNjIgNDAuOTQ3LTE1LjYyIDU2LjU2OCAwTDQ0NS42NSA1NDB6IiBmaWxsLW9wYWNpdHk9Ii4xIiBmaWxsPSIjMDAwIiBmaWxsLXJ1bGU9Im5vbnplcm8iLz4KICAgICAgICA8Y2lyY2xlIGZpbGwtb3BhY2l0eT0iLjA1IiBmaWxsPSIjMDAwIiBjeD0iMzMxIiBjeT0iMTQ4IiByPSI3MCIvPgogICAgICAgIDxwYXRoIGQ9Ik0xMDgwIDM3OXYxMTMuMTM3TDcyOC4xNjIgMTQwLjMgMzI4LjQ2MiA1NDBIMjE1LjMyNEw2OTkuODc4IDU1LjQ0NmMxNS42Mi0xNS42MiA0MC45NDgtMTUuNjIgNTYuNTY4IDBMMTA4MCAzNzl6IiBmaWxsLW9wYWNpdHk9Ii4yIiBmaWxsPSIjMDAwIiBmaWxsLXJ1bGU9Im5vbnplcm8iLz4KICAgIDwvZz4KPC9zdmc+Cg==&#8221; _builder_version=&#8221;4.17.4&#8243; _module_preset=&#8221;default&#8221; global_colors_info=&#8221;{}&#8221;][\/et_pb_image][et_pb_text _builder_version=&#8221;4.17.4&#8243; _module_preset=&#8221;default&#8221; text_text_color=&#8221;#000000&#8243; width_tablet=&#8221;&#8221; width_phone=&#8221;80%&#8221; width_last_edited=&#8221;on|phone&#8221; module_alignment=&#8221;center&#8221; global_colors_info=&#8221;{}&#8221;]<\/p>\n<p style=\"text-align: center;\"><strong>ROATTO<\/strong><\/p>\n<p>[\/et_pb_text][et_pb_text _builder_version=&#8221;4.17.4&#8243; _module_preset=&#8221;default&#8221; text_text_color=&#8221;#000000&#8243; width_tablet=&#8221;&#8221; width_phone=&#8221;80%&#8221; width_last_edited=&#8221;on|phone&#8221; module_alignment=&#8221;center&#8221; global_colors_info=&#8221;{}&#8221;]<\/p>\n<p style=\"text-align: justify;\">Your content goes here. Edit or remove this text inline or in the module Content settings. You can also style every aspect of this content in the module Design settings and even apply custom CSS to this text in the module Advanced settings.<\/p>\n<p style=\"text-align: justify;\">Your content goes here. Edit or remove this text inline or in the module Content settings. You can also style every aspect of this content in the module Design settings and even apply custom CSS to this text in the module Advanced settings.<\/p>\n<p>[\/et_pb_text][et_pb_button button_text=&#8221;LINK A SITO DI RIFERIMENTO SE ESISTENTE&#8221; button_alignment=&#8221;center&#8221; _builder_version=&#8221;4.17.4&#8243; _module_preset=&#8221;default&#8221; custom_button=&#8221;on&#8221; button_text_size=&#8221;12px&#8221; button_text_color=&#8221;#80d100&#8243; custom_margin=&#8221;||0px||false|false&#8221; global_colors_info=&#8221;{}&#8221;][\/et_pb_button][\/et_pb_column][et_pb_column type=&#8221;1_4&#8243; _builder_version=&#8221;4.17.4&#8243; _module_preset=&#8221;default&#8221; global_colors_info=&#8221;{}&#8221;][et_pb_image src=&#8221;data:image\/svg+xml;base64,PHN2ZyB3aWR0aD0iMTA4MCIgaGVpZ2h0PSI1NDAiIHZpZXdCb3g9IjAgMCAxMDgwIDU0MCIgeG1sbnM9Imh0dHA6Ly93d3cudzMub3JnLzIwMDAvc3ZnIj4KICAgIDxnIGZpbGw9Im5vbmUiIGZpbGwtcnVsZT0iZXZlbm9kZCI+CiAgICAgICAgPHBhdGggZmlsbD0iI0VCRUJFQiIgZD0iTTAgMGgxMDgwdjU0MEgweiIvPgogICAgICAgIDxwYXRoIGQ9Ik00NDUuNjQ5IDU0MGgtOTguOTk1TDE0NC42NDkgMzM3Ljk5NSAwIDQ4Mi42NDR2LTk4Ljk5NWwxMTYuMzY1LTExNi4zNjVjMTUuNjItMTUuNjIgNDAuOTQ3LTE1LjYyIDU2LjU2OCAwTDQ0NS42NSA1NDB6IiBmaWxsLW9wYWNpdHk9Ii4xIiBmaWxsPSIjMDAwIiBmaWxsLXJ1bGU9Im5vbnplcm8iLz4KICAgICAgICA8Y2lyY2xlIGZpbGwtb3BhY2l0eT0iLjA1IiBmaWxsPSIjMDAwIiBjeD0iMzMxIiBjeT0iMTQ4IiByPSI3MCIvPgogICAgICAgIDxwYXRoIGQ9Ik0xMDgwIDM3OXYxMTMuMTM3TDcyOC4xNjIgMTQwLjMgMzI4LjQ2MiA1NDBIMjE1LjMyNEw2OTkuODc4IDU1LjQ0NmMxNS42Mi0xNS42MiA0MC45NDgtMTUuNjIgNTYuNTY4IDBMMTA4MCAzNzl6IiBmaWxsLW9wYWNpdHk9Ii4yIiBmaWxsPSIjMDAwIiBmaWxsLXJ1bGU9Im5vbnplcm8iLz4KICAgIDwvZz4KPC9zdmc+Cg==&#8221; _builder_version=&#8221;4.17.4&#8243; _module_preset=&#8221;default&#8221; global_colors_info=&#8221;{}&#8221;][\/et_pb_image][et_pb_text _builder_version=&#8221;4.17.4&#8243; _module_preset=&#8221;default&#8221; width_tablet=&#8221;&#8221; width_phone=&#8221;80%&#8221; width_last_edited=&#8221;on|phone&#8221; module_alignment=&#8221;center&#8221; global_colors_info=&#8221;{}&#8221;]<\/p>\n<p style=\"text-align: center;\"><strong>TIGLIOLE<\/strong><\/p>\n<p>[\/et_pb_text][et_pb_text _builder_version=&#8221;4.17.4&#8243; _module_preset=&#8221;default&#8221; text_text_color=&#8221;#000000&#8243; width_tablet=&#8221;&#8221; width_phone=&#8221;80%&#8221; width_last_edited=&#8221;on|phone&#8221; module_alignment=&#8221;center&#8221; global_colors_info=&#8221;{}&#8221;]<\/p>\n<p style=\"text-align: justify;\">Your content goes here. Edit or remove this text inline or in the module Content settings. You can also style every aspect of this content in the module Design settings and even apply custom CSS to this text in the module Advanced settings.<\/p>\n<p style=\"text-align: justify;\">Your content goes here. Edit or remove this text inline or in the module Content settings. You can also style every aspect of this content in the module Design settings and even apply custom CSS to this text in the module Advanced settings.<\/p>\n<p>[\/et_pb_text][et_pb_button button_text=&#8221;LINK A SITO DI RIFERIMENTO SE ESISTENTE&#8221; button_alignment=&#8221;center&#8221; _builder_version=&#8221;4.17.4&#8243; _module_preset=&#8221;default&#8221; custom_button=&#8221;on&#8221; button_text_size=&#8221;12px&#8221; button_text_color=&#8221;#80d100&#8243; custom_margin=&#8221;||0px||false|false&#8221; global_colors_info=&#8221;{}&#8221;][\/et_pb_button][\/et_pb_column][\/et_pb_row][\/et_pb_section][et_pb_section fb_built=&#8221;1&#8243; disabled_on=&#8221;on|on|off&#8221; _builder_version=&#8221;4.17.4&#8243; _module_preset=&#8221;default&#8221; custom_padding=&#8221;||1px|||&#8221; global_colors_info=&#8221;{}&#8221;][et_pb_row module_id=&#8221;in-viaggio-con-le-immagini&#8221; _builder_version=&#8221;4.17.4&#8243; _module_preset=&#8221;default&#8221; global_colors_info=&#8221;{}&#8221;][et_pb_column type=&#8221;4_4&#8243; _builder_version=&#8221;4.17.4&#8243; _module_preset=&#8221;default&#8221; global_colors_info=&#8221;{}&#8221;][et_pb_text _builder_version=&#8221;4.17.4&#8243; _module_preset=&#8221;default&#8221; text_font=&#8221;Lato||||||||&#8221; text_text_color=&#8221;#898f99&#8243; text_font_size=&#8221;18px&#8221; text_line_height=&#8221;2em&#8221; header_font=&#8221;||||||||&#8221; header_2_font=&#8221;Lato|700|||||||&#8221; header_2_font_size=&#8221;42px&#8221; header_2_line_height=&#8221;1.5em&#8221; text_orientation=&#8221;center&#8221; module_alignment=&#8221;center&#8221; locked=&#8221;off&#8221; global_colors_info=&#8221;{}&#8221;]<\/p>\n<h2>In viaggio con le immagini<\/h2>\n<p>[\/et_pb_text][\/et_pb_column][\/et_pb_row][et_pb_row disabled_on=&#8221;off|off|off&#8221; _builder_version=&#8221;4.17.4&#8243; _module_preset=&#8221;default&#8221; width=&#8221;100%&#8221; max_width=&#8221;2560px&#8221; global_colors_info=&#8221;{}&#8221;][et_pb_column type=&#8221;4_4&#8243; _builder_version=&#8221;4.17.4&#8243; _module_preset=&#8221;default&#8221; global_colors_info=&#8221;{}&#8221;][et_pb_code _builder_version=&#8221;4.17.4&#8243; _module_preset=&#8221;default&#8221; global_colors_info=&#8221;{}&#8221;]\t<!-- CSS Part Start From Here-->\r\n\t<style>\r\n\t\t\r\n\t\t.portfolio-wraper {\r\n\t\t\t\t\t\tmargin-bottom:20px;\r\n\t\t}\r\n\t\t.pfg-bootstrap .img-fluid {\r\n\t\t  max-width: 100%;\r\n\t\t  height: auto;\r\n\t\t}\r\n\r\n\t\t.pfg-bootstrap .img-thumbnail {\r\n\t\t  padding: 0.25rem;\r\n\t\t  background-color: #fff;\r\n\r\n\t\t  \t\t  border: 1px solid #dee2e6;\r\n\t\t  border-radius: 0.25rem;\r\n\t\t  \t\t  max-width: 100%;\r\n\t\t  height: auto;\r\n\t\t}\r\n\t\t.pfg-bootstrap .img-circle {\r\n\t\t  border-radius: 50%;\r\n\t\t}\r\n\t\t.pfg-bootstrap img {\r\n\t\t -moz-transition: all .2s ease-in-out;\r\n\t\t  -webkit-transition: all .2s ease-in-out;\r\n\t\t  -ms-transition: all .2s ease-in-out;\r\n\t\t  -o-transition: all .2s ease-in-out;\r\n\t\t  transition: all .2s ease-in-out;\r\n\t\t}\r\n\t\t.pfg-bootstrap .thumbnail {\r\n\t\t  display: block;\r\n\t\t  padding: 4px;\r\n\t\t  \/*margin-bottom: 20px;*\/\r\n\t\t  line-height: 1.42857143;\r\n\t\t  background-color: #fff;\r\n\t\t  border: 1px solid #ddd;\r\n\t\t  border-radius: 4px;\r\n\t\t  -webkit-transition: border .2s ease-in-out;\r\n\t\t\t   -o-transition: border .2s ease-in-out;\r\n\t\t\t\t  transition: border .2s ease-in-out;\r\n\t\t}\r\n\t\t.pfg-bootstrap .thumbnail > img,\r\n\t\t.pfg-bootstrap .thumbnail a > img {\r\n\t\t  margin-right: auto;\r\n\t\t  margin-left: auto;\r\n\t\t}\r\n\t\t.pfg-bootstrap a.thumbnail:hover,\r\n\t\t.pfg-bootstrap a.thumbnail:focus,\r\n\t\t.pfg-bootstrap a.thumbnail.active {\r\n\t\t  border-color: #337ab7;\r\n\t\t}\r\n\t\t.pfg-bootstrap .thumbnail .caption {\r\n\t\t  padding: 9px;\r\n\t\t  color: #333;\r\n\t\t}\r\n\r\n\t\tfigure {\r\n\t\t  margin: 0;\r\n\t\t}\r\n\t\timg {\r\n\t\t  vertical-align: middle;\r\n\t\t}\r\n\t\t.pfg-bootstrap .img-responsive,\r\n\t\t.pfg-bootstrap .thumbnail > img,\r\n\t\t.pfg-bootstrap .thumbnail a > img,\r\n\t\t.pfg-bootstrap .carousel-inner > .item > img,\r\n\t\t.pfg-bootstrap .carousel-inner > .item > a > img {\r\n\t\t  display: block;\r\n\t\t  max-width: 100%;\r\n\t\t  height: auto;\r\n\t\t}\r\n\t\t.pfg-bootstrap .img-rounded {\r\n\t\t  border-radius: 6px;\r\n\t\t}\r\n\t\t\r\n\t\t\t\tli#all {\r\n\t\t\tmargin: 0;\r\n\t\t}\r\n\t\t\r\n\t\t.simplefilter li {\r\n\t\t\tmargin-top: 5px;\r\n\t\t}\r\n\t\t\r\n\t\t.filtr-search {\r\n\t\t\tmargin-top:10px !important;\r\n\t\t\twidth:200px !important;\r\n\t\t\tmargin-bottom: 20px;\r\n\t\t}\r\n\t\t#all-simplefilter {\r\n\t\t\tdisplay:inline;\r\n\t\t\tpadding-left: 0px !important;\r\n\t\t}\r\n\t\t#f-simplefilter-8530 {\r\n\t\t\tdisplay:inline;\r\n\t\t\tpadding-left: 0px !important;\r\n\t\t}\r\n\t\tbutton:hover {\r\n\t\t\tbackground-color: unset !important;\r\n\t\t}\r\n\t\t\r\n\t\t\t\t\r\n\t\t@keyframes .YouTubePopUp-Content  {\r\n\t\t\tfrom {\r\n\t\t\t\ttransform: translate3d(0, 100%, 0);\r\n\t\t\t\tvisibility: visible;\r\n\t\t\t}\r\n\r\n\t\t\tto {\r\n\t\t\t\ttransform: translate3d(0, 0, 0);\r\n\t\t\t}\r\n\t\t}\r\n\r\n\t\t.YouTubePopUp-Content  {\r\n\t\t\tanimation-name: .YouTubePopUp-Content ;\r\n\t\t}\r\n\r\n\t\t.YouTubePopUp-Close { \r\n\t\t\tbackground:url(https:\/\/www.monferratoastigiano.it\/outdoor\/wp-content\/plugins\/portfolio-filter-gallery\/\/img\/close-icon-white.png) no-repeat;\r\n\t\t\tbackground-size:50px 50px;\r\n\t\t\t-webkit-background-size:70px 50px;\r\n\t\t\t-moz-background-size:70px 50px;\r\n\t\t\t-o-background-size:70px 50px;\r\n\t\t}\r\n\t\tul.simplefilter {\r\n\t\t\tmargin-left: 0 !important;\r\n\t\t}\r\n\t\t.pfg_img_8530 {\r\n\t\t\twidth: 100% !important;\r\n\t\t\theight: 100% !important;\r\n\t\t}\r\n\t\t.filter_gallery_8530 > a {\r\n\t\t\tposition: initial !important;\r\n\t\t}\r\n\t\t.thumbnail_8530 {\r\n\t\t\twidth:100% !important;\r\n\t\t\theight:auto;\r\n\t\t\tmargin-bottom: 0px !important;\r\n\t\t\t\r\n\t\t}\r\n\t\t.filtr-item {\r\n\t\t\tpadding-right:7px !important;\r\n\t\t\tpadding-left:7px !important;\r\n\t\t\tpadding-top:7px !important;\r\n\t\t\tpadding-bottom:7px !important;\r\n\t\t}\r\n\t\t.filtr-item img {\r\n\t\t\ttransition: all .2s !important\r\n\t\t}\r\n\t\t\t\t\t\t.simplefilter_8530 li {\r\n\t\t\tbackground-color: #ccc;\r\n\t\t\tcolor: #000000;\r\n\t\t}\r\n\t\t\r\n\t\t.simplefilter_8530 li:hover {\r\n\t\t\tbackground-color: #81d742 !important;\r\n\t\t}\r\n\t\t\r\n\t\t.simplefilter_8530 li.active {\r\n\t\t\tbackground-color: #81d742 !important;\r\n\t\t}\r\n\t\t\r\n\t\t\t<\/style>\r\n\t\t<div class=\"portfolio-wraper pfg-bootstrap\" version=\"1.7.5\">\r\n\t\t\t\t\t<div class=\"col-lg-12 col-md-12 col-xs-12 text-center\">\r\n\t\t\t\t<ul id=\"all-simplefilter\" class=\"filtr-control-8530 simplefilter simplefilter_8530\">\r\n\t\t\t\t\t<li id=\"all\" class=\"active filtr-controls-8530\" data-filter=\"all\">Tutte<\/li>\r\n\t\t\t\t<\/ul>\r\n\t\t\t\t<ul id=\"f-simplefilter-8530\" class=\"filtr-control-8530 simplefilter simplefilter_8530\">\r\n\t\t\t\t\t\t\t\t\t\t\t\t\t<li data-filter=\"1\"\r\n\t\t\t\t\t\t\t\t\tclass=\"filtr-controls-8530\">Primavera<\/li>\r\n\t\t\t\t\t\t\t\t\t\t\t\t\t\t\t\t<li data-filter=\"2\"\r\n\t\t\t\t\t\t\t\t\tclass=\"filtr-controls-8530\">Estate<\/li>\r\n\t\t\t\t\t\t\t\t\t\t\t\t\t\t\t\t<li data-filter=\"3\"\r\n\t\t\t\t\t\t\t\t\tclass=\"filtr-controls-8530\">Autunno<\/li>\r\n\t\t\t\t\t\t\t\t\t\t\t\t\t\t\t\t<li data-filter=\"4\"\r\n\t\t\t\t\t\t\t\t\tclass=\"filtr-controls-8530\">Inverno<\/li>\r\n\t\t\t\t\t\t\t\t\t\t\t\t<\/ul>\r\n\r\n\t\t\t<\/div>\r\n\t\t\t\t<!-- Shuffle & Sort Controls -->\r\n\t\t\t\t\r\n\t\t<div class=\"row loading-wrapper text-center\">\r\n\t\t\t<img decoding=\"async\" src=\"https:\/\/www.monferratoastigiano.it\/outdoor\/wp-content\/plugins\/portfolio-filter-gallery\/\/img\/loading-icon.gif\" width=\"60\">\r\n\t\t<\/div>\r\n\t\t<div class=\"filter_gallery_8530 row filtr-container filters-div\" style=\"opacity:0; display:none;\">\r\n\t\t\t\t\t\t\t\t<a href=\"https:\/\/www.monferratoastigiano.it\/outdoor\/wp-content\/uploads\/2023\/08\/Primavera-Itinerario-Via-dell-Acqua-1.jpg\" class=\"pfg-lightbox-all pfg-lightbox-1\" data-lightbox=\"pfg-lightbox\"  data-title=\"Colline coltivate al tramonto\" data-alt=\"Colline coltivate al tramonto\" title=\"Colline coltivate al tramonto\">\r\n\t\t\t\t\t\t<div data-category=\"1\" data-sort=\"Colline coltivate al tramonto\" class=\"animateonload filtr-item filtr_item_8530 single_one col-lg-3 col-md-12 col-sm-4 col-12\">\r\n\t\t\t\t\t\t\t\t\t\t\t\t\t\t\t<img decoding=\"async\" class=\" thumbnail  thumbnail_8530 pfg-img pfg_img_8530 img-responsive hvr-grow-shadow\" src=\"https:\/\/www.monferratoastigiano.it\/outdoor\/wp-content\/uploads\/2023\/08\/Primavera-Itinerario-Via-dell-Acqua-1.jpg\" alt=\"Un paesaggio collinare rurale con campi coltivati disposti in fasce regolari di diversi colori: verde, giallo chiaro e marrone. La luce del tramonto, che sfuma dal rosa al giallo intenso, colora il cielo sopra le colline. Alcuni alberi spogli si ergono sulla sommit\u00e0 delle colline, mentre altri pi\u00f9 densi formano un piccolo boschetto sulla destra. In basso a destra, si intravede una costruzione bianca, forse un fienile. L'atmosfera \u00e8 calma e suggestiva, tipica della campagna in primavera.\">\r\n\t\t\t\t\t\t\t\t\t\t\t\t\t\t\t\t\t<span class=\"item-desc item_desc_8530\">Colline coltivate al tramonto<\/span>\r\n\t\t\t\t\t\t\t\t\t\t\t\t\t\t<\/div>\r\n\t\t\t\t\t<\/a>\r\n\t\t\t\t\t\t\t\t\t\t<a href=\"https:\/\/www.monferratoastigiano.it\/outdoor\/wp-content\/uploads\/2023\/08\/Primavera-Itinerario-Via-dell-Acqua-2.jpg\" class=\"pfg-lightbox-all pfg-lightbox-1\" data-lightbox=\"pfg-lightbox\"  data-title=\"Casa di campagna su una collina al tramonto\" data-alt=\"Casa di campagna su una collina al tramonto\" title=\"Casa di campagna su una collina al tramonto\">\r\n\t\t\t\t\t\t<div data-category=\"1\" data-sort=\"Casa di campagna su una collina al tramonto\" class=\"animateonload filtr-item filtr_item_8530 single_one col-lg-3 col-md-12 col-sm-4 col-12\">\r\n\t\t\t\t\t\t\t\t\t\t\t\t\t\t\t<img decoding=\"async\" class=\" thumbnail  thumbnail_8530 pfg-img pfg_img_8530 img-responsive hvr-grow-shadow\" src=\"https:\/\/www.monferratoastigiano.it\/outdoor\/wp-content\/uploads\/2023\/08\/Primavera-Itinerario-Via-dell-Acqua-2.jpg\" alt=\"Una casa di campagna bianca a due piani con tetto rosso sorge su una collina erbosa circondata da alberi. La luce dorata del tramonto illumina la facciata, creando ombre morbide degli alberi sulla parete. Il cielo \u00e8 sereno con qualche nuvola sparsa e sullo sfondo si intravedono dolci colline boscose. Alcuni cavi elettrici attraversano il prato in primo piano. L\u2019atmosfera \u00e8 tranquilla e accogliente, tipica delle zone rurali italiane.\">\r\n\t\t\t\t\t\t\t\t\t\t\t\t\t\t\t\t\t<span class=\"item-desc item_desc_8530\">Casa di campagna su una collina al tramonto<\/span>\r\n\t\t\t\t\t\t\t\t\t\t\t\t\t\t<\/div>\r\n\t\t\t\t\t<\/a>\r\n\t\t\t\t\t\t\t\t\t\t<a href=\"https:\/\/www.monferratoastigiano.it\/outdoor\/wp-content\/uploads\/2023\/08\/Primavera-Itinerario-Via-dell-Acqua-3.jpg\" class=\"pfg-lightbox-all pfg-lightbox-1\" data-lightbox=\"pfg-lightbox\"  data-title=\"Castello sulle colline con sfondo alpino\" data-alt=\"Castello sulle colline con sfondo alpino\" title=\"Castello sulle colline con sfondo alpino\">\r\n\t\t\t\t\t\t<div data-category=\"1\" data-sort=\"Castello sulle colline con sfondo alpino\" class=\"animateonload filtr-item filtr_item_8530 single_one col-lg-3 col-md-12 col-sm-4 col-12\">\r\n\t\t\t\t\t\t\t\t\t\t\t\t\t\t\t<img decoding=\"async\" class=\" thumbnail  thumbnail_8530 pfg-img pfg_img_8530 img-responsive hvr-grow-shadow\" src=\"https:\/\/www.monferratoastigiano.it\/outdoor\/wp-content\/uploads\/2023\/08\/Primavera-Itinerario-Via-dell-Acqua-3.jpg\" alt=\"In primo piano, una collina verde ricoperta di alberi ospita un castello antico, con mura in pietra e una torre prominente. Sullo sfondo si staglia un\u2019imponente catena montuosa: le Alpi innevate, illuminate da una luce tenue e diffusa che filtra tra le nuvole. La scena trasmette un forte senso di profondit\u00e0 e maestosit\u00e0 naturale, con il contrasto tra il verde delle colline e il bianco brillante delle montagne. L\u2019atmosfera \u00e8 serena, quasi fiabesca.\">\r\n\t\t\t\t\t\t\t\t\t\t\t\t\t\t\t\t\t<span class=\"item-desc item_desc_8530\">Castello sulle colline con sfondo alpino<\/span>\r\n\t\t\t\t\t\t\t\t\t\t\t\t\t\t<\/div>\r\n\t\t\t\t\t<\/a>\r\n\t\t\t\t\t\t\t\t\t\t<a href=\"https:\/\/www.monferratoastigiano.it\/outdoor\/wp-content\/uploads\/2023\/08\/Primavera-Itinerario-Via-dell-Acqua-4.jpg\" class=\"pfg-lightbox-all pfg-lightbox-1\" data-lightbox=\"pfg-lightbox\"  data-title=\"Panorama collinare del Monferrato\" data-alt=\"Panorama collinare del Monferrato\" title=\"Panorama collinare del Monferrato\">\r\n\t\t\t\t\t\t<div data-category=\"1\" data-sort=\"Panorama collinare del Monferrato\" class=\"animateonload filtr-item filtr_item_8530 single_one col-lg-3 col-md-12 col-sm-4 col-12\">\r\n\t\t\t\t\t\t\t\t\t\t\t\t\t\t\t<img decoding=\"async\" class=\" thumbnail  thumbnail_8530 pfg-img pfg_img_8530 img-responsive hvr-grow-shadow\" src=\"https:\/\/www.monferratoastigiano.it\/outdoor\/wp-content\/uploads\/2023\/08\/Primavera-Itinerario-Via-dell-Acqua-4.jpg\" alt=\"L\u2019immagine mostra un ampio panorama collinare del Monferrato, in Piemonte. In primo piano si vedono campi verdi, coltivazioni e alcune case rurali isolate. Pi\u00f9 in lontananza, si estendono dolci colline con boschi, vigneti e piccoli borghi sparsi. I tetti rossi delle case contrastano con il verde intenso della vegetazione primaverile. Sullo sfondo, le colline diventano pi\u00f9 alte e sfumano in tonalit\u00e0 azzurre, tipiche della profondit\u00e0 atmosferica. Il cielo \u00e8 limpido con qualche nuvola leggera.\">\r\n\t\t\t\t\t\t\t\t\t\t\t\t\t\t\t\t\t<span class=\"item-desc item_desc_8530\">Panorama collinare del Monferrato<\/span>\r\n\t\t\t\t\t\t\t\t\t\t\t\t\t\t<\/div>\r\n\t\t\t\t\t<\/a>\r\n\t\t\t\t\t\t\t\t\t\t<a href=\"https:\/\/www.monferratoastigiano.it\/outdoor\/wp-content\/uploads\/2023\/08\/Primavera-Itinerario-Via-dell-Acqua-5.jpg\" class=\"pfg-lightbox-all pfg-lightbox-1\" data-lightbox=\"pfg-lightbox\"  data-title=\"Cascina rurale su una collina verde, affiancata da un vigneto spoglio.\" data-alt=\"Cascina rurale su una collina verde, affiancata da un vigneto spoglio.\" title=\"Cascina rurale su una collina verde, affiancata da un vigneto spoglio.\">\r\n\t\t\t\t\t\t<div data-category=\"1\" data-sort=\"Cascina rurale su una collina verde, affiancata da un vigneto spoglio.\" class=\"animateonload filtr-item filtr_item_8530 single_one col-lg-3 col-md-12 col-sm-4 col-12\">\r\n\t\t\t\t\t\t\t\t\t\t\t\t\t\t\t<img decoding=\"async\" class=\" thumbnail  thumbnail_8530 pfg-img pfg_img_8530 img-responsive hvr-grow-shadow\" src=\"https:\/\/www.monferratoastigiano.it\/outdoor\/wp-content\/uploads\/2023\/08\/Primavera-Itinerario-Via-dell-Acqua-5.jpg\" alt=\"In questa immagine si vede una cascina rurale situata in cima a una collina ricoperta di vegetazione. L\u2019edificio \u00e8 composto da una parte in muratura rossa e una parte centrale bianca con finestre verdi e tetto in coppi rossi. Davanti alla casa, cespugli curati e alberi decorativi. A destra, un vigneto si sviluppa su un pendio, con filari spogli e un sentiero in terra battuta che lo attraversa. In basso, un\u2019area verde fitta di alberi e arbusti tipici delle colline piemontesi in primavera.\">\r\n\t\t\t\t\t\t\t\t\t\t\t\t\t\t\t\t\t<span class=\"item-desc item_desc_8530\">Cascina rurale su una collina verde, affiancata da un vigneto spoglio.<\/span>\r\n\t\t\t\t\t\t\t\t\t\t\t\t\t\t<\/div>\r\n\t\t\t\t\t<\/a>\r\n\t\t\t\t\t\t\t\t\t\t<a href=\"https:\/\/www.monferratoastigiano.it\/outdoor\/wp-content\/uploads\/2023\/08\/Primavera-Itinerario-Via-dell-Acqua-6.jpg\" class=\"pfg-lightbox-all pfg-lightbox-1\" data-lightbox=\"pfg-lightbox\"  data-title=\"Vigneto su collina con filari spogli e sentiero centrale\" data-alt=\"Vigneto su collina con filari spogli e sentiero centrale\" title=\"Vigneto su collina con filari spogli e sentiero centrale\">\r\n\t\t\t\t\t\t<div data-category=\"1\" data-sort=\"Vigneto su collina con filari spogli e sentiero centrale\" class=\"animateonload filtr-item filtr_item_8530 single_one col-lg-3 col-md-12 col-sm-4 col-12\">\r\n\t\t\t\t\t\t\t\t\t\t\t\t\t\t\t<img decoding=\"async\" class=\" thumbnail  thumbnail_8530 pfg-img pfg_img_8530 img-responsive hvr-grow-shadow\" src=\"https:\/\/www.monferratoastigiano.it\/outdoor\/wp-content\/uploads\/2023\/08\/Primavera-Itinerario-Via-dell-Acqua-6.jpg\" alt=\"L\u2019immagine mostra una collina coltivata a vigneto, con filari ordinati e paralleli che seguono il profilo del pendio. I pali di sostegno sono visibili ma le viti appaiono spoglie, probabilmente in una stagione tra l'inverno e l'inizio primavera. Un sentiero di terra corre al centro della scena, salendo dritto lungo la collina fino al crinale superiore, dove si intravedono alcune piante potate e qualche albero isolato. In basso, un\u2019area di vegetazione spontanea pi\u00f9 fitta, con alberi e arbusti verdi e marroni, segna il confine naturale con il vigneto.\">\r\n\t\t\t\t\t\t\t\t\t\t\t\t\t\t\t\t\t<span class=\"item-desc item_desc_8530\">Vigneto su collina con filari spogli e sentiero centrale<\/span>\r\n\t\t\t\t\t\t\t\t\t\t\t\t\t\t<\/div>\r\n\t\t\t\t\t<\/a>\r\n\t\t\t\t\t\t\t\t\t\t<a href=\"https:\/\/www.monferratoastigiano.it\/outdoor\/wp-content\/uploads\/2023\/08\/Primavera-Itinerario-Via-dell-Acqua-7.jpg\" class=\"pfg-lightbox-all pfg-lightbox-1\" data-lightbox=\"pfg-lightbox\"  data-title=\"Campanile con orologio in un borgo collinare, con glicine in primo piano\" data-alt=\"Campanile con orologio in un borgo collinare, con glicine in primo piano\" title=\"Campanile con orologio in un borgo collinare, con glicine in primo piano\">\r\n\t\t\t\t\t\t<div data-category=\"1\" data-sort=\"Campanile con orologio in un borgo collinare, con glicine in primo piano\" class=\"animateonload filtr-item filtr_item_8530 single_one col-lg-3 col-md-12 col-sm-4 col-12\">\r\n\t\t\t\t\t\t\t\t\t\t\t\t\t\t\t<img decoding=\"async\" class=\" thumbnail  thumbnail_8530 pfg-img pfg_img_8530 img-responsive hvr-grow-shadow\" src=\"https:\/\/www.monferratoastigiano.it\/outdoor\/wp-content\/uploads\/2023\/08\/Primavera-Itinerario-Via-dell-Acqua-7.jpg\" alt=\"L\u2019immagine mostra un campanile in mattoni rossi, con un grande orologio bianco sul lato visibile. La torre si erge sopra i tetti di un piccolo borgo, in una zona collinare e verdeggiante. In primo piano, sfocati, si vedono dei rami e abbondanti fiori di glicine viola che incorniciano la vista. Sullo sfondo, la pianura si estende verso l\u2019orizzonte con campi coltivati, alberi e alcuni edifici sparsi, mentre il cielo \u00e8 parzialmente nuvoloso. L\u2019atmosfera \u00e8 primaverile, con luce calda del tardo pomeriggio.\">\r\n\t\t\t\t\t\t\t\t\t\t\t\t\t\t\t\t\t<span class=\"item-desc item_desc_8530\">Campanile con orologio in un borgo collinare, con glicine in primo piano<\/span>\r\n\t\t\t\t\t\t\t\t\t\t\t\t\t\t<\/div>\r\n\t\t\t\t\t<\/a>\r\n\t\t\t\t\t\t\t\t\t\t<a href=\"https:\/\/www.monferratoastigiano.it\/outdoor\/wp-content\/uploads\/2023\/08\/Primavera-Itinerario-Via-dell-Acqua-8.jpg\" class=\"pfg-lightbox-all pfg-lightbox-1\" data-lightbox=\"pfg-lightbox\"  data-title=\"Cappella romanica in mattoni su una collina erbosa\" data-alt=\"Cappella romanica in mattoni su una collina erbosa\" title=\"Cappella romanica in mattoni su una collina erbosa\">\r\n\t\t\t\t\t\t<div data-category=\"1\" data-sort=\"Cappella romanica in mattoni su una collina erbosa\" class=\"animateonload filtr-item filtr_item_8530 single_one col-lg-3 col-md-12 col-sm-4 col-12\">\r\n\t\t\t\t\t\t\t\t\t\t\t\t\t\t\t<img decoding=\"async\" class=\" thumbnail  thumbnail_8530 pfg-img pfg_img_8530 img-responsive hvr-grow-shadow\" src=\"https:\/\/www.monferratoastigiano.it\/outdoor\/wp-content\/uploads\/2023\/08\/Primavera-Itinerario-Via-dell-Acqua-8.jpg\" alt=\"Al centro dell'immagine si erge una piccola cappella romanica, costruita in mattoni rossi con dettagli in pietra grigia attorno al portale d\u2019ingresso. La chiesetta ha un tetto a capanna e si trova su una collinetta coperta d'erba, ben curata. Dietro l\u2019edificio si alzano alberi spogli, probabilmente a causa della stagione primaverile o autunnale. La luce calda del tardo pomeriggio illumina la facciata della cappella, evidenziandone la texture dei mattoni e le linee architettoniche sobrie. Davanti all\u2019ingresso sono visibili alcuni cartelli informativi e un sentiero che sale leggermente.\">\r\n\t\t\t\t\t\t\t\t\t\t\t\t\t\t\t\t\t<span class=\"item-desc item_desc_8530\">Cappella romanica in mattoni su una collina erbosa<\/span>\r\n\t\t\t\t\t\t\t\t\t\t\t\t\t\t<\/div>\r\n\t\t\t\t\t<\/a>\r\n\t\t\t\t\t\t\t\t\t\t<a href=\"https:\/\/www.monferratoastigiano.it\/outdoor\/wp-content\/uploads\/2023\/08\/Estate-Ferrere.jpg\" class=\"pfg-lightbox-all pfg-lightbox-2\" data-lightbox=\"pfg-lightbox\"  data-title=\"Cassetta \u201cGolosi di Miele\u201d in campagna\" data-alt=\"Cassetta \u201cGolosi di Miele\u201d in campagna\" title=\"Cassetta \u201cGolosi di Miele\u201d in campagna\">\r\n\t\t\t\t\t\t<div data-category=\"2\" data-sort=\"Cassetta \u201cGolosi di Miele\u201d in campagna\" class=\"animateonload filtr-item filtr_item_8530 single_one col-lg-3 col-md-12 col-sm-4 col-12\">\r\n\t\t\t\t\t\t\t\t\t\t\t\t\t\t\t<img decoding=\"async\" class=\" thumbnail  thumbnail_8530 pfg-img pfg_img_8530 img-responsive hvr-grow-shadow\" src=\"https:\/\/www.monferratoastigiano.it\/outdoor\/wp-content\/uploads\/2023\/08\/Estate-Ferrere.jpg\" alt=\"L\u2019immagine mostra una simpatica struttura gialla di legno, a forma di cassetta, con la scritta \u201cGolosi di Miele\u201d realizzata a mano. Sulla parte superiore c\u2019\u00e8 un piccolo tetto spiovente e una cassettina con un lucchetto. La struttura \u00e8 collocata in un campo collinare con terreno secco e vigneti sullo sfondo, sotto un cielo azzurro con leggere velature. Probabilmente si tratta di un punto vendita o promozionale per miele artigianale in contesto rurale.\">\r\n\t\t\t\t\t\t\t\t\t\t\t\t\t\t\t\t\t<span class=\"item-desc item_desc_8530\">Cassetta \u201cGolosi di Miele\u201d in campagna<\/span>\r\n\t\t\t\t\t\t\t\t\t\t\t\t\t\t<\/div>\r\n\t\t\t\t\t<\/a>\r\n\t\t\t\t\t\t\t\t\t\t<a href=\"https:\/\/www.monferratoastigiano.it\/outdoor\/wp-content\/uploads\/2023\/08\/Estate-Ferrere-Big-bench.jpg\" class=\"pfg-lightbox-all pfg-lightbox-2\" data-lightbox=\"pfg-lightbox\"  data-title=\"Panchina gigante panoramica colorata\" data-alt=\"Panchina gigante panoramica colorata\" title=\"Panchina gigante panoramica colorata\">\r\n\t\t\t\t\t\t<div data-category=\"2\" data-sort=\"Panchina gigante panoramica colorata\" class=\"animateonload filtr-item filtr_item_8530 single_one col-lg-3 col-md-12 col-sm-4 col-12\">\r\n\t\t\t\t\t\t\t\t\t\t\t\t\t\t\t<img decoding=\"async\" class=\" thumbnail  thumbnail_8530 pfg-img pfg_img_8530 img-responsive hvr-grow-shadow\" src=\"https:\/\/www.monferratoastigiano.it\/outdoor\/wp-content\/uploads\/2023\/08\/Estate-Ferrere-Big-bench.jpg\" alt=\"In primo piano si vede una \u201cpanchina gigante\u201d dipinta di giallo con struttura portante rosa. \u00c8 collocata su un\u2019altura erbosa con vista mozzafiato sui colli circostanti, coperti da boschi e vigneti. Vicino alla panchina si trova una piccola cassetta, probabilmente contenente informazioni turistiche o un libro delle firme. Il cielo \u00e8 parzialmente nuvoloso e il panorama si estende fino all\u2019orizzonte, offrendo una prospettiva suggestiva tipica delle Langhe o del Monferrato.\">\r\n\t\t\t\t\t\t\t\t\t\t\t\t\t\t\t\t\t<span class=\"item-desc item_desc_8530\">Panchina gigante panoramica colorata<\/span>\r\n\t\t\t\t\t\t\t\t\t\t\t\t\t\t<\/div>\r\n\t\t\t\t\t<\/a>\r\n\t\t\t\t\t\t\t\t\t\t<a href=\"https:\/\/www.monferratoastigiano.it\/outdoor\/wp-content\/uploads\/2023\/08\/Estate-tra-Tigliole-e-San-Damiano.jpg\" class=\"pfg-lightbox-all pfg-lightbox-2\" data-lightbox=\"pfg-lightbox\"  data-title=\"Facciata in mattoni della chiesa di campagna\" data-alt=\"Facciata in mattoni della chiesa di campagna\" title=\"Facciata in mattoni della chiesa di campagna\">\r\n\t\t\t\t\t\t<div data-category=\"2\" data-sort=\"Facciata in mattoni della chiesa di campagna\" class=\"animateonload filtr-item filtr_item_8530 single_one col-lg-3 col-md-12 col-sm-4 col-12\">\r\n\t\t\t\t\t\t\t\t\t\t\t\t\t\t\t<img decoding=\"async\" class=\" thumbnail  thumbnail_8530 pfg-img pfg_img_8530 img-responsive hvr-grow-shadow\" src=\"https:\/\/www.monferratoastigiano.it\/outdoor\/wp-content\/uploads\/2023\/08\/Estate-tra-Tigliole-e-San-Damiano.jpg\" alt=\"L\u2019immagine mostra la facciata di una piccola chiesa in mattoni rossi, in stile sobrio e tradizionale. Sopra il portone d\u2019ingresso, sormontato da un timpano triangolare, si apre una finestra ad arco. Sul frontone alto \u00e8 visibile un affresco raffigurante una figura religiosa e una piccola croce in ferro svetta sulla sommit\u00e0 del tetto. Sulla destra, l\u2019edificio si estende con finestre chiuse da persiane marroni, probabilmente un annesso parrocchiale. La scena \u00e8 incorniciata da alberi rigogliosi, tra cui un grande albero a destra e due palme ornamentali a sinistra, che creano un\u2019atmosfera tranquilla e accogliente.\">\r\n\t\t\t\t\t\t\t\t\t\t\t\t\t\t\t\t\t<span class=\"item-desc item_desc_8530\">Facciata in mattoni della chiesa di campagna<\/span>\r\n\t\t\t\t\t\t\t\t\t\t\t\t\t\t<\/div>\r\n\t\t\t\t\t<\/a>\r\n\t\t\t\t\t\t\t\t\t\t<a href=\"https:\/\/www.monferratoastigiano.it\/outdoor\/wp-content\/uploads\/2023\/08\/Estate-Tigliole-paesaggio-dal-Municipio.jpg\" class=\"pfg-lightbox-all pfg-lightbox-2\" data-lightbox=\"pfg-lightbox\"  data-title=\"Panchina panoramica su colline boscose\" data-alt=\"Panchina panoramica su colline boscose\" title=\"Panchina panoramica su colline boscose\">\r\n\t\t\t\t\t\t<div data-category=\"2\" data-sort=\"Panchina panoramica su colline boscose\" class=\"animateonload filtr-item filtr_item_8530 single_one col-lg-3 col-md-12 col-sm-4 col-12\">\r\n\t\t\t\t\t\t\t\t\t\t\t\t\t\t\t<img decoding=\"async\" class=\" thumbnail  thumbnail_8530 pfg-img pfg_img_8530 img-responsive hvr-grow-shadow\" src=\"https:\/\/www.monferratoastigiano.it\/outdoor\/wp-content\/uploads\/2023\/08\/Estate-Tigliole-paesaggio-dal-Municipio.jpg\" alt=\"L\u2019immagine mostra una panchina in pietra collocata in un\u2019area ombreggiata, rivolta verso un paesaggio collinare verdeggiante. Dietro la panchina si estende una siepe ben curata, e oltre di essa si apre un\u2019ampia veduta che spazia su colline ricoperte di alberi e macchie boschive, con alcune abitazioni visibili in lontananza. Il cielo \u00e8 chiaro e luminoso, tipico di una giornata estiva. La scena trasmette una sensazione di quiete, invitando alla sosta e alla contemplazione del paesaggio naturale.\">\r\n\t\t\t\t\t\t\t\t\t\t\t\t\t\t\t\t\t<span class=\"item-desc item_desc_8530\">Panchina panoramica su colline boscose<\/span>\r\n\t\t\t\t\t\t\t\t\t\t\t\t\t\t<\/div>\r\n\t\t\t\t\t<\/a>\r\n\t\t\t\t\t\t\t\t\t\t<a href=\"https:\/\/www.monferratoastigiano.it\/outdoor\/wp-content\/uploads\/2023\/08\/Estate-San-Paolo-Solbrito-paesaggio.jpg\" class=\"pfg-lightbox-all pfg-lightbox-2\" data-lightbox=\"pfg-lightbox\"  data-title=\"Vecchio albero da frutto tra i filari di vite\" data-alt=\"Vecchio albero da frutto tra i filari di vite\" title=\"Vecchio albero da frutto tra i filari di vite\">\r\n\t\t\t\t\t\t<div data-category=\"2\" data-sort=\"Vecchio albero da frutto tra i filari di vite\" class=\"animateonload filtr-item filtr_item_8530 single_one col-lg-3 col-md-12 col-sm-4 col-12\">\r\n\t\t\t\t\t\t\t\t\t\t\t\t\t\t\t<img decoding=\"async\" class=\" thumbnail  thumbnail_8530 pfg-img pfg_img_8530 img-responsive hvr-grow-shadow\" src=\"https:\/\/www.monferratoastigiano.it\/outdoor\/wp-content\/uploads\/2023\/08\/Estate-San-Paolo-Solbrito-paesaggio.jpg\" alt=\"Al centro dell\u2019immagine si staglia un albero da frutto dalla chioma ampia e irregolare, con rami bassi che si protendono lateralmente. L\u2019albero si trova su un terreno erboso e asciutto, accanto a un sentiero di terra battuta. Ai suoi piedi si notano alcuni tronchetti tagliati. Sullo sfondo si estende un vigneto ordinato, con filari verdi disposti su pi\u00f9 file parallele. Il cielo \u00e8 coperto, creando una luce diffusa e morbida, tipica di una giornata estiva o tardo estiva.\">\r\n\t\t\t\t\t\t\t\t\t\t\t\t\t\t\t\t\t<span class=\"item-desc item_desc_8530\">Vecchio albero da frutto tra i filari di vite<\/span>\r\n\t\t\t\t\t\t\t\t\t\t\t\t\t\t<\/div>\r\n\t\t\t\t\t<\/a>\r\n\t\t\t\t\t\t\t\t\t\t<a href=\"https:\/\/www.monferratoastigiano.it\/outdoor\/wp-content\/uploads\/2023\/08\/Estate-Cantarana.jpg\" class=\"pfg-lightbox-all pfg-lightbox-2\" data-lightbox=\"pfg-lightbox\"  data-title=\"Stradina tra campi coltivati e filari di alberi\" data-alt=\"Stradina tra campi coltivati e filari di alberi\" title=\"Stradina tra campi coltivati e filari di alberi\">\r\n\t\t\t\t\t\t<div data-category=\"2\" data-sort=\"Stradina tra campi coltivati e filari di alberi\" class=\"animateonload filtr-item filtr_item_8530 single_one col-lg-3 col-md-12 col-sm-4 col-12\">\r\n\t\t\t\t\t\t\t\t\t\t\t\t\t\t\t<img decoding=\"async\" class=\" thumbnail  thumbnail_8530 pfg-img pfg_img_8530 img-responsive hvr-grow-shadow\" src=\"https:\/\/www.monferratoastigiano.it\/outdoor\/wp-content\/uploads\/2023\/08\/Estate-Cantarana.jpg\" alt=\"In primo piano si vede una stradina sterrata che si snoda dolcemente attraverso una zona agricola. Ai lati della strada ci sono campi coltivati: sulla sinistra un terreno arido con tracce di vegetazione bassa, mentre a destra si intravedono coltivazioni verdi, probabilmente mais. Al centro dell\u2019immagine, spicca un filare di giovani alberi ordinatamente piantati, sostenuti da pali. Sullo sfondo, un\u2019area collinare ricoperta di alberi forma una linea di vegetazione scura. Il cielo \u00e8 sereno, azzurro, con poche nuvole bianche sparse.\">\r\n\t\t\t\t\t\t\t\t\t\t\t\t\t\t\t\t\t<span class=\"item-desc item_desc_8530\">Stradina tra campi coltivati e filari di alberi<\/span>\r\n\t\t\t\t\t\t\t\t\t\t\t\t\t\t<\/div>\r\n\t\t\t\t\t<\/a>\r\n\t\t\t\t\t\t\t\t\t\t<a href=\"https:\/\/www.monferratoastigiano.it\/outdoor\/wp-content\/uploads\/2023\/08\/Estate-Valfenera.jpg\" class=\"pfg-lightbox-all pfg-lightbox-2\" data-lightbox=\"pfg-lightbox\"  data-title=\"Panorama del borgo con campanile tra il verde\" data-alt=\"Panorama del borgo con campanile tra il verde\" title=\"Panorama del borgo con campanile tra il verde\">\r\n\t\t\t\t\t\t<div data-category=\"2\" data-sort=\"Panorama del borgo con campanile tra il verde\" class=\"animateonload filtr-item filtr_item_8530 single_one col-lg-3 col-md-12 col-sm-4 col-12\">\r\n\t\t\t\t\t\t\t\t\t\t\t\t\t\t\t<img decoding=\"async\" class=\" thumbnail  thumbnail_8530 pfg-img pfg_img_8530 img-responsive hvr-grow-shadow\" src=\"https:\/\/www.monferratoastigiano.it\/outdoor\/wp-content\/uploads\/2023\/08\/Estate-Valfenera.jpg\" alt=\"La fotografia mostra una veduta panoramica di un borgo collinare immerso nel verde. In primo piano si estende un'ampia area boschiva con una variet\u00e0 di alberi. Sullo sfondo, si erge un piccolo centro abitato con edifici storici, case pi\u00f9 moderne e, al centro, un campanile con orologio e cuspide appuntita, che domina il profilo del paese. Il cielo \u00e8 limpido e chiaro, con una singola nuvola visibile sulla sinistra, contribuendo all\u2019atmosfera serena della scena.\">\r\n\t\t\t\t\t\t\t\t\t\t\t\t\t\t\t\t\t<span class=\"item-desc item_desc_8530\">Panorama del borgo con campanile tra il verde<\/span>\r\n\t\t\t\t\t\t\t\t\t\t\t\t\t\t<\/div>\r\n\t\t\t\t\t<\/a>\r\n\t\t\t\t\t\t\t\t\t\t<a href=\"https:\/\/www.monferratoastigiano.it\/outdoor\/wp-content\/uploads\/2023\/08\/Estate-Villanova-d-Asti.jpg\" class=\"pfg-lightbox-all pfg-lightbox-2\" data-lightbox=\"pfg-lightbox\"  data-title=\"Struttura coperta in piazzetta decorata\" data-alt=\"Struttura coperta in piazzetta decorata\" title=\"Struttura coperta in piazzetta decorata\">\r\n\t\t\t\t\t\t<div data-category=\"2\" data-sort=\"Struttura coperta in piazzetta decorata\" class=\"animateonload filtr-item filtr_item_8530 single_one col-lg-3 col-md-12 col-sm-4 col-12\">\r\n\t\t\t\t\t\t\t\t\t\t\t\t\t\t\t<img decoding=\"async\" class=\" thumbnail  thumbnail_8530 pfg-img pfg_img_8530 img-responsive hvr-grow-shadow\" src=\"https:\/\/www.monferratoastigiano.it\/outdoor\/wp-content\/uploads\/2023\/08\/Estate-Villanova-d-Asti.jpg\" alt=\"Al centro dell'immagine si trova una piccola struttura architettonica coperta, composta da quattro colonne che sorreggono un tetto spiovente in coppi di terracotta. La struttura \u00e8 collocata su una piazzetta pavimentata in mattoni, con due grandi vasi ornamentali alla base. Sopra la struttura sono appese numerose bandierine bianche e azzurre in stile festivo. Sullo sfondo si intravede una scalinata in pietra che sale verso un pendio erboso, circondato da alberi frondosi e cespugli curati. In alto a sinistra si distingue una torre campanaria, solo parzialmente visibile tra gli alberi.\">\r\n\t\t\t\t\t\t\t\t\t\t\t\t\t\t\t\t\t<span class=\"item-desc item_desc_8530\">Struttura coperta in piazzetta decorata<\/span>\r\n\t\t\t\t\t\t\t\t\t\t\t\t\t\t<\/div>\r\n\t\t\t\t\t<\/a>\r\n\t\t\t\t\t\t\t\t\t\t<a href=\"https:\/\/www.monferratoastigiano.it\/outdoor\/wp-content\/uploads\/2023\/08\/Autunno-Itinerario-Via-dell-Acqua-1.jpg\" class=\"pfg-lightbox-all pfg-lightbox-3\" data-lightbox=\"pfg-lightbox\"  data-title=\"Cappella su una collina in un paesaggio autunnale\" data-alt=\"Cappella su una collina in un paesaggio autunnale\" title=\"Cappella su una collina in un paesaggio autunnale\">\r\n\t\t\t\t\t\t<div data-category=\"3\" data-sort=\"Cappella su una collina in un paesaggio autunnale\" class=\"animateonload filtr-item filtr_item_8530 single_one col-lg-3 col-md-12 col-sm-4 col-12\">\r\n\t\t\t\t\t\t\t\t\t\t\t\t\t\t\t<img decoding=\"async\" class=\" thumbnail  thumbnail_8530 pfg-img pfg_img_8530 img-responsive hvr-grow-shadow\" src=\"https:\/\/www.monferratoastigiano.it\/outdoor\/wp-content\/uploads\/2023\/08\/Autunno-Itinerario-Via-dell-Acqua-1.jpg\" alt=\"Al centro dell\u2019immagine si trova una cappella in mattoni rossi con tetto spiovente, posizionata su una verde collina leggermente rialzata e circondata da alberi spogli o con fogliame autunnale. In primo piano si vedono fili elettrici che attraversano un bosco con tonalit\u00e0 calde di arancione, rosso e marrone. Sullo sfondo, le colline sfumano nella foschia, punteggiate da case, campi coltivati e un evidente costone roccioso chiaro. L\u2019atmosfera \u00e8 tranquilla e lievemente malinconica, tipica dell'autunno.\">\r\n\t\t\t\t\t\t\t\t\t\t\t\t\t\t\t\t\t<span class=\"item-desc item_desc_8530\">Cappella su una collina in un paesaggio autunnale<\/span>\r\n\t\t\t\t\t\t\t\t\t\t\t\t\t\t<\/div>\r\n\t\t\t\t\t<\/a>\r\n\t\t\t\t\t\t\t\t\t\t<a href=\"https:\/\/www.monferratoastigiano.it\/outdoor\/wp-content\/uploads\/2023\/08\/Autunno-Itinerario-Via-dell-Acqua-2.jpg\" class=\"pfg-lightbox-all pfg-lightbox-3\" data-lightbox=\"pfg-lightbox\"  data-title=\"Veduta di un borgo collinare in autunno\" data-alt=\"Veduta di un borgo collinare in autunno\" title=\"Veduta di un borgo collinare in autunno\">\r\n\t\t\t\t\t\t<div data-category=\"3\" data-sort=\"Veduta di un borgo collinare in autunno\" class=\"animateonload filtr-item filtr_item_8530 single_one col-lg-3 col-md-12 col-sm-4 col-12\">\r\n\t\t\t\t\t\t\t\t\t\t\t\t\t\t\t<img decoding=\"async\" class=\" thumbnail  thumbnail_8530 pfg-img pfg_img_8530 img-responsive hvr-grow-shadow\" src=\"https:\/\/www.monferratoastigiano.it\/outdoor\/wp-content\/uploads\/2023\/08\/Autunno-Itinerario-Via-dell-Acqua-2.jpg\" alt=\"L\u2019immagine mostra un borgo rurale situato su una collina, immerso in un paesaggio autunnale. Le case, con tetti rossi e pareti chiare, si affacciano su una distesa di alberi che sfoggiano tonalit\u00e0 calde di giallo, arancio e marrone. Spicca una chiesa con un campanile in mattoni rossi al centro del villaggio. Sullo sfondo si intravedono altri alberi nella foschia, che contribuiscono a un\u2019atmosfera quieta e suggestiva. Il cielo \u00e8 velato da una leggera foschia grigia.\">\r\n\t\t\t\t\t\t\t\t\t\t\t\t\t\t\t\t\t<span class=\"item-desc item_desc_8530\">Veduta di un borgo collinare in autunno<\/span>\r\n\t\t\t\t\t\t\t\t\t\t\t\t\t\t<\/div>\r\n\t\t\t\t\t<\/a>\r\n\t\t\t\t\t\t\t\t\t\t<a href=\"https:\/\/www.monferratoastigiano.it\/outdoor\/wp-content\/uploads\/2023\/08\/Autunno-Itinerario-Via-dell-Acqua-3.jpg\" class=\"pfg-lightbox-all pfg-lightbox-3\" data-lightbox=\"pfg-lightbox\"  data-title=\"Strada di campagna fangosa verso case rurali\" data-alt=\"Strada di campagna fangosa verso case rurali\" title=\"Strada di campagna fangosa verso case rurali\">\r\n\t\t\t\t\t\t<div data-category=\"3\" data-sort=\"Strada di campagna fangosa verso case rurali\" class=\"animateonload filtr-item filtr_item_8530 single_one col-lg-3 col-md-12 col-sm-4 col-12\">\r\n\t\t\t\t\t\t\t\t\t\t\t\t\t\t\t<img decoding=\"async\" class=\" thumbnail  thumbnail_8530 pfg-img pfg_img_8530 img-responsive hvr-grow-shadow\" src=\"https:\/\/www.monferratoastigiano.it\/outdoor\/wp-content\/uploads\/2023\/08\/Autunno-Itinerario-Via-dell-Acqua-3.jpg\" alt=\"L\u2019immagine mostra un sentiero di terra battuta, curvo e leggermente fangoso con alcune pozzanghere d'acqua. Il sentiero attraversa un ampio prato verde e conduce verso un gruppo di case rurali in lontananza, situate ai piedi di una collina coperta da alberi con fogliame autunnale. A sinistra, una fila fitta di alberi segna l\u2019inizio di un bosco. L\u2019atmosfera \u00e8 tranquilla e leggermente nebbiosa, con la luce del mattino o del tardo pomeriggio che filtra dolcemente attraverso la foschia.\">\r\n\t\t\t\t\t\t\t\t\t\t\t\t\t\t\t\t\t<span class=\"item-desc item_desc_8530\">Strada di campagna fangosa verso case rurali<\/span>\r\n\t\t\t\t\t\t\t\t\t\t\t\t\t\t<\/div>\r\n\t\t\t\t\t<\/a>\r\n\t\t\t\t\t\t\t\t\t\t<a href=\"https:\/\/www.monferratoastigiano.it\/outdoor\/wp-content\/uploads\/2023\/08\/Autunno-Itinerario-Via-dell-Acqua-4.jpg\" class=\"pfg-lightbox-all pfg-lightbox-3\" data-lightbox=\"pfg-lightbox\"  data-title=\"Un sentiero asfaltato circondato da alberi con foglie autunnali in un paesaggio boschivo.\" data-alt=\"Un sentiero asfaltato circondato da alberi con foglie autunnali in un paesaggio boschivo.\" title=\"Un sentiero asfaltato circondato da alberi con foglie autunnali in un paesaggio boschivo.\">\r\n\t\t\t\t\t\t<div data-category=\"3\" data-sort=\"Un sentiero asfaltato circondato da alberi con foglie autunnali in un paesaggio boschivo.\" class=\"animateonload filtr-item filtr_item_8530 single_one col-lg-3 col-md-12 col-sm-4 col-12\">\r\n\t\t\t\t\t\t\t\t\t\t\t\t\t\t\t<img decoding=\"async\" class=\" thumbnail  thumbnail_8530 pfg-img pfg_img_8530 img-responsive hvr-grow-shadow\" src=\"https:\/\/www.monferratoastigiano.it\/outdoor\/wp-content\/uploads\/2023\/08\/Autunno-Itinerario-Via-dell-Acqua-4.jpg\" alt=\"L\u2019immagine mostra un sentiero asfaltato stretto che serpeggia dolcemente attraverso una zona boscosa. Gli alberi che costeggiano la strada sono in pieno mutamento autunnale, con foglie che vanno dal verde al giallo intenso, all\u2019arancio e al marrone. Alcuni alberi hanno gi\u00e0 perso gran parte delle foglie, lasciando intravedere i rami spogli. Il sentiero \u00e8 delineato da una sottile striscia bianca ai lati e sembra invitare alla passeggiata in mezzo alla natura tranquilla e colorata. L\u2019atmosfera \u00e8 calma e dorata, grazie alla luce calda del sole pomeridiano.\">\r\n\t\t\t\t\t\t\t\t\t\t\t\t\t\t\t\t\t<span class=\"item-desc item_desc_8530\">Un sentiero asfaltato circondato da alberi con foglie autunnali in un paesaggio boschivo.<\/span>\r\n\t\t\t\t\t\t\t\t\t\t\t\t\t\t<\/div>\r\n\t\t\t\t\t<\/a>\r\n\t\t\t\t\t\t\t\t\t\t<a href=\"https:\/\/www.monferratoastigiano.it\/outdoor\/wp-content\/uploads\/2023\/08\/Autunno-Itinerario-Via-dell-Acqua-5.jpg\" class=\"pfg-lightbox-all pfg-lightbox-3\" data-lightbox=\"pfg-lightbox\"  data-title=\"Frutteto in collina con alberi spogli d\u2019autunno\" data-alt=\"Frutteto in collina con alberi spogli d\u2019autunno\" title=\"Frutteto in collina con alberi spogli d\u2019autunno\">\r\n\t\t\t\t\t\t<div data-category=\"3\" data-sort=\"Frutteto in collina con alberi spogli d\u2019autunno\" class=\"animateonload filtr-item filtr_item_8530 single_one col-lg-3 col-md-12 col-sm-4 col-12\">\r\n\t\t\t\t\t\t\t\t\t\t\t\t\t\t\t<img decoding=\"async\" class=\" thumbnail  thumbnail_8530 pfg-img pfg_img_8530 img-responsive hvr-grow-shadow\" src=\"https:\/\/www.monferratoastigiano.it\/outdoor\/wp-content\/uploads\/2023\/08\/Autunno-Itinerario-Via-dell-Acqua-5.jpg\" alt=\"La scena mostra un pendio erboso su cui crescono diversi alberi da frutto, probabilmente peschi, con chiome spoglie o con poche foglie gialle e marroni rimaste, segno dell'autunno inoltrato. In primo piano si nota un giovane albero protetto da una rete metallica cilindrica alla base, probabilmente per difenderlo da animali selvatici. Lo sfondo \u00e8 costituito da un intreccio fitto di rami e arbusti secchi, con sfumature di giallo, arancio e marrone. La luce calda del sole pomeridiano illumina delicatamente la scena, creando un\u2019atmosfera serena e rurale.\">\r\n\t\t\t\t\t\t\t\t\t\t\t\t\t\t\t\t\t<span class=\"item-desc item_desc_8530\">Frutteto in collina con alberi spogli d\u2019autunno<\/span>\r\n\t\t\t\t\t\t\t\t\t\t\t\t\t\t<\/div>\r\n\t\t\t\t\t<\/a>\r\n\t\t\t\t\t\t\t\t\t\t<a href=\"https:\/\/www.monferratoastigiano.it\/outdoor\/wp-content\/uploads\/2023\/08\/Autunno-Itinerario-Via-dell-Acqua-6.jpg\" class=\"pfg-lightbox-all pfg-lightbox-3\" data-lightbox=\"pfg-lightbox\"  data-title=\"Panchina sotto un albero in un vigneto collinare autunnale\" data-alt=\"Panchina sotto un albero in un vigneto collinare autunnale\" title=\"Panchina sotto un albero in un vigneto collinare autunnale\">\r\n\t\t\t\t\t\t<div data-category=\"3\" data-sort=\"Panchina sotto un albero in un vigneto collinare autunnale\" class=\"animateonload filtr-item filtr_item_8530 single_one col-lg-3 col-md-12 col-sm-4 col-12\">\r\n\t\t\t\t\t\t\t\t\t\t\t\t\t\t\t<img decoding=\"async\" class=\" thumbnail  thumbnail_8530 pfg-img pfg_img_8530 img-responsive hvr-grow-shadow\" src=\"https:\/\/www.monferratoastigiano.it\/outdoor\/wp-content\/uploads\/2023\/08\/Autunno-Itinerario-Via-dell-Acqua-6.jpg\" alt=\"In primo piano si trova una panchina semplice, fatta di legno e pietra, posizionata sotto un albero parzialmente spoglio. L\u2019albero, con poche foglie rimaste, proietta ombra sul terreno coperto di erba e foglie cadute. Sullo sfondo si estende un vigneto delimitato da pali in legno e fili di ferro, con viti dai colori autunnali: giallo, rosso e marrone. In lontananza, colline sfumate e avvolte nella foschia completano la scena, creando un\u2019atmosfera tranquilla e malinconica, tipica di un pomeriggio autunnale nelle campagne del Monferrato.\">\r\n\t\t\t\t\t\t\t\t\t\t\t\t\t\t\t\t\t<span class=\"item-desc item_desc_8530\">Panchina sotto un albero in un vigneto collinare autunnale<\/span>\r\n\t\t\t\t\t\t\t\t\t\t\t\t\t\t<\/div>\r\n\t\t\t\t\t<\/a>\r\n\t\t\t\t\t\t\t\t\t\t<a href=\"https:\/\/www.monferratoastigiano.it\/outdoor\/wp-content\/uploads\/2023\/08\/Autunno-Itinerario-Via-dell-Acqua-7.jpg\" class=\"pfg-lightbox-all pfg-lightbox-3\" data-lightbox=\"pfg-lightbox\"  data-title=\"Filari di vite in autunno \u2013 Foglie dai colori caldi nel Monferrato\" data-alt=\"Filari di vite in autunno \u2013 Foglie dai colori caldi nel Monferrato\" title=\"Filari di vite in autunno \u2013 Foglie dai colori caldi nel Monferrato\">\r\n\t\t\t\t\t\t<div data-category=\"3\" data-sort=\"Filari di vite in autunno \u2013 Foglie dai colori caldi nel Monferrato\" class=\"animateonload filtr-item filtr_item_8530 single_one col-lg-3 col-md-12 col-sm-4 col-12\">\r\n\t\t\t\t\t\t\t\t\t\t\t\t\t\t\t<img decoding=\"async\" class=\" thumbnail  thumbnail_8530 pfg-img pfg_img_8530 img-responsive hvr-grow-shadow\" src=\"https:\/\/www.monferratoastigiano.it\/outdoor\/wp-content\/uploads\/2023\/08\/Autunno-Itinerario-Via-dell-Acqua-7.jpg\" alt=\"L\u2019immagine mostra da vicino una serie di filari di viti in autunno, disposti ordinatamente e sostenuti da pali in legno. Le foglie, ancora attaccate alle viti, sfoggiano i colori tipici della stagione: dal giallo brillante al rosso intenso, passando per tonalit\u00e0 aranciate e marroni. Il terreno \u00e8 asciutto e coperto di erba secca. Lo sfondo \u00e8 sfumato da alberi con chiome rade, contribuendo all\u2019atmosfera dorata tipica del tardo autunno. La luce del sole illumina le foglie, esaltandone la variet\u00e0 cromatica e il senso di calore visivo.\">\r\n\t\t\t\t\t\t\t\t\t\t\t\t\t\t\t\t\t<span class=\"item-desc item_desc_8530\">Filari di vite in autunno \u2013 Foglie dai colori caldi nel Monferrato<\/span>\r\n\t\t\t\t\t\t\t\t\t\t\t\t\t\t<\/div>\r\n\t\t\t\t\t<\/a>\r\n\t\t\t\t\t\t\t\t\t\t<a href=\"https:\/\/www.monferratoastigiano.it\/outdoor\/wp-content\/uploads\/2023\/08\/Autunno-Itinerario-Via-dell-Acqua-8.jpg\" class=\"pfg-lightbox-all pfg-lightbox-3\" data-lightbox=\"pfg-lightbox\"  data-title=\"Casetta tra i filari in autunno \u2013 Vigneto collinare del Monferrato\" data-alt=\"Casetta tra i filari in autunno \u2013 Vigneto collinare del Monferrato\" title=\"Casetta tra i filari in autunno \u2013 Vigneto collinare del Monferrato\">\r\n\t\t\t\t\t\t<div data-category=\"3\" data-sort=\"Casetta tra i filari in autunno \u2013 Vigneto collinare del Monferrato\" class=\"animateonload filtr-item filtr_item_8530 single_one col-lg-3 col-md-12 col-sm-4 col-12\">\r\n\t\t\t\t\t\t\t\t\t\t\t\t\t\t\t<img decoding=\"async\" class=\" thumbnail  thumbnail_8530 pfg-img pfg_img_8530 img-responsive hvr-grow-shadow\" src=\"https:\/\/www.monferratoastigiano.it\/outdoor\/wp-content\/uploads\/2023\/08\/Autunno-Itinerario-Via-dell-Acqua-8.jpg\" alt=\"L\u2019immagine mostra un paesaggio collinare in pieno autunno, con una piccola casa in pietra e tetto rosso posta al centro di un vigneto ordinato. I filari si dispongono in file parallele sul terreno marrone e leggermente ondulato. Intorno alla vigna, la vegetazione \u00e8 ricca di alberi in tonalit\u00e0 che spaziano dal giallo dorato all\u2019arancione e al marrone, tipiche del foliage autunnale. Sullo sfondo si intravede un bosco fitto che definisce i contorni della collina, contribuendo all\u2019atmosfera calda e tranquilla della scena rurale.\">\r\n\t\t\t\t\t\t\t\t\t\t\t\t\t\t\t\t\t<span class=\"item-desc item_desc_8530\">Casetta tra i filari in autunno \u2013 Vigneto collinare del Monferrato<\/span>\r\n\t\t\t\t\t\t\t\t\t\t\t\t\t\t<\/div>\r\n\t\t\t\t\t<\/a>\r\n\t\t\t\t\t\t\t\t\t\t<a href=\"https:\/\/www.monferratoastigiano.it\/outdoor\/wp-content\/uploads\/2023\/08\/Inverno-Itinerario-Via-dell-Acqua-1.jpg\" class=\"pfg-lightbox-all pfg-lightbox-4\" data-lightbox=\"pfg-lightbox\"  data-title=\"Cascina tra i filari innevati \u2013 Collina del Monferrato in inverno\" data-alt=\"Cascina tra i filari innevati \u2013 Collina del Monferrato in inverno\" title=\"Cascina tra i filari innevati \u2013 Collina del Monferrato in inverno\">\r\n\t\t\t\t\t\t<div data-category=\"4\" data-sort=\"Cascina tra i filari innevati \u2013 Collina del Monferrato in inverno\" class=\"animateonload filtr-item filtr_item_8530 single_one col-lg-3 col-md-12 col-sm-4 col-12\">\r\n\t\t\t\t\t\t\t\t\t\t\t\t\t\t\t<img decoding=\"async\" class=\" thumbnail  thumbnail_8530 pfg-img pfg_img_8530 img-responsive hvr-grow-shadow\" src=\"https:\/\/www.monferratoastigiano.it\/outdoor\/wp-content\/uploads\/2023\/08\/Inverno-Itinerario-Via-dell-Acqua-1.jpg\" alt=\"L\u2019immagine ritrae una piccola casa in mattoni rossi con tetto innevato, situata nel cuore di una vigna addormentata dall\u2019inverno. I filari nudi dei vitigni si dispongono ordinatamente sulle pendici della collina coperta da un sottile strato di neve. La vegetazione circostante \u00e8 composta da alberi spogli e alcuni cespugli che rompono il bianco uniforme del paesaggio. Sullo sfondo si ergono altre colline boscose e l\u2019intero scenario trasmette un senso di quiete e isolamento, tipico delle campagne piemontesi nel periodo invernale.\">\r\n\t\t\t\t\t\t\t\t\t\t\t\t\t\t\t\t\t<span class=\"item-desc item_desc_8530\">Cascina tra i filari innevati \u2013 Collina del Monferrato in inverno<\/span>\r\n\t\t\t\t\t\t\t\t\t\t\t\t\t\t<\/div>\r\n\t\t\t\t\t<\/a>\r\n\t\t\t\t\t\t\t\t\t\t<a href=\"https:\/\/www.monferratoastigiano.it\/outdoor\/wp-content\/uploads\/2023\/08\/Inverno-Itinerario-Via-dell-Acqua-8.jpg\" class=\"pfg-lightbox-all pfg-lightbox-4\" data-lightbox=\"pfg-lightbox\"  data-title=\"Vigna innevata con vista sulla valle \u2013 Inverno nel Monferrato\" data-alt=\"Vigna innevata con vista sulla valle \u2013 Inverno nel Monferrato\" title=\"Vigna innevata con vista sulla valle \u2013 Inverno nel Monferrato\">\r\n\t\t\t\t\t\t<div data-category=\"4\" data-sort=\"Vigna innevata con vista sulla valle \u2013 Inverno nel Monferrato\" class=\"animateonload filtr-item filtr_item_8530 single_one col-lg-3 col-md-12 col-sm-4 col-12\">\r\n\t\t\t\t\t\t\t\t\t\t\t\t\t\t\t<img decoding=\"async\" class=\" thumbnail  thumbnail_8530 pfg-img pfg_img_8530 img-responsive hvr-grow-shadow\" src=\"https:\/\/www.monferratoastigiano.it\/outdoor\/wp-content\/uploads\/2023\/08\/Inverno-Itinerario-Via-dell-Acqua-8.jpg\" alt=\"In primo piano si osserva una vigna spoglia d\u2019inverno, con filari delineati da pali di legno e fili metallici, parzialmente coperti dalla neve. Oltre la vigna, si estende una vallata con case sparse tra la vegetazione e una fitta coltre di nebbia. Le colline ricoperte di alberi appaiono sfocate all\u2019orizzonte, mentre il cielo \u00e8 tinto di tenui sfumature giallo oro e grigio chiaro, segno di un tramonto invernale. L\u2019atmosfera \u00e8 calma e silenziosa, tipica di un paesaggio rurale addormentato dall\u2019inverno.\">\r\n\t\t\t\t\t\t\t\t\t\t\t\t\t\t\t\t\t<span class=\"item-desc item_desc_8530\">Vigna innevata con vista sulla valle \u2013 Inverno nel Monferrato<\/span>\r\n\t\t\t\t\t\t\t\t\t\t\t\t\t\t<\/div>\r\n\t\t\t\t\t<\/a>\r\n\t\t\t\t\t\t\t\t\t\t<a href=\"https:\/\/www.monferratoastigiano.it\/outdoor\/wp-content\/uploads\/2023\/08\/Inverno-Itinerario-Via-dell-Acqua-7.jpg\" class=\"pfg-lightbox-all pfg-lightbox-4\" data-lightbox=\"pfg-lightbox\"  data-title=\"Albero solitario e vigna al tramonto \u2013 Colli del Monferrato\" data-alt=\"Albero solitario e vigna al tramonto \u2013 Colli del Monferrato\" title=\"Albero solitario e vigna al tramonto \u2013 Colli del Monferrato\">\r\n\t\t\t\t\t\t<div data-category=\"4\" data-sort=\"Albero solitario e vigna al tramonto \u2013 Colli del Monferrato\" class=\"animateonload filtr-item filtr_item_8530 single_one col-lg-3 col-md-12 col-sm-4 col-12\">\r\n\t\t\t\t\t\t\t\t\t\t\t\t\t\t\t<img decoding=\"async\" class=\" thumbnail  thumbnail_8530 pfg-img pfg_img_8530 img-responsive hvr-grow-shadow\" src=\"https:\/\/www.monferratoastigiano.it\/outdoor\/wp-content\/uploads\/2023\/08\/Inverno-Itinerario-Via-dell-Acqua-7.jpg\" alt=\"In primo piano si vede un albero privo di foglie, che si erge davanti a una semplice panchina di pietra appoggiata sulla neve. Alle sue spalle si estende una vigna invernale con pali in legno e fili di sostegno vuoti. Sullo sfondo si apre un paesaggio collinare avvolto nella luce dorata del tramonto, con dolci rilievi sfumati nella nebbia e ricoperti da un sottile strato di neve. L\u2019atmosfera \u00e8 silenziosa e contemplativa, con colori caldi che contrastano con il freddo della neve.\">\r\n\t\t\t\t\t\t\t\t\t\t\t\t\t\t\t\t\t<span class=\"item-desc item_desc_8530\">Albero solitario e vigna al tramonto \u2013 Colli del Monferrato<\/span>\r\n\t\t\t\t\t\t\t\t\t\t\t\t\t\t<\/div>\r\n\t\t\t\t\t<\/a>\r\n\t\t\t\t\t\t\t\t\t\t<a href=\"https:\/\/www.monferratoastigiano.it\/outdoor\/wp-content\/uploads\/2023\/08\/Inverno-Itinerario-Via-dell-Acqua-6.jpg\" class=\"pfg-lightbox-all pfg-lightbox-4\" data-lightbox=\"pfg-lightbox\"  data-title=\"Vigneto in inverno con vista su borgo \u2013 Monferrato\" data-alt=\"Vigneto in inverno con vista su borgo \u2013 Monferrato\" title=\"Vigneto in inverno con vista su borgo \u2013 Monferrato\">\r\n\t\t\t\t\t\t<div data-category=\"4\" data-sort=\"Vigneto in inverno con vista su borgo \u2013 Monferrato\" class=\"animateonload filtr-item filtr_item_8530 single_one col-lg-3 col-md-12 col-sm-4 col-12\">\r\n\t\t\t\t\t\t\t\t\t\t\t\t\t\t\t<img decoding=\"async\" class=\" thumbnail  thumbnail_8530 pfg-img pfg_img_8530 img-responsive hvr-grow-shadow\" src=\"https:\/\/www.monferratoastigiano.it\/outdoor\/wp-content\/uploads\/2023\/08\/Inverno-Itinerario-Via-dell-Acqua-6.jpg\" alt=\"L\u2019immagine mostra un vigneto durante la stagione invernale. I filari sono disposti in modo simmetrico, sostenuti da pali metallici, e il terreno \u00e8 coperto da un sottile strato di neve tra erba secca e steli di vite spoglia. In fondo al vigneto, sullo sfondo collinare, si intravede un piccolo borgo con edifici dai tetti coperti di neve. Il cielo \u00e8 limpido, con una leggera foschia in lontananza che rende l\u2019atmosfera ovattata e silenziosa.\">\r\n\t\t\t\t\t\t\t\t\t\t\t\t\t\t\t\t\t<span class=\"item-desc item_desc_8530\">Vigneto in inverno con vista su borgo \u2013 Monferrato<\/span>\r\n\t\t\t\t\t\t\t\t\t\t\t\t\t\t<\/div>\r\n\t\t\t\t\t<\/a>\r\n\t\t\t\t\t\t\t\t\t\t<a href=\"https:\/\/www.monferratoastigiano.it\/outdoor\/wp-content\/uploads\/2023\/08\/Inverno-Itinerario-Via-dell-Acqua-5.jpg\" class=\"pfg-lightbox-all pfg-lightbox-4\" data-lightbox=\"pfg-lightbox\"  data-title=\"Bosco d\u2019inverno e borgo all\u2019orizzonte \u2013 Colline del Monferrato\" data-alt=\"Bosco d\u2019inverno e borgo all\u2019orizzonte \u2013 Colline del Monferrato\" title=\"Bosco d\u2019inverno e borgo all\u2019orizzonte \u2013 Colline del Monferrato\">\r\n\t\t\t\t\t\t<div data-category=\"4\" data-sort=\"Bosco d\u2019inverno e borgo all\u2019orizzonte \u2013 Colline del Monferrato\" class=\"animateonload filtr-item filtr_item_8530 single_one col-lg-3 col-md-12 col-sm-4 col-12\">\r\n\t\t\t\t\t\t\t\t\t\t\t\t\t\t\t<img decoding=\"async\" class=\" thumbnail  thumbnail_8530 pfg-img pfg_img_8530 img-responsive hvr-grow-shadow\" src=\"https:\/\/www.monferratoastigiano.it\/outdoor\/wp-content\/uploads\/2023\/08\/Inverno-Itinerario-Via-dell-Acqua-5.jpg\" alt=\"La fotografia mostra un paesaggio collinare invernale. In primo piano si estende un prato coperto di neve, delimitato da alberi spogli alternati a piante sempreverdi coperte di edera. In secondo piano, tra le chiome degli alberi, si scorge un piccolo borgo rurale arroccato su una collina, con tetti chiari e facciate illuminate dalla luce del pomeriggio. Il cielo azzurro e velato contribuisce a un\u2019atmosfera tranquilla e silenziosa.\">\r\n\t\t\t\t\t\t\t\t\t\t\t\t\t\t\t\t\t<span class=\"item-desc item_desc_8530\">Bosco d\u2019inverno e borgo all\u2019orizzonte \u2013 Colline del Monferrato<\/span>\r\n\t\t\t\t\t\t\t\t\t\t\t\t\t\t<\/div>\r\n\t\t\t\t\t<\/a>\r\n\t\t\t\t\t\t\t\t\t\t<a href=\"https:\/\/www.monferratoastigiano.it\/outdoor\/wp-content\/uploads\/2023\/08\/Inverno-Itinerario-Via-dell-Acqua-4.jpg\" class=\"pfg-lightbox-all pfg-lightbox-4\" data-lightbox=\"pfg-lightbox\"  data-title=\"Albero solitario e legnaia sulla neve \u2013 Paesaggio invernale del Monferrato\" data-alt=\"Albero solitario e legnaia sulla neve \u2013 Paesaggio invernale del Monferrato\" title=\"Albero solitario e legnaia sulla neve \u2013 Paesaggio invernale del Monferrato\">\r\n\t\t\t\t\t\t<div data-category=\"4\" data-sort=\"Albero solitario e legnaia sulla neve \u2013 Paesaggio invernale del Monferrato\" class=\"animateonload filtr-item filtr_item_8530 single_one col-lg-3 col-md-12 col-sm-4 col-12\">\r\n\t\t\t\t\t\t\t\t\t\t\t\t\t\t\t<img decoding=\"async\" class=\" thumbnail  thumbnail_8530 pfg-img pfg_img_8530 img-responsive hvr-grow-shadow\" src=\"https:\/\/www.monferratoastigiano.it\/outdoor\/wp-content\/uploads\/2023\/08\/Inverno-Itinerario-Via-dell-Acqua-4.jpg\" alt=\"L\u2019immagine ritrae un paesaggio invernale del Monferrato. In primo piano si staglia un albero spoglio, privo di foglie, affiancato da una piccola struttura in legno per il deposito della legna, entrambe coperte da un sottile strato di neve. Il terreno bianco si estende verso colline sfumate dalla foschia, mentre sullo sfondo si intravedono i tetti e la torre di un borgo. Il cielo \u00e8 parzialmente coperto da nuvole, ma la luce del mattino illumina delicatamente la scena.\">\r\n\t\t\t\t\t\t\t\t\t\t\t\t\t\t\t\t\t<span class=\"item-desc item_desc_8530\">Albero solitario e legnaia sulla neve \u2013 Paesaggio invernale del Monferrato<\/span>\r\n\t\t\t\t\t\t\t\t\t\t\t\t\t\t<\/div>\r\n\t\t\t\t\t<\/a>\r\n\t\t\t\t\t\t\t\t\t\t<a href=\"https:\/\/www.monferratoastigiano.it\/outdoor\/wp-content\/uploads\/2023\/08\/Inverno-Itinerario-Via-dell-Acqua-3.jpg\" class=\"pfg-lightbox-all pfg-lightbox-4\" data-lightbox=\"pfg-lightbox\"  data-title=\"Cappella romanica sulla neve \u2013 Monferrato Astigiano\" data-alt=\"Cappella romanica sulla neve \u2013 Monferrato Astigiano\" title=\"Cappella romanica sulla neve \u2013 Monferrato Astigiano\">\r\n\t\t\t\t\t\t<div data-category=\"4\" data-sort=\"Cappella romanica sulla neve \u2013 Monferrato Astigiano\" class=\"animateonload filtr-item filtr_item_8530 single_one col-lg-3 col-md-12 col-sm-4 col-12\">\r\n\t\t\t\t\t\t\t\t\t\t\t\t\t\t\t<img decoding=\"async\" class=\" thumbnail  thumbnail_8530 pfg-img pfg_img_8530 img-responsive hvr-grow-shadow\" src=\"https:\/\/www.monferratoastigiano.it\/outdoor\/wp-content\/uploads\/2023\/08\/Inverno-Itinerario-Via-dell-Acqua-3.jpg\" alt=\"L\u2019immagine raffigura una cappella romanica in mattoni rossi, probabilmente risalente al Medioevo, posta su un rilievo ricoperto di neve nel Monferrato astigiano. L\u2019edificio ha una facciata semplice con portale ad arco e tetto a doppia falda innevato. Intorno alla cappella si intravedono cartelli e arredi urbani, mentre sullo sfondo si staglia una fila di alberi spogli, tipici dell\u2019inverno. Il cielo \u00e8 velato e l\u2019atmosfera trasmette silenzio e spiritualit\u00e0.\">\r\n\t\t\t\t\t\t\t\t\t\t\t\t\t\t\t\t\t<span class=\"item-desc item_desc_8530\">Cappella romanica sulla neve \u2013 Monferrato Astigiano<\/span>\r\n\t\t\t\t\t\t\t\t\t\t\t\t\t\t<\/div>\r\n\t\t\t\t\t<\/a>\r\n\t\t\t\t\t\t\t\t\t\t<a href=\"https:\/\/www.monferratoastigiano.it\/outdoor\/wp-content\/uploads\/2023\/08\/Inverno-Itinerario-Via-dell-Acqua-2.jpg\" class=\"pfg-lightbox-all pfg-lightbox-4\" data-lightbox=\"pfg-lightbox\"  data-title=\"Bosco invernale lungo l\u2019Itinerario \u201cVia dell\u2019Acqua\u201d \u2013 Monferrato\" data-alt=\"Bosco invernale lungo l\u2019Itinerario \u201cVia dell\u2019Acqua\u201d \u2013 Monferrato\" title=\"Bosco invernale lungo l\u2019Itinerario \u201cVia dell\u2019Acqua\u201d \u2013 Monferrato\">\r\n\t\t\t\t\t\t<div data-category=\"4\" data-sort=\"Bosco invernale lungo l\u2019Itinerario \u201cVia dell\u2019Acqua\u201d \u2013 Monferrato\" class=\"animateonload filtr-item filtr_item_8530 single_one col-lg-3 col-md-12 col-sm-4 col-12\">\r\n\t\t\t\t\t\t\t\t\t\t\t\t\t\t\t<img decoding=\"async\" class=\" thumbnail  thumbnail_8530 pfg-img pfg_img_8530 img-responsive hvr-grow-shadow\" src=\"https:\/\/www.monferratoastigiano.it\/outdoor\/wp-content\/uploads\/2023\/08\/Inverno-Itinerario-Via-dell-Acqua-2.jpg\" alt=\"Paesaggio innevato con un campo bianco in primo piano e una fitta fila di alberi spogli coperti di edera sullo sfondo, avvolti da una leggera foschia.\">\r\n\t\t\t\t\t\t\t\t\t\t\t\t\t\t\t\t\t<span class=\"item-desc item_desc_8530\">Bosco invernale lungo l\u2019Itinerario \u201cVia dell\u2019Acqua\u201d \u2013 Monferrato<\/span>\r\n\t\t\t\t\t\t\t\t\t\t\t\t\t\t<\/div>\r\n\t\t\t\t\t<\/a>\r\n\t\t\t\t\t\t\t<\/div>\r\n\t<\/div>\r\n<script>\r\n\r\nsetTimeout(function () {\r\n\tjQuery(\".thumbnail_8530\").each(function(){\r\n\t\t\/\/ console.log(jQuery(this).width() + \"x\" + jQuery(this).height())\r\n\t\tvar h = jQuery(this).height();\r\n\t\tvar w = jQuery(this).width();\r\n\t\tjQuery(this).height(h);\r\n\t\tjQuery(this).width(w);\r\n\t\tjQuery(this).resize();\r\n\t});\r\n}, 2500);\r\n\r\njQuery(document).ready(function (jQuery) {\r\n    jQuery('.filtr-item').addClass('animateonload');\r\n    jQuery('#filter_gallery_8530').show();\r\n    jQuery('.loading-wrapper').hide();\r\n    jQuery(\".loader_img\").hide();\r\n    jQuery(\".lg_load_more\").show();\r\n    jQuery(\".filtr-container\").css(\"opacity\", 1);\r\n\r\n    \/\/ Define Filterizr Default Options\r\n    const options = {\r\n        animationDuration: 0.5,\r\n        callbacks: {\r\n            onFilteringStart: function() {\r\n                \/\/ Apply sorting shortly after filtering starts\r\n                setTimeout(function() {\r\n                                    }, 50);\r\n            },\r\n            onFilteringEnd: function() {\r\n                \/\/ Apply sorting shortly after filtering ends\r\n                setTimeout(function() {\r\n                                    }, 50);\r\n            },\r\n            onShufflingStart: function() { },\r\n            onShufflingEnd: function() { },\r\n            onSortingStart: function() { },\r\n            onSortingEnd: function() { }\r\n        },\r\n        controlsSelector: '.filtr-controls-8530',\r\n        filter: 'all',\r\n        filterOutCss: {\r\n            top: '0px',\r\n            left: '0px',\r\n            opacity: 0.001,\r\n            transform: ''\r\n        },\r\n        filterInCss: {\r\n            top: '0px',\r\n            left: '0px',\r\n            opacity: 1,\r\n            transform: ''\r\n        },\r\n        layout: 'sameWidth',\r\n        selector: '.filtr-item',\r\n        setupControls: false\r\n    };\r\n\r\n    \/\/ Initialize Filterizr and ensure it is globally accessible\r\n    window.filterizd = jQuery('.filter_gallery_8530').filterizr(options);\r\n\r\n    jQuery('.filter_gallery_8530').imagesLoaded(function() {\r\n        \/\/ Reapply sorting after initial load\r\n        \r\n        \/\/ Resize handling\r\n        jQuery(window).resize(function() {\r\n            jQuery(\".thumbnail_8530\").each(function() {\r\n                var h = jQuery(this).height();\r\n                var w = jQuery(this).width();\r\n                jQuery(this).height(h);\r\n                jQuery(this).width(w);\r\n            });\r\n\r\n            \/\/ Reapply sorting after resizing\r\n                    });\r\n    });\r\n\r\n\t\t\r\n\t\t\/\/bootstrap-lightbox-js\r\n\t\t\/\/ delegate calls to data-toggle=\"lightbox\"\r\n\t\tdocument.addEventListener('DOMContentLoaded', (event) => {\r\n            document.querySelectorAll('.my-lightbox-toggle').forEach((el) => {\r\n                el.addEventListener('click', (e) => {\r\n                    e.preventDefault();\r\n\r\n                    const options = {\r\n                        keyboard: true,\r\n                        size: 'fullscreen'\r\n                    };\r\n\r\n                    \/\/ Assuming Lightbox is a constructor from the included library\r\n                    \/\/ Check if the Lightbox class or function exists\r\n                    if (typeof Lightbox !== 'undefined') {\r\n                        const lightbox = new Lightbox(el, options);\r\n                        lightbox.show();\r\n                    } else {\r\n                        console.error('Lightbox library is not loaded.');\r\n                    }\r\n                });\r\n            });\r\n        });\r\n\t\t\t\tjQuery('.filtr-control-8530 [data-filter]').click(function() {\r\n\t\t\t\/\/jQuery('.swiper-8530').swipebox('swipebox-destroy');\r\n\t\t\tvar targetFilter = jQuery(this).data('filter');\r\n\t\t\tvar lighbox_class_name = \"pfg-lightbox-\" + targetFilter;\r\n\t\t\tjQuery('.pfg-lightbox-' + targetFilter ).attr('data-lightbox', lighbox_class_name); \/\/ add data filter for parent filters\r\n\t\t});\r\n\t\t\r\n\t\t\r\n\t\/\/ video player\r\n\tjQuery(function(){\r\n      jQuery(\"a.video-box-8530\").YouTubePopUp( { autoplay: 0 } ); \/\/ Disable autoplay\r\n\t});\r\n\t\r\n});   \r\n<\/script>[\/et_pb_code][\/et_pb_column][\/et_pb_row][\/et_pb_section][et_pb_section fb_built=&#8221;1&#8243; _builder_version=&#8221;4.17.4&#8243; _module_preset=&#8221;default&#8221; custom_padding=&#8221;2px|||||&#8221; global_colors_info=&#8221;{}&#8221;][et_pb_row module_id=&#8221;video&#8221; _builder_version=&#8221;4.24.2&#8243; _module_preset=&#8221;default&#8221; global_colors_info=&#8221;{}&#8221;][et_pb_column type=&#8221;4_4&#8243; _builder_version=&#8221;4.17.4&#8243; _module_preset=&#8221;default&#8221; global_colors_info=&#8221;{}&#8221;][et_pb_text _builder_version=&#8221;4.17.4&#8243; _module_preset=&#8221;default&#8221; text_font=&#8221;Lato||||||||&#8221; text_text_color=&#8221;#898f99&#8243; text_font_size=&#8221;18px&#8221; text_line_height=&#8221;2em&#8221; header_font=&#8221;||||||||&#8221; header_2_font=&#8221;Lato|700|||||||&#8221; header_2_font_size=&#8221;42px&#8221; header_2_line_height=&#8221;1.5em&#8221; text_orientation=&#8221;center&#8221; module_alignment=&#8221;center&#8221; locked=&#8221;off&#8221; global_colors_info=&#8221;{}&#8221;]<\/p>\n<h2>Video<\/h2>\n<p>[\/et_pb_text][et_pb_code _builder_version=&#8221;4.27.0&#8243; _module_preset=&#8221;default&#8221; global_colors_info=&#8221;{}&#8221;]<iframe width=\"560\" height=\"315\" src=\"https:\/\/www.youtube.com\/embed\/5fx922SUkLI?si=PPvzJpUoX19_vE_G\" title=\"YouTube video player\" frameborder=\"0\" allow=\"accelerometer; autoplay; clipboard-write; encrypted-media; gyroscope; picture-in-picture; web-share\" referrerpolicy=\"strict-origin-when-cross-origin\" allowfullscreen><\/iframe>[\/et_pb_code][\/et_pb_column][\/et_pb_row][\/et_pb_section]<\/p>\n","protected":false},"excerpt":{"rendered":"<p>PUNTO DI PARTENZA: Frazione San Carlo di Tigliole<br \/>\nPUNTO DI ARRIVO: San Paolo Solbrito<br \/>\nNumero di tappe (con varianti) 6<br \/>\nLunghezza totale 46,00 km<\/p>\n","protected":false},"author":1,"featured_media":9005,"comment_status":"closed","ping_status":"closed","sticky":false,"template":"wp-custom-template-larghezza-piena","format":"standard","meta":{"_acf_changed":false,"_et_pb_use_builder":"on","_et_pb_old_content":"","_et_gb_content_width":"2880","footnotes":""},"categories":[193,197,195,202,190,196,205],"tags":[],"class_list":["post-7839","post","type-post","status-publish","format-standard","has-post-thumbnail","hentry","category-cantarana-it","category-cellarengo-it","category-ferrere-it","category-san-paolo-solbrito-it","category-tigliole-it","category-valfenera-it","category-villanova-dasti-it"],"acf":[],"_links":{"self":[{"href":"https:\/\/www.monferratoastigiano.it\/outdoor\/wp-json\/wp\/v2\/posts\/7839","targetHints":{"allow":["GET"]}}],"collection":[{"href":"https:\/\/www.monferratoastigiano.it\/outdoor\/wp-json\/wp\/v2\/posts"}],"about":[{"href":"https:\/\/www.monferratoastigiano.it\/outdoor\/wp-json\/wp\/v2\/types\/post"}],"author":[{"embeddable":true,"href":"https:\/\/www.monferratoastigiano.it\/outdoor\/wp-json\/wp\/v2\/users\/1"}],"replies":[{"embeddable":true,"href":"https:\/\/www.monferratoastigiano.it\/outdoor\/wp-json\/wp\/v2\/comments?post=7839"}],"version-history":[{"count":19,"href":"https:\/\/www.monferratoastigiano.it\/outdoor\/wp-json\/wp\/v2\/posts\/7839\/revisions"}],"predecessor-version":[{"id":18490,"href":"https:\/\/www.monferratoastigiano.it\/outdoor\/wp-json\/wp\/v2\/posts\/7839\/revisions\/18490"}],"wp:featuredmedia":[{"embeddable":true,"href":"https:\/\/www.monferratoastigiano.it\/outdoor\/wp-json\/wp\/v2\/media\/9005"}],"wp:attachment":[{"href":"https:\/\/www.monferratoastigiano.it\/outdoor\/wp-json\/wp\/v2\/media?parent=7839"}],"wp:term":[{"taxonomy":"category","embeddable":true,"href":"https:\/\/www.monferratoastigiano.it\/outdoor\/wp-json\/wp\/v2\/categories?post=7839"},{"taxonomy":"post_tag","embeddable":true,"href":"https:\/\/www.monferratoastigiano.it\/outdoor\/wp-json\/wp\/v2\/tags?post=7839"}],"curies":[{"name":"wp","href":"https:\/\/api.w.org\/{rel}","templated":true}]}}