{"id":7873,"date":"2023-09-21T16:38:36","date_gmt":"2023-09-21T14:38:36","guid":{"rendered":"https:\/\/www.monferratoastigiano.it\/?page_id=7873"},"modified":"2025-03-27T15:13:41","modified_gmt":"2025-03-27T14:13:41","slug":"itinerario-superga-vezzolano-crea","status":"publish","type":"post","link":"https:\/\/www.monferratoastigiano.it\/outdoor\/itinerario-superga-vezzolano-crea\/","title":{"rendered":"Itinerario Superga Vezzolano Crea"},"content":{"rendered":"<p>[et_pb_section fb_built=&#8221;1&#8243; fullwidth=&#8221;on&#8221; _builder_version=&#8221;4.17.4&#8243; _module_preset=&#8221;default&#8221; global_colors_info=&#8221;{}&#8221;][et_pb_fullwidth_image src=&#8221;https:\/\/www.monferratoastigiano.it\/wp-content\/uploads\/2023\/09\/Itinerario-Superga-Vezzolano-crea.jpg&#8221; title_text=&#8221;Itinerario-Superga-Vezzolano-Crea&#8221; _builder_version=&#8221;4.17.4&#8243; _module_preset=&#8221;default&#8221; global_colors_info=&#8221;{}&#8221;][\/et_pb_fullwidth_image][\/et_pb_section][et_pb_section fb_built=&#8221;1&#8243; _builder_version=&#8221;4.17.4&#8243; _module_preset=&#8221;default&#8221; custom_padding=&#8221;19px||28px|||&#8221; global_colors_info=&#8221;{}&#8221;][et_pb_row _builder_version=&#8221;4.17.4&#8243; _module_preset=&#8221;default&#8221; global_colors_info=&#8221;{}&#8221;][et_pb_column type=&#8221;4_4&#8243; _builder_version=&#8221;4.17.4&#8243; _module_preset=&#8221;default&#8221; global_colors_info=&#8221;{}&#8221;][et_pb_text _builder_version=&#8221;4.17.4&#8243; _module_preset=&#8221;default&#8221; text_font=&#8221;Lato||||||||&#8221; text_text_color=&#8221;#898f99&#8243; text_font_size=&#8221;18px&#8221; text_line_height=&#8221;2em&#8221; header_font=&#8221;||||||||&#8221; header_2_font=&#8221;Lato|700|||||||&#8221; header_2_font_size=&#8221;42px&#8221; header_2_line_height=&#8221;1.5em&#8221; text_orientation=&#8221;center&#8221; module_alignment=&#8221;center&#8221; locked=&#8221;off&#8221; global_colors_info=&#8221;{}&#8221;]<\/p>\n<h2>ITINERARIO <b>SUPERGA VEZZOLANO CREA <\/b><\/h2>\n<p>[\/et_pb_text][\/et_pb_column][\/et_pb_row][et_pb_row use_custom_gutter=&#8221;on&#8221; gutter_width=&#8221;1&#8243; _builder_version=&#8221;4.17.4&#8243; _module_preset=&#8221;default&#8221; z_index=&#8221;120&#8243; width=&#8221;100%&#8221; max_width=&#8221;1320px&#8221; module_alignment=&#8221;center&#8221; custom_margin=&#8221;||||false|false&#8221; custom_padding=&#8221;0px||0px||false|false&#8221; global_colors_info=&#8221;{}&#8221;][et_pb_column type=&#8221;4_4&#8243; _builder_version=&#8221;4.17.4&#8243; _module_preset=&#8221;default&#8221; global_colors_info=&#8221;{}&#8221;][et_pb_menu menu_id=&#8221;305&#8243; menu_style=&#8221;centered&#8221; active_link_color=&#8221;#000000&#8243; _builder_version=&#8221;4.17.4&#8243; _module_preset=&#8221;default&#8221; menu_font=&#8221;|700|||||||&#8221; module_alignment=&#8221;center&#8221; global_colors_info=&#8221;{}&#8221;][\/et_pb_menu][\/et_pb_column][\/et_pb_row][\/et_pb_section][et_pb_section fb_built=&#8221;1&#8243; fullwidth=&#8221;on&#8221; _builder_version=&#8221;4.17.4&#8243; _module_preset=&#8221;default&#8221; global_colors_info=&#8221;{}&#8221;][et_pb_fullwidth_code _builder_version=&#8221;4.17.4&#8243; _module_preset=&#8221;default&#8221; global_colors_info=&#8221;{}&#8221;]<iframe width=\"100%\" height=\"850px\" frameborder=\"0\" allowfullscreen allow=\"geolocation\" src=\"\/\/umap.openstreetmap.fr\/it\/map\/7-superga-vezzolano-crea_950561?scaleControl=false&#038;miniMap=false&#038;scrollWheelZoom=false&#038;zoomControl=true&#038;allowEdit=false&#038;moreControl=true&#038;searchControl=null&#038;tilelayersControl=null&#038;embedControl=null&#038;datalayersControl=true&#038;onLoadPanel=undefined&#038;captionBar=false&#038;captionMenus=true#11\/45.1251\/8.2198\"><\/iframe><pee><a href=\"\/\/umap.openstreetmap.fr\/it\/map\/7-superga-vezzolano-crea_950561?scaleControl=false&#038;miniMap=false&#038;scrollWheelZoom=true&#038;zoomControl=true&#038;allowEdit=false&#038;moreControl=true&#038;searchControl=null&#038;tilelayersControl=null&#038;embedControl=null&#038;datalayersControl=true&#038;onLoadPanel=undefined&#038;captionBar=false&#038;captionMenus=true#11\/45.1251\/8.2198\">Visualizza a schermo intero<\/a><\/pee>[\/et_pb_fullwidth_code][\/et_pb_section][et_pb_section fb_built=&#8221;1&#8243; _builder_version=&#8221;4.17.4&#8243; _module_preset=&#8221;default&#8221; custom_padding=&#8221;15px||0px|||&#8221; global_colors_info=&#8221;{}&#8221;][et_pb_row disabled_on=&#8221;on|off|off&#8221; _builder_version=&#8221;4.17.4&#8243; _module_preset=&#8221;default&#8221; global_colors_info=&#8221;{}&#8221;][et_pb_column type=&#8221;4_4&#8243; _builder_version=&#8221;4.17.4&#8243; _module_preset=&#8221;default&#8221; global_colors_info=&#8221;{}&#8221;][et_pb_text _builder_version=&#8221;4.17.4&#8243; _module_preset=&#8221;default&#8221; text_font=&#8221;Lato||||||||&#8221; text_text_color=&#8221;#898f99&#8243; text_font_size=&#8221;18px&#8221; text_line_height=&#8221;2em&#8221; header_font=&#8221;||||||||&#8221; header_2_font=&#8221;Lato|700|||||||&#8221; header_2_font_size=&#8221;42px&#8221; header_2_line_height=&#8221;1.5em&#8221; text_orientation=&#8221;center&#8221; module_alignment=&#8221;center&#8221; custom_margin=&#8221;||-1px|||&#8221; locked=&#8221;off&#8221; global_colors_info=&#8221;{}&#8221;]<\/p>\n<h3><strong>Legenda<\/strong><\/h3>\n<p>[\/et_pb_text][et_pb_image src=&#8221;https:\/\/www.monferratoastigiano.it\/wp-content\/uploads\/2023\/02\/Legenda-Icone-Pagine-Itinerario-2.jpg&#8221; title_text=&#8221;Legenda-Icone-Pagine-Itinerario-2&#8243; src_tablet=&#8221;https:\/\/www.monferratoastigiano.it\/wp-content\/uploads\/2023\/02\/Legenda-Icone-Pagine-Itinerario-2.jpg&#8221; src_phone=&#8221;https:\/\/www.monferratoastigiano.it\/wp-content\/uploads\/2023\/02\/Legenda-Icone-Pagine-Itinerario-2.jpg&#8221; src_last_edited=&#8221;on|desktop&#8221; _builder_version=&#8221;4.17.4&#8243; _module_preset=&#8221;default&#8221; width=&#8221;100%&#8221; module_alignment=&#8221;center&#8221; global_colors_info=&#8221;{}&#8221;][\/et_pb_image][\/et_pb_column][\/et_pb_row][\/et_pb_section][et_pb_section fb_built=&#8221;1&#8243; specialty=&#8221;on&#8221; _builder_version=&#8221;4.17.4&#8243; _module_preset=&#8221;default&#8221; global_colors_info=&#8221;{}&#8221;][et_pb_column type=&#8221;1_2&#8243; _builder_version=&#8221;4.16&#8243; custom_padding=&#8221;|||&#8221; global_colors_info=&#8221;{}&#8221; custom_padding__hover=&#8221;|||&#8221;][et_pb_text _builder_version=&#8221;4.17.4&#8243; _module_preset=&#8221;default&#8221; text_font=&#8221;Lato||||||||&#8221; text_text_color=&#8221;#000000&#8243; text_font_size=&#8221;15px&#8221; header_font=&#8221;||||||||&#8221; header_2_font=&#8221;Lato|700|||||||&#8221; header_2_font_size=&#8221;42px&#8221; header_2_line_height=&#8221;1.5em&#8221; text_orientation=&#8221;center&#8221; module_alignment=&#8221;center&#8221; locked=&#8221;off&#8221; global_colors_info=&#8221;{}&#8221;]<\/p>\n<p style=\"text-align: justify;\"><span style=\"font-weight: 400;\">Questo itinerario si distingue per essere uno dei pi\u00f9 lunghi e variegati, andando ad interessare prima la collina torinese, poi un\u2019ampia area del Nord Astigiano e infine una parte del Monferrato Casalese, raggiungendo la citt\u00e0 di <\/span><b>Casale Monferrato.<\/b><span style=\"font-weight: 400;\"> Il tracciato si sviluppa nella sua interezza per circa 115 km, partendo da <\/span><b>Moncalieri (TO)<\/b><span style=\"font-weight: 400;\"> e attraversando il <\/span><i><span style=\"font-weight: 400;\">Parco della Collina Torinese<\/span><\/i><span style=\"font-weight: 400;\">, fino alla <\/span><i><span style=\"font-weight: 400;\">Basilica di Superga<\/span><\/i><span style=\"font-weight: 400;\">. Da l\u00ec prosegue verso i Comuni di <\/span><b>Sciolze<\/b> <b>(TO)<\/b><span style=\"font-weight: 400;\"> e <\/span><b>Cinzano (TO<\/b><span style=\"font-weight: 400;\">), entrando all\u2019altezza di <\/span><b>Moncucco Torinese<\/b> <b>(AT)<\/b><span style=\"font-weight: 400;\"> nel territorio del Basso Monferrato. \u00c8 da questo punto che prende il via il tratto pi\u00f9 peculiare del percorso, che tocca senza soluzione di continuit\u00e0 le <\/span><i><span style=\"font-weight: 400;\">Terre dei Santi<\/span><\/i><span style=\"font-weight: 400;\">, con tappa chiave all\u2019<\/span><i><span style=\"font-weight: 400;\">Abbazia di Santa Maria di Vezzolano<\/span><\/i><span style=\"font-weight: 400;\">, le <\/span><i><span style=\"font-weight: 400;\">Colline del Romanico<\/span><\/i><span style=\"font-weight: 400;\"> e infine le <\/span><i><span style=\"font-weight: 400;\">Terre di Aleramo<\/span><\/i><span style=\"font-weight: 400;\">, cuore storico del Marchesato del Monferrato, per poi toccare il <\/span><i><span style=\"font-weight: 400;\">Sacro Monte di Crea <\/span><\/i><span style=\"font-weight: 400;\">e concludersi a<\/span><i><span style=\"font-weight: 400;\"> Casale.\u00a0<\/span><\/i><\/p>\n<p style=\"text-align: justify;\"><span style=\"font-weight: 400;\">L\u2019itinerario, ormai conosciuto come \u201c<\/span><i><span style=\"font-weight: 400;\">La Superga \u2013 Crea\u201d<\/span><\/i><span style=\"font-weight: 400;\"> , fu ideato e sperimentato per la prima volta in \u201cvia amatoriale\u201d nel <\/span><i><span style=\"font-weight: 400;\">1990 <\/span><\/i><span style=\"font-weight: 400;\">da un socio CAI di Casale Monferrato, l\u2019escursionista <\/span><i><span style=\"font-weight: 400;\">Cesare Triveri<\/span><\/i><span style=\"font-weight: 400;\">, a cui il percorso \u00e8 stato dedicato al fine di ricordarne la straordinaria impresa.\u00a0<\/span><\/p>\n<p style=\"text-align: justify;\"><span style=\"font-weight: 400;\">A caratterizzare il tratto iniziale e finale del tracciato, due luoghi simbolo del Piemonte, dove attrattive ambientali, paesaggistiche, architettoniche e devozionali convivono in perfetta armonia, regalando al camminatore un\u2019esperienza sportiva ed emozionale unica nel suo genere.\u00a0<\/span><\/p>\n<p style=\"text-align: justify;\">\n<h3 style=\"text-align: justify;\"><b>La Collina di Superga: dove tutto ebbe inizio\u2026\u00a0<\/b><\/h3>\n<p style=\"text-align: justify;\"><span style=\"font-weight: 400;\">Punto di partenza \u00e8 la <\/span><b>Collina di Superga<\/b><span style=\"font-weight: 400;\">, quota 670 metri, da cui si gode un panorama mozzafiato sulla citt\u00e0 di Torino, sul Po e sulle Alpi. L\u2019area \u00e8 inserita nell\u2019omonimo <\/span><i><span style=\"font-weight: 400;\">Parco Naturale<\/span><\/i><span style=\"font-weight: 400;\">, che si estende con i suoi 800 ettari sul territorio circostante, fino ai Comuni di Baldissero Torinese, Pino Torinese e San Mauro Torinese. Adagiato tra le Alpi e il mare, il Parco conserva un patrimonio floristico di pregio, che spazia da specie di origine mediterranea, come l\u2019<\/span><i><span style=\"font-weight: 400;\">orniello<\/span><\/i><span style=\"font-weight: 400;\"> e il <\/span><i><span style=\"font-weight: 400;\">pungitopo<\/span><\/i><span style=\"font-weight: 400;\">, a quelle prettamente alpine, tra cui il <\/span><i><span style=\"font-weight: 400;\">pino silvestre<\/span><\/i><span style=\"font-weight: 400;\"> e il <\/span><i><span style=\"font-weight: 400;\">mirtillo nero<\/span><\/i><span style=\"font-weight: 400;\">. Molto interessante anche la fauna, dove spiccano gli uccelli rapaci, come il gheppio, l\u2019allocco e la civetta.\u00a0<\/span><\/p>\n<p style=\"text-align: justify;\"><span style=\"font-weight: 400;\">Ma a colpire l\u2019occhio di chi sale per la prima volta a Superga \u00e8 proprio la <\/span><i><span style=\"font-weight: 400;\">Basilica<\/span><\/i><span style=\"font-weight: 400;\">, Patrimonio Unesco dal <\/span><i><span style=\"font-weight: 400;\">1997<\/span><\/i><span style=\"font-weight: 400;\">, la cui storia \u00e8 profondamente connessa a quella di Torino e del Piemonte.\u00a0<\/span><\/p>\n<p style=\"text-align: justify;\"><span style=\"font-weight: 400;\">Per scoprirla, occorre fare un salto indietro nel tempo, fino al <\/span><i><span style=\"font-weight: 400;\">1706.<\/span><\/i><span style=\"font-weight: 400;\"> La citt\u00e0 \u00e8 messa sotto assedio dall\u2019esercito di <\/span><i><span style=\"font-weight: 400;\">Re Sole<\/span><\/i><span style=\"font-weight: 400;\"> e le truppe piemontesi del <\/span><i><span style=\"font-weight: 400;\">Duca di Savoia Vittorio Amedeo II<\/span><\/i><span style=\"font-weight: 400;\">, alleate a quelle austriache guidate dal cugino, il <\/span><i><span style=\"font-weight: 400;\">Principe Eugenio di Savoia-Soisson<\/span><\/i><span style=\"font-weight: 400;\">, si trovano in grande difficolt\u00e0. I due, saliti sul colle per osservare dall\u2019alto il campo di battaglia, individuano nel letto della Dora in secca un punto debole dei nemici, dove poterli attaccare alle spalle. Ma non \u00e8 sufficiente, e il Duca fa un voto:\u00a0 in caso di vittoria, avrebbe fatto costruire in quel luogo una grande chiesa in onore della Vergine. La battaglia fu durissima. Forse fu la nuova strategia, o il sacrifico di Pietro Micca, fattosi esplodere insieme alla cittadella, o l\u2019intervento della Madonna; certo \u00e8 che i francesi vennero sconfitti e la citt\u00e0 fu salva. <\/span><i><span style=\"font-weight: 400;\">Vittorio Amedeo II<\/span><\/i><span style=\"font-weight: 400;\">, da quel momento soprannominato \u201cla Volpe Sabauda\u201d, divenne il primo Re di Casa Savoia ma non si dimentic\u00f2 dell\u2019impegno preso. Nel <\/span><i><span style=\"font-weight: 400;\">1731 <\/span><\/i><span style=\"font-weight: 400;\">fu inaugurato il Santuario, monumentale, nato dal progetto del pi\u00f9 famoso architetto del tempo: <\/span><i><span style=\"font-weight: 400;\">Filippo Juvarra<\/span><\/i><span style=\"font-weight: 400;\">. Un capolavoro del Barocco, con la sua cupola gigantesca e le sculture in marmo di Carrara; nei sotterranei, nelle Tombe Reali, riposano alcuni dei pi\u00f9 grandi nomi di Casa Savoia.<\/span><\/p>\n<p style=\"text-align: justify;\"><span style=\"font-weight: 400;\">Alle spalle della chiesa, raggiungibile camminandoci intorno, sorge il monumento alla squadra calcistica del <\/span><i><span style=\"font-weight: 400;\">Grande Torino<\/span><\/i><span style=\"font-weight: 400;\">; i giocatori, tutti fuoriclasse reclutati anche in Nazionale, scomparvero tragicamente insieme al resto dello staff e all\u2019equipaggio il 4 maggio del <\/span><i><span style=\"font-weight: 400;\">1949<\/span><\/i><span style=\"font-weight: 400;\">, quando l\u2019aereo che li stava riportando a casa da Lisbona si schiant\u00f2 proprio nel terrapieno della basilica, non lasciando sopravvissuti. <\/span><\/p>\n<p>[\/et_pb_text][\/et_pb_column][et_pb_column type=&#8221;1_2&#8243; specialty_columns=&#8221;2&#8243; _builder_version=&#8221;4.16&#8243; custom_padding=&#8221;|||&#8221; global_colors_info=&#8221;{}&#8221; custom_padding__hover=&#8221;|||&#8221;][et_pb_row_inner _builder_version=&#8221;4.17.4&#8243; _module_preset=&#8221;default&#8221; global_colors_info=&#8221;{}&#8221;][et_pb_column_inner saved_specialty_column_type=&#8221;1_2&#8243; _builder_version=&#8221;4.17.4&#8243; _module_preset=&#8221;default&#8221; global_colors_info=&#8221;{}&#8221;][et_pb_cta title=&#8221;Scopri l&#8217;itinerario escursionistico&#8221; button_url=&#8221;https:\/\/www.piemonteoutdoor.it\/it\/attivita\/escursionismo\/superga-vezzolano-crea-svc&#8221; url_new_window=&#8221;on&#8221; button_text=&#8221;Scopri di pi\u00f9&#8221; _builder_version=&#8221;4.17.4&#8243; _module_preset=&#8221;default&#8221; header_text_color=&#8221;#000000&#8243; body_text_color=&#8221;#000000&#8243; background_color=&#8221;#d1d1d1&#8243; custom_button=&#8221;on&#8221; button_text_size=&#8221;14px&#8221; button_text_color=&#8221;#000000&#8243; link_option_url_new_window=&#8221;on&#8221; border_radii=&#8221;on|7px|7px|7px|7px&#8221; border_color_all=&#8221;#80d100&#8243; border_width_top=&#8221;10px&#8221; global_colors_info=&#8221;{}&#8221;]<\/p>\n<p>L&#8217;itinerario Superga Vezzolano Crea \u00e8 composto da 5 tappe, incluse le varianti, i cui dati sono visibili sul portale Piemonte Outdoor.<\/p>\n<p><a href=\"https:\/\/www.piemonteoutdoor.it\/it\/attivita\/escursionismo\/superga-vezzolano-crea-svc\" target=\"_blank\" rel=\"noopener\"><img decoding=\"async\" src=\"https:\/\/www.monferratoastigiano.it\/wp-content\/uploads\/2022\/09\/logo_piemonte_outdoor-300x55.png\" alt=\"\" class=\"wp-image-6124 alignnone size-medium\" width=\"300\" height=\"55\" \/><\/a><\/p>\n<p style=\"text-align: left;\"><a href=\"https:\/\/www.piemonteoutdoor.it\/it\/attivita\/escursionismo\/svc-tappa-1-moncalieri-basilica-di-superga\" target=\"_blank\" rel=\"noopener\">SVC TAPPA 1: Moncalieri &#8211; Basilica di Superga<\/a><br \/><a href=\"https:\/\/www.piemonteoutdoor.it\/it\/attivita\/escursionismo\/svc-tappa-2-superga-vezzolano\" target=\"_blank\" rel=\"noopener\">SVC Tappa 2: Superga &#8211; Vezzolano<\/a><br \/><a href=\"https:\/\/www.piemonteoutdoor.it\/it\/attivita\/escursionismo\/svc-tappa-3-abbazia-di-vezzolano-murisengo\" target=\"_blank\" rel=\"noopener\">SVC TAPPA 3: Abbazia di Vezzolano &#8211; Murisengo<\/a><br \/><a href=\"https:\/\/www.piemonteoutdoor.it\/it\/attivita\/escursionismo\/svc-tappa-4-murisengo-santuario-madonna-di-crea\" target=\"_blank\" rel=\"noopener\">SVC TAPPA 4: Murisengo &#8211; Santuario Madonna di Crea<\/a><br \/><a href=\"https:\/\/www.piemonteoutdoor.it\/it\/attivita\/escursionismo\/svc-tappa-5-santuario-madonna-di-crea-casale-monferrato\" target=\"_blank\" rel=\"noopener\">SVC TAPPA 5: Santuario Madonna di Crea &#8211; Casale Monferrato<\/a><\/p>\n<table style=\"width: 100%; border-color: #d1d1d1; border-top: 2px solid #d1d1d1; border-collapse: collapse; margin-left: auto; margin-right: auto;\" border=\"0\">\n<tbody>\n<tr>\n<td style=\"width: 50%; text-align: center;\"><img decoding=\"async\" src=\"https:\/\/www.monferratoastigiano.it\/wp-content\/uploads\/2022\/09\/tappe-it-.png\" alt=\"\" class=\"wp-image-6236 alignnone size-full\" style=\"display: block; margin-left: auto; margin-right: auto;\" width=\"80\" height=\"80\" \/>Numero di tappe<br \/>(con varianti)<br \/><strong>5<\/strong><\/td>\n<td style=\"width: 50%; text-align: center;\"><img decoding=\"async\" src=\"https:\/\/www.monferratoastigiano.it\/wp-content\/uploads\/2022\/09\/lungh-percorso-it.png\" alt=\"\" class=\"wp-image-6235 alignnone size-full\" style=\"display: block; margin-left: auto; margin-right: auto;\" width=\"80\" height=\"80\" \/>Lunghezza<br \/>totale<br \/><strong>115 km<\/strong><\/td>\n<\/tr>\n<\/tbody>\n<\/table>\n<p>[\/et_pb_cta][\/et_pb_column_inner][\/et_pb_row_inner][et_pb_row_inner _builder_version=&#8221;4.17.4&#8243; _module_preset=&#8221;default&#8221; background_color=&#8221;#d1d1d1&#8243; custom_padding=&#8221;|20px||20px|false|false&#8221; border_radii=&#8221;on|10px|10px|10px|10px&#8221; border_width_top=&#8221;10px&#8221; border_color_top=&#8221;#80d100&#8243; global_colors_info=&#8221;{}&#8221;][et_pb_column_inner saved_specialty_column_type=&#8221;1_2&#8243; _builder_version=&#8221;4.17.4&#8243; _module_preset=&#8221;default&#8221; global_colors_info=&#8221;{}&#8221;][et_pb_text _builder_version=&#8221;4.17.4&#8243; _module_preset=&#8221;default&#8221; text_text_color=&#8221;#000000&#8243; header_text_align=&#8221;center&#8221; header_text_color=&#8221;#000000&#8243; header_2_text_color=&#8221;#000000&#8243; header_3_text_align=&#8221;center&#8221; header_3_text_color=&#8221;#000000&#8243; header_4_text_align=&#8221;center&#8221; header_4_text_color=&#8221;#000000&#8243; header_5_text_color=&#8221;#000000&#8243; header_6_text_color=&#8221;#000000&#8243; global_colors_info=&#8221;{}&#8221;]<\/p>\n<h3>Microaree interessate<\/h3>\n<ul>\n<li>N. 9 &#8211; Colline dei boschi e del romanico<\/li>\n<li>N. 11 &#8211; Intorno alla Contea di Cocconato<\/li>\n<li>N. 12 &#8211; Ricetti e castelli<\/li>\n<li>N. 16 &#8211; Colline delle sorgenti<\/li>\n<li>N. 17 &#8211; Testimonianze longobarde<\/li>\n<li>N. 20 &#8211; Intorno al Santuario di Crea<\/li>\n<\/ul>\n<p>[\/et_pb_text][\/et_pb_column_inner][\/et_pb_row_inner][\/et_pb_column][\/et_pb_section][et_pb_section fb_built=&#8221;1&#8243; _builder_version=&#8221;4.17.4&#8243; _module_preset=&#8221;default&#8221; global_colors_info=&#8221;{}&#8221;][et_pb_row module_id=&#8221;comuni&#8221; _builder_version=&#8221;4.17.4&#8243; _module_preset=&#8221;default&#8221; global_colors_info=&#8221;{}&#8221;][et_pb_column type=&#8221;4_4&#8243; _builder_version=&#8221;4.17.4&#8243; _module_preset=&#8221;default&#8221; global_colors_info=&#8221;{}&#8221;][et_pb_text _builder_version=&#8221;4.17.4&#8243; _module_preset=&#8221;default&#8221; text_font=&#8221;Lato||||||||&#8221; text_text_color=&#8221;#898f99&#8243; text_font_size=&#8221;18px&#8221; text_line_height=&#8221;2em&#8221; header_font=&#8221;||||||||&#8221; header_2_font=&#8221;Lato|700|||||||&#8221; header_2_font_size=&#8221;42px&#8221; header_2_line_height=&#8221;1.5em&#8221; text_orientation=&#8221;center&#8221; module_alignment=&#8221;center&#8221; locked=&#8221;off&#8221; global_colors_info=&#8221;{}&#8221;]<\/p>\n<h2>Comuni interessati dall&#8217;itinerario<\/h2>\n<p>[\/et_pb_text][et_pb_text _builder_version=&#8221;4.17.4&#8243; _module_preset=&#8221;default&#8221; global_colors_info=&#8221;{}&#8221;]<\/p>\n<h4>Si specifica che, tra questi, i Comuni di Moncalieri, Pino Torinese, Sciolze e Cinzano Torinese, cos\u00ec come l\u2019area della Basilica di Superga e la citt\u00e0 di Casale Monferrato, non fanno parte del territorio del G.A.L. Basso Monferrato Astigiano, ma sono stati ovviamente inseriti all\u2019interno della descrizione che segue, dedicata all\u2019Itinerario in oggetto.<\/h4>\n<h4>Al contempo, nel percorso medesimo, sono stati aggiunti, in qualit\u00e0 di tappe integrative consigliate, i Comuni di ODALENGO PICCOLO, CERESETO e TREVILLE, in quanto situati in prossimit\u00e0 dell\u2019Itinerario cos\u00ec come presentato da Piemonte Outdoor, con cui condividono i principali aspetti paesaggistici, naturalistici e storici, e perch\u00e9 caratterizzati da un\u2019elevata attrattivit\u00e0 dal punto di vista architettonico, artistico ed enogastronomico.<\/h4>\n<p>[\/et_pb_text][\/et_pb_column][\/et_pb_row][et_pb_row _builder_version=&#8221;4.17.4&#8243; _module_preset=&#8221;default&#8221; custom_padding=&#8221;4px|||||&#8221; global_colors_info=&#8221;{}&#8221;][et_pb_column type=&#8221;4_4&#8243; _builder_version=&#8221;4.17.4&#8243; _module_preset=&#8221;default&#8221; global_colors_info=&#8221;{}&#8221;][et_pb_blog fullwidth=&#8221;off&#8221; posts_number=&#8221;30&#8243; include_categories=&#8221;312&#8243; use_manual_excerpt=&#8221;off&#8221; show_author=&#8221;off&#8221; show_date=&#8221;off&#8221; show_categories=&#8221;off&#8221; show_excerpt=&#8221;off&#8221; show_pagination=&#8221;off&#8221; module_class=&#8221;Elenco-Comuni-itinerario&#8221; _builder_version=&#8221;4.17.4&#8243; _module_preset=&#8221;default&#8221; width=&#8221;100%&#8221; custom_margin=&#8221;0px||||false|false&#8221; custom_padding=&#8221;0px||||false|false&#8221; border_radii=&#8221;on|6px|6px|6px|6px&#8221; border_width_all=&#8221;0px&#8221; border_width_top=&#8221;5px&#8221; border_color_top=&#8221;#80d100&#8243; border_color_top_image=&#8221;rgba(255,255,255,0)&#8221; box_shadow_style=&#8221;preset1&#8243; box_shadow_horizontal=&#8221;-3px&#8221; box_shadow_vertical=&#8221;0px&#8221; box_shadow_blur=&#8221;17px&#8221; box_shadow_spread=&#8221;-5px&#8221; global_colors_info=&#8221;{}&#8221;][\/et_pb_blog][\/et_pb_column][\/et_pb_row][\/et_pb_section][et_pb_section fb_built=&#8221;1&#8243; _builder_version=&#8221;4.17.4&#8243; _module_preset=&#8221;default&#8221; global_colors_info=&#8221;{}&#8221;][et_pb_row module_id=&#8221;approfondimenti-sul-territorio&#8221; _builder_version=&#8221;4.17.4&#8243; _module_preset=&#8221;default&#8221; global_colors_info=&#8221;{}&#8221;][et_pb_column type=&#8221;4_4&#8243; _builder_version=&#8221;4.17.4&#8243; _module_preset=&#8221;default&#8221; global_colors_info=&#8221;{}&#8221;][et_pb_text _builder_version=&#8221;4.17.4&#8243; _module_preset=&#8221;default&#8221; text_font=&#8221;Lato||||||||&#8221; text_text_color=&#8221;#898f99&#8243; text_font_size=&#8221;18px&#8221; text_line_height=&#8221;2em&#8221; header_font=&#8221;||||||||&#8221; header_2_font=&#8221;Lato|700|||||||&#8221; header_2_font_size=&#8221;42px&#8221; header_2_line_height=&#8221;1.5em&#8221; text_orientation=&#8221;center&#8221; module_alignment=&#8221;center&#8221; locked=&#8221;off&#8221; global_colors_info=&#8221;{}&#8221;]<\/p>\n<h2>Approfondimenti sul territorio<\/h2>\n<p>[\/et_pb_text][\/et_pb_column][\/et_pb_row][et_pb_row column_structure=&#8221;1_4,3_4&#8243; _builder_version=&#8221;4.17.4&#8243; _module_preset=&#8221;default&#8221; background_color=&#8221;rgba(0,0,0,0.08)&#8221; width=&#8221;86%&#8221; max_width=&#8221;1435px&#8221; custom_margin=&#8221;0px|auto|30px|auto|false|false&#8221; custom_padding=&#8221;|30px||30px|false|false&#8221; border_radii=&#8221;on|10px|10px|10px|10px&#8221; global_colors_info=&#8221;{}&#8221;][et_pb_column type=&#8221;1_4&#8243; _builder_version=&#8221;4.17.4&#8243; _module_preset=&#8221;default&#8221; global_colors_info=&#8221;{}&#8221;][et_pb_blurb title=&#8221;CENNI STORICI&#8221; use_icon=&#8221;on&#8221; font_icon=&#8221;&#xf557;||fa||900&#8243; icon_color=&#8221;#FFFFFF&#8221; image_icon_background_color=&#8221;#80d100&#8243; image_icon_width=&#8221;40px&#8221; _builder_version=&#8221;4.17.4&#8243; _module_preset=&#8221;default&#8221; header_font=&#8221;Lato|900||on|||||&#8221; header_font_size=&#8221;15px&#8221; header_letter_spacing=&#8221;1px&#8221; header_line_height=&#8221;1.4em&#8221; body_font=&#8221;Lato||||||||&#8221; body_text_color=&#8221;#898f99&#8243; body_font_size=&#8221;16px&#8221; body_line_height=&#8221;1.6em&#8221; background_color=&#8221;#ffffff&#8221; image_icon_custom_padding=&#8221;25px|25px|25px|25px|false|false&#8221; text_orientation=&#8221;center&#8221; custom_margin=&#8221;|||&#8221; custom_padding=&#8221;60px|40px|60px|40px|false|false&#8221; animation=&#8221;off&#8221; border_radii=&#8221;on|10px|10px|10px|10px&#8221; border_color_all=&#8221;#80d100&#8243; border_width_top=&#8221;10px&#8221; border_radii_image=&#8221;on|100%|100%|100%|100%&#8221; box_shadow_style=&#8221;preset2&#8243; box_shadow_horizontal=&#8221;0px&#8221; box_shadow_blur=&#8221;54px&#8221; box_shadow_spread=&#8221;17px&#8221; box_shadow_color=&#8221;rgba(0,0,0,0.04)&#8221; icon_font_size=&#8221;40px&#8221; use_circle=&#8221;on&#8221; circle_color=&#8221;#3c39e6&#8243; global_colors_info=&#8221;{}&#8221; image_icon_background_color__sticky_enabled=&#8221;#7EBEC5&#8243; image_icon_background_color__sticky=&#8221;#7EBEC5&#8243;][\/et_pb_blurb][et_pb_gallery gallery_ids=&#8221;8832,8839,8838&#8243; fullwidth=&#8221;on&#8221; _builder_version=&#8221;4.17.4&#8243; _module_preset=&#8221;default&#8221; border_radii=&#8221;on|10px|10px|10px|10px&#8221; border_width_top=&#8221;10px&#8221; border_color_top=&#8221;#80d100&#8243; global_colors_info=&#8221;{}&#8221;][\/et_pb_gallery][\/et_pb_column][et_pb_column type=&#8221;3_4&#8243; _builder_version=&#8221;4.17.4&#8243; _module_preset=&#8221;default&#8221; global_colors_info=&#8221;{}&#8221;][et_pb_toggle title=&#8221;Dagli Antichi Romani ai Conti Radicati: la trasformazione di un territorio&#8221; open_toggle_text_color=&#8221;#000000&#8243; _builder_version=&#8221;4.17.4&#8243; _module_preset=&#8221;default&#8221; title_text_color=&#8221;#000000&#8243; body_text_color=&#8221;#000000&#8243; custom_margin=&#8221;||6px||false|false&#8221; border_radii=&#8221;on|10px|10px|10px|10px&#8221; border_width_top=&#8221;10px&#8221; border_color_top=&#8221;#80d100&#8243; global_colors_info=&#8221;{}&#8221;]<\/p>\n<p style=\"text-align: justify;\"><span style=\"font-weight: 400;\">La comparsa delle prime comunit\u00e0 su questo territorio si data all\u2019epoca romana, intorno al <\/span><i><span style=\"font-weight: 400;\">II secolo<\/span><\/i><span style=\"font-weight: 400;\">, quando nacquero ufficialmente gli insediamenti di <\/span><b>Vezzolano<\/b><span style=\"font-weight: 400;\">, toponimo che richiama la <\/span><i><span style=\"font-weight: 400;\">gens<\/span><\/i><span style=\"font-weight: 400;\"> latina dei <\/span><i><span style=\"font-weight: 400;\">Vetius<\/span><\/i><span style=\"font-weight: 400;\">, primi proprietari del fondo, <\/span><b>Cocconato<\/b><span style=\"font-weight: 400;\">, sorto a valle con il nome di <\/span><i><span style=\"font-weight: 400;\">Marcellina<\/span><\/i><span style=\"font-weight: 400;\"> nei pressi della strada che collegava <\/span><i><span style=\"font-weight: 400;\">Hasta<\/span><\/i><span style=\"font-weight: 400;\">, l\u2019antica Asti, ad <\/span><i><span style=\"font-weight: 400;\">Industria<\/span><\/i><span style=\"font-weight: 400;\">, ovvero Monteu da Po, e infine <\/span><b>Ponzano<\/b><span style=\"font-weight: 400;\">, dal nome della prima famiglia di legionari a cui furono concesse queste terre, quella dei <\/span><i><span style=\"font-weight: 400;\">Pontius.<\/span><\/i><\/p>\n<p style=\"text-align: justify;\"><span style=\"font-weight: 400;\">Dopo la fine dell\u2019Impero Romano, l\u2019area fu invasa da diverse popolazioni barbare, tra cui i <\/span><i><span style=\"font-weight: 400;\">Longobardi,<\/span><\/i><span style=\"font-weight: 400;\"> scesi in Piemonte alla fine del <\/span><i><span style=\"font-weight: 400;\">VI secolo<\/span><\/i><span style=\"font-weight: 400;\">; il suffisso <\/span><i><span style=\"font-weight: 400;\">\u2013 eng<\/span><\/i><span style=\"font-weight: 400;\"> di <\/span><b>Murisengo <\/b><span style=\"font-weight: 400;\">e di<\/span><b> Odalengo <\/b><span style=\"font-weight: 400;\">rievoca infatti la presenza di due accampamenti militari longobardi, ai quali si aggiunge il centro agricolo di <\/span><b>Ponzano<\/b><span style=\"font-weight: 400;\">, come dimostra il nome della Frazione <\/span><i><span style=\"font-weight: 400;\">Salabue<\/span><\/i><span style=\"font-weight: 400;\">: con \u201csala\u201d si intendeva un magazzino fortificato e un ricetto per gli uomini, con \u201cbovis\u201d un ricovero per il bestiame.<\/span><\/p>\n<p style=\"text-align: justify;\"><span style=\"font-weight: 400;\">Ma \u00e8 in pieno <\/span><i><span style=\"font-weight: 400;\">Medioevo<\/span><\/i><span style=\"font-weight: 400;\"> che si scrive un nuovo destino per queste comunit\u00e0, intorno a due poteri distinti, e spesso contrapposti: da una parte i <\/span><i><span style=\"font-weight: 400;\">Radicati<\/span><\/i><span style=\"font-weight: 400;\"> di <\/span><b>Cocconato<\/b><span style=\"font-weight: 400;\">, nella cui Contea furono inglobati <\/span><b>Albugnano<\/b><span style=\"font-weight: 400;\"> e numerosi feudi circostanti; dall\u2019altra, i <\/span><i><span style=\"font-weight: 400;\">Marchesi del Monferrato<\/span><\/i><span style=\"font-weight: 400;\">, signori indiscussi di del Nord Astigiano e del Casalese. Il loro marchesato, nato nel <\/span><i><span style=\"font-weight: 400;\">X secolo<\/span><\/i><span style=\"font-weight: 400;\"> con il famoso cavaliere <\/span><i><span style=\"font-weight: 400;\">Aleramo,<\/span><\/i><span style=\"font-weight: 400;\"> fondatore della dinastia degli <\/span><i><span style=\"font-weight: 400;\">Aleramici<\/span><\/i><span style=\"font-weight: 400;\">, a cui poi subentr\u00f2 quella dei <\/span><i><span style=\"font-weight: 400;\">Paleologi <\/span><\/i><span style=\"font-weight: 400;\">all\u2019inizio del <\/span><i><span style=\"font-weight: 400;\">Trecento<\/span><\/i><span style=\"font-weight: 400;\">, governarono a lungo su tutti i borghi toccati dall\u2019itinerario: <\/span><b>Moncucco Torinese<\/b><span style=\"font-weight: 400;\">, in passato dotato di ben tre castelli; <\/span><b>Murisengo, Odalengo Piccolo <\/b><span style=\"font-weight: 400;\">e<\/span><b> Ozzano,<\/b><span style=\"font-weight: 400;\"> loro assegnati gi\u00e0 dal <\/span><i><span style=\"font-weight: 400;\">Barbarossa <\/span><\/i><span style=\"font-weight: 400;\">nel <\/span><i><span style=\"font-weight: 400;\">1154<\/span><\/i><span style=\"font-weight: 400;\">; <\/span><b>Villadeati, Cereseto <\/b><span style=\"font-weight: 400;\">e <\/span><b>Treville<\/b><span style=\"font-weight: 400;\">, accorpati al Marchesato nel <\/span><i><span style=\"font-weight: 400;\">Duecento. <\/span><\/i><\/p>\n<p>[\/et_pb_toggle][et_pb_toggle title=&#8221;Una storia.. moderna: dal Re di Savoia al \u201cre del caff\u00e8\u201d&#8221; open_toggle_text_color=&#8221;#000000&#8243; _builder_version=&#8221;4.17.4&#8243; _module_preset=&#8221;default&#8221; title_text_color=&#8221;#000000&#8243; body_text_color=&#8221;#000000&#8243; custom_margin=&#8221;||6px||false|false&#8221; border_radii=&#8221;on|10px|10px|10px|10px&#8221; border_width_top=&#8221;10px&#8221; border_color_top=&#8221;#80d100&#8243; global_colors_info=&#8221;{}&#8221;]<\/p>\n<p style=\"text-align: justify;\"><span style=\"font-weight: 400;\">Eppure, le curiosit\u00e0 storiche qui non si fermano certo al Medioevo. Pochi sanno, ad esempio, che il borgo di <\/span><b>Cocconato<\/b><span style=\"font-weight: 400;\">, soprannominato \u201cla Riviera del Monferrato\u201d per i suoi 500 metri di altitudine e il particolare microclima, fu spesso frequentato dal <\/span><i><span style=\"font-weight: 400;\">Re di Savoia<\/span><\/i> <i><span style=\"font-weight: 400;\">Vittorio Emanuele II,<\/span><\/i><span style=\"font-weight: 400;\"> grande amante della rustica cucina monferrina; o che a <\/span><b>Ponzano, <\/b><span style=\"font-weight: 400;\">nella Frazione Salabue, visse tra la met\u00e0 del <\/span><i><span style=\"font-weight: 400;\">Settecento<\/span><\/i><span style=\"font-weight: 400;\"> e la met\u00e0 dell\u2019<\/span><i><span style=\"font-weight: 400;\">Ottocento<\/span><\/i><span style=\"font-weight: 400;\"> il notabile <\/span><i><span style=\"font-weight: 400;\">Ignazio Alessandro Cozio<\/span><\/i><span style=\"font-weight: 400;\">, la cui famiglia governava all\u2019epoca il feudo, appassionato collezionista di strumenti ad arco, in particolare di Stradivari, alcuni dei quali ancora conservati al <\/span><i><span style=\"font-weight: 400;\">Museo Stradivariano<\/span><\/i><span style=\"font-weight: 400;\"> di Cremona.\u00a0\u00a0<\/span><\/p>\n<p style=\"text-align: justify;\"><span style=\"font-weight: 400;\">Alla fortuna del caff\u00e8 in Italia si lega invece il paese di <\/span><b>Murisengo<\/b><span style=\"font-weight: 400;\">, che nel <\/span><i><span style=\"font-weight: 400;\">1859<\/span><\/i><span style=\"font-weight: 400;\"> diede i natali al celebre <\/span><i><span style=\"font-weight: 400;\">Luigi Lavazza<\/span><\/i><b>, <\/b><span style=\"font-weight: 400;\">fondatore dell&#8217;omonima azienda, avviata nel <\/span><i><span style=\"font-weight: 400;\">1894<\/span><\/i><span style=\"font-weight: 400;\"> dopo aver rilevato un\u2019antica drogheria di Torino. Tra le sue idee pi\u00f9 geniali, la creazione delle miscele, nate dall\u2019unione di diverse tipologie di caff\u00e8, procedura fino a quel momento sconosciuta nel settore. Luigi si ritirer\u00e0 nel <\/span><i><span style=\"font-weight: 400;\">1936<\/span><\/i><span style=\"font-weight: 400;\">, lasciando ai suoi tre figli un\u2019azienda solida e in piena crescita, capace di affrontare il secondo conflitto mondiale e la crisi post bellica. Nell\u2019anno della sua morte, avvenuta nel <\/span><i><span style=\"font-weight: 400;\">1949<\/span><\/i><span style=\"font-weight: 400;\">, mentre la produzione di caff\u00e8 superava i 15.000 quintali, veniva inaugurata la filiale milanese, prima tappa di una vincente politica di espansione del marchio, pronto alla conquista del mercato italiano.<\/span><\/p>\n<p>[\/et_pb_toggle][et_pb_toggle title=&#8221;Casale Monferrato, la Capitale dei Gonzaga&#8221; open_toggle_text_color=&#8221;#000000&#8243; _builder_version=&#8221;4.17.4&#8243; _module_preset=&#8221;default&#8221; title_text_color=&#8221;#000000&#8243; body_text_color=&#8221;#000000&#8243; custom_margin=&#8221;||6px||false|false&#8221; border_radii=&#8221;on|10px|10px|10px|10px&#8221; border_width_top=&#8221;10px&#8221; border_color_top=&#8221;#80d100&#8243; global_colors_info=&#8221;{}&#8221;]<\/p>\n<p style=\"text-align: justify;\"><span style=\"font-weight: 400;\">A chiudere il percorso, <\/span><b>Casale Monferrato<\/b><span style=\"font-weight: 400;\">, citt\u00e0 del Barocco, dei <\/span><i><span style=\"font-weight: 400;\">Gonzaga<\/span><\/i><span style=\"font-weight: 400;\"> e dei biscotti <\/span><i><span style=\"font-weight: 400;\">krumiri. <\/span><\/i><span style=\"font-weight: 400;\">Nota con il nome di <\/span><i><span style=\"font-weight: 400;\">Vardacate <\/span><\/i><span style=\"font-weight: 400;\">in epoca romana, rinacque nel <\/span><i><span style=\"font-weight: 400;\">X secolo<\/span><\/i><span style=\"font-weight: 400;\"> anche grazie all\u2019opera di cristianizzazione messa in campo da <\/span><i><span style=\"font-weight: 400;\">Sant\u2019Evasio<\/span><\/i><span style=\"font-weight: 400;\">, Vescovo e martire, a cui \u00e8 dedicato lo splendido <\/span><i><span style=\"font-weight: 400;\">duomo<\/span><\/i><span style=\"font-weight: 400;\"> di epoca romanica. La citt\u00e0 fu inglobata fin da subito nel <\/span><i><span style=\"font-weight: 400;\">Marchesato del Monferrato<\/span><\/i><span style=\"font-weight: 400;\">, di cui divenne ufficialmente la capitale nel <\/span><i><span style=\"font-weight: 400;\">1464.<\/span><\/i><span style=\"font-weight: 400;\"> Il possente <\/span><i><span style=\"font-weight: 400;\">Castello<\/span><\/i><span style=\"font-weight: 400;\">, ancora circondato dai bastioni e dal fossato, fu casa dei <\/span><i><span style=\"font-weight: 400;\">Paleologi<\/span><\/i><span style=\"font-weight: 400;\"> e dei <\/span><i><span style=\"font-weight: 400;\">Gonzaga, Duchi di Mantova<\/span><\/i><span style=\"font-weight: 400;\">, divenuti signori del Monferrato nella met\u00e0 del <\/span><i><span style=\"font-weight: 400;\">1500.<\/span><\/i><span style=\"font-weight: 400;\"> Continuamente assediata e contesa tra il <\/span><i><span style=\"font-weight: 400;\">Seicento<\/span><\/i><span style=\"font-weight: 400;\"> e il <\/span><i><span style=\"font-weight: 400;\">Settecento<\/span><\/i><span style=\"font-weight: 400;\"> da Spagnoli e Francesi, fu nella <\/span><i><span style=\"font-weight: 400;\">Seconda Guerra d\u2019Indipendenza<\/span><\/i><span style=\"font-weight: 400;\"> che gioc\u00f2 un ruolo chiave, fulcro della strategia franco-piemontese contro gli <\/span><i><span style=\"font-weight: 400;\">Austriaci<\/span><\/i><span style=\"font-weight: 400;\">, rivelatasi vincente. <\/span><\/p>\n<p>[\/et_pb_toggle][\/et_pb_column][\/et_pb_row][et_pb_row column_structure=&#8221;1_4,3_4&#8243; _builder_version=&#8221;4.17.4&#8243; _module_preset=&#8221;default&#8221; background_color=&#8221;rgba(0,0,0,0.08)&#8221; width=&#8221;86%&#8221; max_width=&#8221;1435px&#8221; custom_margin=&#8221;0px|auto|26px|auto|false|false&#8221; custom_padding=&#8221;|30px||30px|false|false&#8221; border_radii=&#8221;on|10px|10px|10px|10px&#8221; global_colors_info=&#8221;{}&#8221;][et_pb_column type=&#8221;1_4&#8243; _builder_version=&#8221;4.17.4&#8243; _module_preset=&#8221;default&#8221; global_colors_info=&#8221;{}&#8221;][et_pb_blurb title=&#8221;SITI DI INTERESSE STORICO-ARTISTICO&#8221; use_icon=&#8221;on&#8221; font_icon=&#8221;&#xf19c;||fa||900&#8243; icon_color=&#8221;#FFFFFF&#8221; image_icon_background_color=&#8221;#80d100&#8243; image_icon_width=&#8221;40px&#8221; _builder_version=&#8221;4.17.4&#8243; _module_preset=&#8221;default&#8221; header_font=&#8221;Lato|900||on|||||&#8221; header_font_size=&#8221;15px&#8221; header_letter_spacing=&#8221;1px&#8221; header_line_height=&#8221;1.4em&#8221; body_font=&#8221;Lato||||||||&#8221; body_text_color=&#8221;#898f99&#8243; body_font_size=&#8221;16px&#8221; body_line_height=&#8221;1.6em&#8221; background_color=&#8221;#ffffff&#8221; image_icon_custom_padding=&#8221;25px|25px|25px|25px|false|false&#8221; text_orientation=&#8221;center&#8221; custom_margin=&#8221;|||&#8221; custom_padding=&#8221;60px|40px|60px|40px|false|false&#8221; animation=&#8221;off&#8221; border_radii=&#8221;on|10px|10px|10px|10px&#8221; border_color_all=&#8221;#80d100&#8243; border_width_top=&#8221;10px&#8221; border_radii_image=&#8221;on|50%|50%|50%|50%&#8221; box_shadow_style=&#8221;preset2&#8243; box_shadow_horizontal=&#8221;0px&#8221; box_shadow_blur=&#8221;54px&#8221; box_shadow_spread=&#8221;17px&#8221; box_shadow_color=&#8221;rgba(0,0,0,0.04)&#8221; icon_font_size=&#8221;40px&#8221; use_circle=&#8221;on&#8221; circle_color=&#8221;#3c39e6&#8243; global_colors_info=&#8221;{}&#8221; image_icon_background_color__sticky_enabled=&#8221;#7EBEC5&#8243; image_icon_background_color__sticky=&#8221;#7EBEC5&#8243;][\/et_pb_blurb][et_pb_gallery gallery_ids=&#8221;8834,8836,8840&#8243; fullwidth=&#8221;on&#8221; _builder_version=&#8221;4.17.4&#8243; _module_preset=&#8221;default&#8221; border_radii=&#8221;on|10px|10px|10px|10px&#8221; border_width_top=&#8221;10px&#8221; border_color_top=&#8221;#80d100&#8243; global_colors_info=&#8221;{}&#8221;][\/et_pb_gallery][\/et_pb_column][et_pb_column type=&#8221;3_4&#8243; _builder_version=&#8221;4.17.4&#8243; _module_preset=&#8221;default&#8221; global_colors_info=&#8221;{}&#8221;][et_pb_toggle title=&#8221;Il gesso artistico di Moncucco Torinese e l\u2019Abbazia di Vezzolano: un fascino senza tempo&#8221; open_toggle_text_color=&#8221;#000000&#8243; _builder_version=&#8221;4.17.4&#8243; _module_preset=&#8221;default&#8221; title_text_color=&#8221;#000000&#8243; body_text_color=&#8221;#000000&#8243; custom_margin=&#8221;||6px||false|false&#8221; border_radii=&#8221;on|10px|10px|10px|10px&#8221; border_width_top=&#8221;10px&#8221; border_color_top=&#8221;#80d100&#8243; global_colors_info=&#8221;{}&#8221;]<\/p>\n<p style=\"text-align: justify;\"><span style=\"font-weight: 400;\">Tra le tappe pi\u00f9 significative dell\u2019itinerario vi \u00e8 il centro di <\/span><b>Moncucco Torinese, <\/b><span style=\"font-weight: 400;\">dominato dai bastioni e dalla mole imponente del <\/span><i><span style=\"font-weight: 400;\">Castello<\/span><\/i><span style=\"font-weight: 400;\">, eretto nel <\/span><i><span style=\"font-weight: 400;\">XII secolo<\/span><\/i><span style=\"font-weight: 400;\"> e ulteriormente ampliato tra il <\/span><i><span style=\"font-weight: 400;\">Duecento <\/span><\/i><span style=\"font-weight: 400;\">e il <\/span><i><span style=\"font-weight: 400;\">Quattrocento<\/span><\/i><span style=\"font-weight: 400;\">. Molto interessante, oltre al \u201ccontenitore\u201d, il contenuto: le sale ospitano il <\/span><i><span style=\"font-weight: 400;\">Museo del Gesso<\/span><\/i><span style=\"font-weight: 400;\">, dedicato alla storia delle cave locali, sfruttate fin dal <\/span><i><span style=\"font-weight: 400;\">Seicento<\/span><\/i><span style=\"font-weight: 400;\">, e alla lavorazione preindustriale di questo materiale, per scopi costruttivi ed artistici. Nell\u2019astigiano si diffusero in particolare, sia negli edifici pubblici che in quelli privati, i soffitti in gesso a matrice lignea, eleganti ed economici allo stesso tempo. Da visitare, anche la <\/span><i><span style=\"font-weight: 400;\">parrocchiale di San Giovanni Battista <\/span><\/i><span style=\"font-weight: 400;\">che,<\/span> <span style=\"font-weight: 400;\">ricostruita in stile neoclassico a partire dal <\/span><i><span style=\"font-weight: 400;\">1810, <\/span><\/i><span style=\"font-weight: 400;\">conserva all\u2019interno un prezioso altare in marmo progettato dal famoso <\/span><i><span style=\"font-weight: 400;\">Filippo Juvarra<\/span><\/i><span style=\"font-weight: 400;\"> per il Convento della Maddalena di Torino.\u00a0<\/span><\/p>\n<p style=\"text-align: justify;\"><span style=\"font-weight: 400;\">Passando per la <\/span><b>Frazione Pogliano<\/b><span style=\"font-weight: 400;\">, si raggiunge la splendida <\/span><b>Abbazia medievale di Santa Maria di Vezzolano<\/b><span style=\"font-weight: 400;\">, adagiata in una conca circondata dai vigneti. La chiesa, eretta tra la prima met\u00e0 del <\/span><i><span style=\"font-weight: 400;\">XII<\/span><\/i><span style=\"font-weight: 400;\"> e la prima met\u00e0 del <\/span><i><span style=\"font-weight: 400;\">XIII secolo<\/span><\/i><span style=\"font-weight: 400;\">, fonde in modo unico il romanico locale e il gotico transalpino, accogliendo il visitatore con sculture e affreschi di straordinaria bellezza. Un fascino magnetico, che riporta il camminatore all\u2019epoca dei grandi pellegrinaggi, tra avventure cavalleresche ed eventi miracolosi. Come quello ricordato dal trittico in terracotta dipinta che decora l\u2019altare maggiore, dove compare il grande <\/span><i><span style=\"font-weight: 400;\">Enrico VIII<\/span><\/i><span style=\"font-weight: 400;\"> ai piedi della Vergine: nel <\/span><i><span style=\"font-weight: 400;\">1494<\/span><\/i><span style=\"font-weight: 400;\"> il Re di Francia, gravemente malato, fu qui ospitato da Canonici, famosi curatori, che furono in grado di salvargli la vita.\u00a0 <\/span><\/p>\n<p>[\/et_pb_toggle][et_pb_toggle title=&#8221;Da Cocconato a Ozzano Monferrato, panorami e leggende tra torri e castelli&#8221; open_toggle_text_color=&#8221;#000000&#8243; _builder_version=&#8221;4.17.4&#8243; _module_preset=&#8221;default&#8221; title_text_color=&#8221;#000000&#8243; body_text_color=&#8221;#000000&#8243; custom_margin=&#8221;||6px||false|false&#8221; border_radii=&#8221;on|10px|10px|10px|10px&#8221; border_width_top=&#8221;10px&#8221; border_color_top=&#8221;#80d100&#8243; global_colors_info=&#8221;{}&#8221;]<\/p>\n<p style=\"text-align: justify;\"><span style=\"font-weight: 400;\">Il borgo di <\/span><b>Cocconato<\/b><span style=\"font-weight: 400;\">, dalle tipiche fattezze medievali, accoglie il visitatore con le sue importanti testimonianze artistiche:<\/span> <span style=\"font-weight: 400;\">la <\/span><i><span style=\"font-weight: 400;\">Confraternita seicentesca della Santissima Trinit\u00e0<\/span><\/i><span style=\"font-weight: 400;\">, abbellita da un altare ligneo realizzato da maestranze ticinesi<\/span><i><span style=\"font-weight: 400;\">; <\/span><\/i><span style=\"font-weight: 400;\">il <\/span><i><span style=\"font-weight: 400;\">Palazzo Comunale<\/span><\/i><span style=\"font-weight: 400;\">, dalle linee imponenti, di epoca tardogotica; la <\/span><i><span style=\"font-weight: 400;\">parrocchiale di Santa Maria della Consolazione<\/span><\/i><span style=\"font-weight: 400;\">, eretta nella parte pi\u00f9 alta del paese, sul sito del castello, a ricordo del quale resta solo la <\/span><i><span style=\"font-weight: 400;\">Torre Merlata<\/span><\/i><span style=\"font-weight: 400;\">; <\/span><i><span style=\"font-weight: 400;\">Palazzo Martelletti<\/span><\/i><span style=\"font-weight: 400;\"> e le altre abitazioni storiche, residenza in passato di nobili, borghesi e banchieri.\u00a0\u00a0<\/span><\/p>\n<p style=\"text-align: justify;\"><span style=\"font-weight: 400;\">Anche a <\/span><b>Murisengo<\/b><span style=\"font-weight: 400;\"> merita una passeggiata nel centro storico, fino a raggiungere il <\/span><i><span style=\"font-weight: 400;\">Castello <\/span><\/i><span style=\"font-weight: 400;\">medievale; nell\u2019<\/span><i><span style=\"font-weight: 400;\">Ottocento<\/span><\/i><span style=\"font-weight: 400;\"> il maniero vide gli ultimi rimaneggiamenti ed ospit\u00f2 il grande scrittore e patriota <\/span><i><span style=\"font-weight: 400;\">Silvio Pellico<\/span><\/i><span style=\"font-weight: 400;\">, che vi compose la famosa tragedia &#8220;Francesca da Rimini&#8221;. Ma \u00e8 soprattutto la <\/span><i><span style=\"font-weight: 400;\">parrocchiale di Sant&#8217;Antonio Abate<\/span><\/i> <span style=\"font-weight: 400;\">a lasciare senza fiato<\/span><b>: <\/b><span style=\"font-weight: 400;\">costruita nel <\/span><i><span style=\"font-weight: 400;\">1748 <\/span><\/i><span style=\"font-weight: 400;\">in stile rococ\u00f2 piemontese su progetto del noto architetto <\/span><i><span style=\"font-weight: 400;\">Giovanni Peruzzi, <\/span><\/i><span style=\"font-weight: 400;\">conserva all\u2019interno la preziosa decorazione ad affresco originale.\u00a0<\/span><\/p>\n<p style=\"text-align: justify;\"><span style=\"font-weight: 400;\">Da <\/span><b>Murisengo <\/b><span style=\"font-weight: 400;\">in poi, l\u2019itinerario si svela come un susseguirsi di <\/span><i><span style=\"font-weight: 400;\">Castelli<\/span><\/i><span style=\"font-weight: 400;\">, testimonianza tangibile di un passato che vide tra i suoi protagonisti potenti famiglie nobili locali. A cominciare da <\/span><b>Villadeati<\/b><span style=\"font-weight: 400;\">, dove il maniero, trasformato in un\u2019elegante residenza signorile nel tardo <\/span><i><span style=\"font-weight: 400;\">Settecento<\/span><\/i><span style=\"font-weight: 400;\">, accoglie il visitatore con<\/span> <span style=\"font-weight: 400;\">un Parco a terrazze, offrendogli un panorama suggestivo. Si continua con <\/span><b>Ponzano<\/b><span style=\"font-weight: 400;\">, dove i castelli sono ben due: quello del centro storico, documentato fin dal <\/span><i><span style=\"font-weight: 400;\">1014<\/span><\/i><span style=\"font-weight: 400;\"> tra i possedimenti del <\/span><i><span style=\"font-weight: 400;\">Vescovo di Vercelli<\/span><\/i><span style=\"font-weight: 400;\"> e affiancato dalla <\/span><i><span style=\"font-weight: 400;\">Confraternita settecentesca di San Sebastiano<\/span><\/i><b>, <\/b><span style=\"font-weight: 400;\">e quello di <\/span><b>Salabue<\/b><span style=\"font-weight: 400;\">, risalente alla fine del <\/span><i><span style=\"font-weight: 400;\">Duecento<\/span><\/i><span style=\"font-weight: 400;\">, antica propriet\u00e0 dei <\/span><i><span style=\"font-weight: 400;\">Marchesi del Monferrato<\/span><\/i><span style=\"font-weight: 400;\">.\u00a0<\/span><\/p>\n<p style=\"text-align: justify;\"><span style=\"font-weight: 400;\">Non \u00e8 certo da meno quello di <\/span><b>Ozzano Monferrato<\/b><span style=\"font-weight: 400;\">, ricostruito nel <\/span><i><span style=\"font-weight: 400;\">Cinquecento<\/span><\/i><span style=\"font-weight: 400;\"> e parzialmente rinnovato nel tempo; l\u2019edificio \u00e8 circondato da un Giardino all&#8217; Italiana e da un Parco terrazzato secolare, i cui muri di contenimento ne costituivano il sistema difensivo. Il sito, che offre una vista mozzafiato sulle colline circostanti, ospita\u00a0 la <\/span><i><span style=\"font-weight: 400;\">Torre Campanaria<\/span><\/i><span style=\"font-weight: 400;\"> del <\/span><i><span style=\"font-weight: 400;\">XII secolo<\/span><\/i><span style=\"font-weight: 400;\">, simbolo del paese, e la <\/span><i><span style=\"font-weight: 400;\">parrocchiale di<\/span><\/i> <i><span style=\"font-weight: 400;\">San Salvatore<\/span><\/i><span style=\"font-weight: 400;\">, splendido esempio di architettura tardo medievale, dichiarata Monumento Nazionale fin dal <\/span><i><span style=\"font-weight: 400;\">1904.<\/span><\/i><span style=\"font-weight: 400;\">\u00a0 La chiesa custodisce all\u2019interno una preziosa decorazione ad affresco datata alla met\u00e0 del <\/span><i><span style=\"font-weight: 400;\">Quattrocento e <\/span><\/i><span style=\"font-weight: 400;\">un altare maggiore in marmo bianco di Carrara. Spiccano nel paese, Bandiera Arancione del Touring Club, anche <\/span><i><span style=\"font-weight: 400;\">Casa Bonaria-Simonetti<\/span><\/i><b><i>, <\/i><\/b><span style=\"font-weight: 400;\">risalente al <\/span><i><span style=\"font-weight: 400;\">XV secolo<\/span><\/i><span style=\"font-weight: 400;\"> e prima sede del Comune, e gli <\/span><i><span style=\"font-weight: 400;\">Infernot, <\/span><\/i><span style=\"font-weight: 400;\">le famose cantine scavate a mano nell&#8217;<\/span><i><span style=\"font-weight: 400;\">Ottocento<\/span><\/i><span style=\"font-weight: 400;\"> nel tufo arenaceo a diversi metri di profondit\u00e0, divenute Patrimonio Unesco nel <\/span><i><span style=\"font-weight: 400;\">2014. <\/span><\/i><\/p>\n<p>[\/et_pb_toggle][et_pb_toggle title=&#8221;Sorprendente Monferrato: dal castello delle fiabe al \u201cpaese che non c\u2019\u00e8\u201d&#8221; open_toggle_text_color=&#8221;#000000&#8243; _builder_version=&#8221;4.17.4&#8243; _module_preset=&#8221;default&#8221; title_text_color=&#8221;#000000&#8243; body_text_color=&#8221;#000000&#8243; custom_margin=&#8221;||6px||false|false&#8221; border_radii=&#8221;on|10px|10px|10px|10px&#8221; border_width_top=&#8221;10px&#8221; border_color_top=&#8221;#80d100&#8243; global_colors_info=&#8221;{}&#8221;]<\/p>\n<p style=\"text-align: justify;\"><span style=\"font-weight: 400;\">Anche il <\/span><i><span style=\"font-weight: 400;\">Castello <\/span><\/i><span style=\"font-weight: 400;\">di <\/span><b>Cereseto <\/b><span style=\"font-weight: 400;\">lascia tutti a bocca aperta; completamente<\/span> <span style=\"font-weight: 400;\">ricostruito in stile neogotico nel primo quarto del <\/span><i><span style=\"font-weight: 400;\">Novecento, <\/span><\/i><span style=\"font-weight: 400;\">sembra uscito da una fiaba.<\/span> <span style=\"font-weight: 400;\">Nato su commissione dell\u2019industriale e mecenate <\/span><i><span style=\"font-weight: 400;\">Riccardo Gualino<\/span><\/i><span style=\"font-weight: 400;\"> dal progetto dell\u2019 ingegnere <\/span><i><span style=\"font-weight: 400;\">Vittorio Tomielli<\/span><\/i><span style=\"font-weight: 400;\">, domina indiscusso, con la sua mole gigantesca, il centro abitato.<\/span><\/p>\n<p style=\"text-align: justify;\"><span style=\"font-weight: 400;\">Ma le soprese che riserva questo itinerario non sono finite: pochi sanno che in Monferrato esiste .. \u201cun paese che non c\u2019\u00e8\u201d. Si tratta di <\/span><b>Odalengo Piccolo<\/b><span style=\"font-weight: 400;\">, cos\u00ec chiamato perch\u00e9 privo di un vero \u201ccentro\u201d, e strutturato in cinque frazioni: <\/span><i><span style=\"font-weight: 400;\">Vicinato<\/span><\/i><span style=\"font-weight: 400;\">, sede della <\/span><i><span style=\"font-weight: 400;\">parrocchiale settecentesca di Santa Maria e San Pietro<\/span><\/i><span style=\"font-weight: 400;\">; <\/span><i><span style=\"font-weight: 400;\">Pessine<\/span><\/i><span style=\"font-weight: 400;\">, sito del<\/span><i><span style=\"font-weight: 400;\"> Castello; Serra<\/span><\/i><span style=\"font-weight: 400;\">, che ospita il<\/span><i><span style=\"font-weight: 400;\"> Municipio,<\/span><\/i><span style=\"font-weight: 400;\"> pregevole edificio storico; <\/span><i><span style=\"font-weight: 400;\">Palmaro<\/span><\/i><span style=\"font-weight: 400;\">, dove \u00e8 nato l\u2019<\/span><i><span style=\"font-weight: 400;\">Osservatorio Astronomico<\/span><\/i><span style=\"font-weight: 400;\">, e infine<\/span><i><span style=\"font-weight: 400;\"> Dorato.\u00a0<\/span><\/i><\/p>\n<p style=\"text-align: justify;\"><span style=\"font-weight: 400;\">A <\/span><b>Treville <\/b><span style=\"font-weight: 400;\">meritano invece una visita la <\/span><i><span style=\"font-weight: 400;\">parrocchiale settecentesca di Sant&#8217; Ambrogio<\/span><\/i><span style=\"font-weight: 400;\">, costruita in bella posizione panoramica in sostituzione del Castello, di cui resta visibile la <\/span><i><span style=\"font-weight: 400;\">Cappella<\/span><\/i><span style=\"font-weight: 400;\"> risalente al <\/span><i><span style=\"font-weight: 400;\">XIV secolo, <\/span><\/i><span style=\"font-weight: 400;\">e l\u2019<\/span><i><span style=\"font-weight: 400;\">Infernot<\/span><\/i> <i><span style=\"font-weight: 400;\">Comunale<\/span><\/i><span style=\"font-weight: 400;\">, l\u2019unico del paese di propriet\u00e0 pubblica, e quindi aperto ai visitatori. <\/span><\/p>\n<p>[\/et_pb_toggle][et_pb_toggle title=&#8221;Un traguardo.. tra cielo e terra: il Sacro Monte di Crea&#8221; open_toggle_text_color=&#8221;#000000&#8243; _builder_version=&#8221;4.17.4&#8243; _module_preset=&#8221;default&#8221; title_text_color=&#8221;#000000&#8243; body_text_color=&#8221;#000000&#8243; custom_margin=&#8221;||6px||false|false&#8221; border_radii=&#8221;on|10px|10px|10px|10px&#8221; border_width_top=&#8221;10px&#8221; border_color_top=&#8221;#80d100&#8243; global_colors_info=&#8221;{}&#8221;]<\/p>\n<p style=\"text-align: justify;\"><span style=\"font-weight: 400;\">A segnare la parte finale dell\u2019itinerario, un primo traguardo che ripaga del lungo cammino sia gli occhi che lo spirito: il <\/span><b>Sacro Monte di Crea<\/b><span style=\"font-weight: 400;\">, che si impone nel paesaggio da una delle colline pi\u00f9 alte del Basso Monferrato. La costruzione del <\/span><i><span style=\"font-weight: 400;\">Santuario mariano<\/span><\/i><span style=\"font-weight: 400;\">, fondato nel <\/span><i><span style=\"font-weight: 400;\">1589<\/span><\/i><span style=\"font-weight: 400;\"> su iniziativa del Priore Lateranense <\/span><i><span style=\"font-weight: 400;\">Costantino Massino<\/span><\/i><span style=\"font-weight: 400;\">, coinvolse in un progetto grandioso i pi\u00f9 importanti artisti dell\u2019 epoca, tra cui il <\/span><i><span style=\"font-weight: 400;\">Moncalvo<\/span><\/i><span style=\"font-weight: 400;\">, i <\/span><i><span style=\"font-weight: 400;\">Prestinari <\/span><\/i><span style=\"font-weight: 400;\">e i fiamminghi <\/span><i><span style=\"font-weight: 400;\">de Wespin<\/span><\/i><span style=\"font-weight: 400;\">. Del complesso fanno parte infatti, oltre la chiesa, 5 romitori e <\/span><i><span style=\"font-weight: 400;\">23 cappelle<\/span><\/i><span style=\"font-weight: 400;\"> dipinte e scolpite, tra cui spiccano la numero 16, \u201cLa Salita al Calvario\u201d, abbellita da un gruppo scultoreo del celebre Leonardo Bistolfi, e la numero 23, detta del Paradiso, datata <\/span><i><span style=\"font-weight: 400;\">1598:<\/span><\/i><span style=\"font-weight: 400;\"> \u00e8 questa la pi\u00f9 alta Cappella del Sacro Monte, decorata all&#8217;interno da ben 300 figure scolpite.<\/span><\/p>\n<p style=\"text-align: justify;\"><span style=\"font-weight: 400;\">Nel Santuario si conservano poi una Madonna con il Bambino del <\/span><i><span style=\"font-weight: 400;\">Macrino d\u2019Alba,<\/span><\/i><span style=\"font-weight: 400;\"> datata <\/span><i><span style=\"font-weight: 400;\">1503, <\/span><\/i><span style=\"font-weight: 400;\">un <\/span><i><span style=\"font-weight: 400;\">ciclo di affreschi quattrocentesco<\/span><\/i><span style=\"font-weight: 400;\"> raffigurante le <\/span><i><span style=\"font-weight: 400;\">Storie di Santa Margherita d&#8217;Antiochia<\/span><\/i><span style=\"font-weight: 400;\">, una statua lignea della Vergine del 1300 e preziosi <\/span><i><span style=\"font-weight: 400;\">bassorilievi<\/span><\/i><span style=\"font-weight: 400;\"> risalenti al <\/span><i><span style=\"font-weight: 400;\">XII secolo.<\/span><\/i><\/p>\n<p style=\"text-align: justify;\"><span style=\"font-weight: 400;\">Il Sacro Monte, meta importantissima di pellegrinaggi fin dall\u2019<\/span><i><span style=\"font-weight: 400;\">XI secolo<\/span><\/i><span style=\"font-weight: 400;\">, periodo in cui nacque la chiesa primitiva, si caratterizza anche per il suo valore naturalistico, trovandosi all\u2019interno dell\u2019omonima <\/span><i><span style=\"font-weight: 400;\">Riserva Speciale<\/span><\/i><span style=\"font-weight: 400;\">, che si sviluppa su una cinquantina di ettari tra i 350 e i 460 metri di altitudine. <\/span><\/p>\n<p>[\/et_pb_toggle][et_pb_toggle title=&#8221;Casale, citt\u00e0 d\u2019arte&#8221; open_toggle_text_color=&#8221;#000000&#8243; _builder_version=&#8221;4.17.4&#8243; _module_preset=&#8221;default&#8221; title_text_color=&#8221;#000000&#8243; body_text_color=&#8221;#000000&#8243; custom_margin=&#8221;||6px||false|false&#8221; border_radii=&#8221;on|10px|10px|10px|10px&#8221; border_width_top=&#8221;10px&#8221; border_color_top=&#8221;#80d100&#8243; global_colors_info=&#8221;{}&#8221;]<\/p>\n<p style=\"text-align: justify;\"><span style=\"font-weight: 400;\">Al termine del percorso, \u00e8 d\u2019obbligo una visita al centro storico di <\/span><b>Casale<\/b><span style=\"font-weight: 400;\">, piccolo gioiello sospeso tra Medioevo e Barocco. Durante la passeggiata, spiccano la <\/span><i><span style=\"font-weight: 400;\">Torre Civica<\/span><\/i><span style=\"font-weight: 400;\">, quattrocentesca, simbolo dell\u2019indipendenza comunale, e il <\/span><i><span style=\"font-weight: 400;\">Duomo di Sant\u2019Evasio<\/span><\/i><span style=\"font-weight: 400;\">, fondato\u00a0 tra <\/span><i><span style=\"font-weight: 400;\">l\u2019XI e il XII secolo<\/span><\/i><span style=\"font-weight: 400;\">, con la facciata asimmetrica e lo splendido nartece in stile romanico. Alle spalle della chiesa, lungo le vie storiche, sfilano uno dietro l\u2019altro i palazzi barocchi che hanno reso famosa la citt\u00e0, dalle linee imponenti ed eleganti, tra cui <\/span><i><span style=\"font-weight: 400;\">Palazzo Gozzani di Treville<\/span><\/i><span style=\"font-weight: 400;\"> e <\/span><i><span style=\"font-weight: 400;\">Palazzo Gozzani di San Giorgio<\/span><\/i><span style=\"font-weight: 400;\">, sede rispettivamente della Filarmonica e del Municipio. Capolavoro del Barocco \u00e8 anche la Sinagoga, considerata una delle pi\u00f9 sontuose d\u2019Europa. Da visitare anche la <\/span><i><span style=\"font-weight: 400;\">Pinacoteca <\/span><\/i><span style=\"font-weight: 400;\">e la <\/span><i><span style=\"font-weight: 400;\">Gipsoteca<\/span><\/i><span style=\"font-weight: 400;\">, dedicate a <\/span><i><span style=\"font-weight: 400;\">Leonardo Bistolfi<\/span><\/i><span style=\"font-weight: 400;\">, grande scultore casalese dell\u2019<\/span><i><span style=\"font-weight: 400;\">Ottocento.<\/span><\/i><\/p>\n<p>[\/et_pb_toggle][\/et_pb_column][\/et_pb_row][et_pb_row column_structure=&#8221;1_4,3_4&#8243; _builder_version=&#8221;4.17.4&#8243; _module_preset=&#8221;default&#8221; background_color=&#8221;rgba(0,0,0,0.08)&#8221; width=&#8221;86%&#8221; max_width=&#8221;1435px&#8221; custom_margin=&#8221;2px|auto||auto|false|false&#8221; custom_padding=&#8221;|30px||30px|false|false&#8221; border_radii=&#8221;on|10px|10px|10px|10px&#8221; global_colors_info=&#8221;{}&#8221;][et_pb_column type=&#8221;1_4&#8243; _builder_version=&#8221;4.17.4&#8243; _module_preset=&#8221;default&#8221; global_colors_info=&#8221;{}&#8221;][et_pb_blurb title=&#8221;PAESAGGIO AMBIENTE E PRODOTTI DELLA TERRA&#8221; use_icon=&#8221;on&#8221; font_icon=&#8221;&#xf03e;||fa||900&#8243; icon_color=&#8221;#FFFFFF&#8221; image_icon_background_color=&#8221;#80d100&#8243; image_icon_width=&#8221;40px&#8221; _builder_version=&#8221;4.17.4&#8243; _module_preset=&#8221;default&#8221; header_font=&#8221;Lato|900||on|||||&#8221; header_font_size=&#8221;15px&#8221; header_letter_spacing=&#8221;1px&#8221; header_line_height=&#8221;1.4em&#8221; body_font=&#8221;Lato||||||||&#8221; body_text_color=&#8221;#898f99&#8243; body_font_size=&#8221;16px&#8221; body_line_height=&#8221;1.6em&#8221; background_color=&#8221;#ffffff&#8221; image_icon_custom_padding=&#8221;25px|25px|25px|25px|false|false&#8221; text_orientation=&#8221;center&#8221; custom_margin=&#8221;|||&#8221; custom_padding=&#8221;60px|40px|60px|40px&#8221; animation=&#8221;off&#8221; border_radii=&#8221;on|10px|10px|10px|10px&#8221; border_color_all=&#8221;#80d100&#8243; border_width_top=&#8221;10px&#8221; border_radii_image=&#8221;on|100%|100%|100%|100%&#8221; box_shadow_style=&#8221;preset2&#8243; box_shadow_horizontal=&#8221;0px&#8221; box_shadow_blur=&#8221;54px&#8221; box_shadow_spread=&#8221;17px&#8221; box_shadow_color=&#8221;rgba(0,0,0,0.04)&#8221; icon_font_size=&#8221;40px&#8221; use_circle=&#8221;on&#8221; circle_color=&#8221;#3c39e6&#8243; global_colors_info=&#8221;{}&#8221; image_icon_background_color__sticky_enabled=&#8221;#7EBEC5&#8243; image_icon_background_color__sticky=&#8221;#7EBEC5&#8243;][\/et_pb_blurb][et_pb_gallery gallery_ids=&#8221;8833&#8243; fullwidth=&#8221;on&#8221; _builder_version=&#8221;4.17.4&#8243; _module_preset=&#8221;default&#8221; border_radii=&#8221;on|10px|10px|10px|10px&#8221; border_width_top=&#8221;10px&#8221; border_color_top=&#8221;#80d100&#8243; global_colors_info=&#8221;{}&#8221;][\/et_pb_gallery][\/et_pb_column][et_pb_column type=&#8221;3_4&#8243; _builder_version=&#8221;4.17.4&#8243; _module_preset=&#8221;default&#8221; global_colors_info=&#8221;{}&#8221;][et_pb_toggle title=&#8221;Calma e\u2026 gesso: tappa a Moncucco Torinese&#8221; open_toggle_text_color=&#8221;#000000&#8243; _builder_version=&#8221;4.17.4&#8243; _module_preset=&#8221;default&#8221; title_text_color=&#8221;#000000&#8243; body_text_color=&#8221;#000000&#8243; custom_margin=&#8221;||6px||false|false&#8221; border_radii=&#8221;on|10px|10px|10px|10px&#8221; border_width_top=&#8221;10px&#8221; border_color_top=&#8221;#80d100&#8243; global_colors_info=&#8221;{}&#8221;]<\/p>\n<p style=\"text-align: justify;\"><span style=\"font-weight: 400;\">Questo itinerario, sviluppandosi attraverso <\/span><b>tre aree<\/b><span style=\"font-weight: 400;\"> contigue ma molto diverse tra loro, ovvero la <\/span><b>Collina Torinese<\/b><span style=\"font-weight: 400;\">, il <\/span><b>Basso Monferrato Astigiano<\/b><span style=\"font-weight: 400;\"> e le <\/span><b>terre UNESCO del Monferrato Casalese<\/b><span style=\"font-weight: 400;\">, porta l\u2019escursionista alla scoperta di un patrimonio ambientale, paesaggistico ed agroalimentare decisamente variegato.\u00a0<\/span><\/p>\n<p style=\"text-align: justify;\"><span style=\"font-weight: 400;\">Il tratto iniziale, entrando nell\u2019area di <\/span><b>Moncucco Torinese<\/b><span style=\"font-weight: 400;\">, \u00e8 caratterizzato soprattutto dalla presenza delle <\/span><i><span style=\"font-weight: 400;\">cave di gesso<\/span><\/i><span style=\"font-weight: 400;\">, attive fin dal <\/span><i><span style=\"font-weight: 400;\">Seicento<\/span><\/i><span style=\"font-weight: 400;\">, materiale semplice ma dall\u2019effetto estetico\u00a0 apprezzabile, alla cui lavorazione \u00e8 dedicato anche il Museo ospitato nel Castello del paese. Un reticolo di pozzi e caverne artificiali di grandi dimensioni, da cui venne estratto anche il gesso destinato agli stucchi della Reggia di Venaria Reale e della Basilica di Superga.<\/span><\/p>\n<p style=\"text-align: justify;\"><span style=\"font-weight: 400;\">Ma cosa ci fa il gesso nel Monferrato, terra di argille e sabbie? La risposta \u00e8 in una parola, il <\/span><i><span style=\"font-weight: 400;\">Messiniano, <\/span><\/i><span style=\"font-weight: 400;\">che ci riporta ad un tempo antichissimo, nell\u2019ultima fase del <\/span><i><span style=\"font-weight: 400;\">Miocene<\/span><\/i><span style=\"font-weight: 400;\">, tra i<\/span><i><span style=\"font-weight: 400;\"> 7 e i 5 milioni di anni fa. <\/span><\/i><span style=\"font-weight: 400;\">\u00c8 a<\/span> <span style=\"font-weight: 400;\">questo periodo geologico che risale uno degli eventi pi\u00f9 stravolgenti della storia del nostro territorio, che ne avrebbe condizionato per sempre l\u2019evoluzione climatica e ambientale, al pari delle ultime glaciazioni: la cosiddetta <\/span><i><span style=\"font-weight: 400;\">crisi di salinit\u00e0<\/span><\/i><span style=\"font-weight: 400;\">. A causa del sollevamento delle placche tettoniche dell\u2019area, lo Stretto di Gibilterra, unica apertura verso l\u2019Oceano del Mar Mediterraneo, si chiuse completamente, causando l&#8217;evaporazione quasi completa delle sue acque: il mare si trasform\u00f2 in una conca asciutta e profonda, in grado di raggiungere addirittura i 5 km di profondit\u00e0\u00a0 al di sotto del livello degli oceani. Allo stesso tempo, iniziarono a formarsi sul fondale vasti depositi evaporitici, <\/span><i><span style=\"font-weight: 400;\">rocce ricchissime di cloruro di potassio<\/span><\/i><span style=\"font-weight: 400;\">, con un livello di salinit\u00e0 talmente elevato da risultare incompatibile con la maggior parte delle specie animali e vegetali. L&#8217;area mediterranea da quel momento fu interessata da cicli di disseccamento e inondazione continui, fino a circa 5 milioni di anni fa quando, all&#8217;inizio del Pliocene, lo Stretto di Gibilterra si riapr\u00ec, portando al riempimento, questa volta definitivo, del bacino del Mediterraneo. La crisi di salinit\u00e0 aveva per\u00f2 rappresentato un vero punto di cesura nella vita dei nostri mari, segnando il passaggio, senza ritorno, da un ambiente tropicale a uno di tipo atlantico.\u00a0<\/span><\/p>\n<p style=\"text-align: justify;\"><span style=\"font-weight: 400;\">Fermandosi a <\/span><b>Moncucco<\/b><span style=\"font-weight: 400;\">, il camminatore scopre attrattive interessanti anche dal punto di vista culinario; tra i piatti forti, il <\/span><i><span style=\"font-weight: 400;\">Coniglio<\/span><\/i><span style=\"font-weight: 400;\">, preparato sotto forma di <\/span><i><span style=\"font-weight: 400;\">Tonno<\/span><\/i><span style=\"font-weight: 400;\">, secondo la tipica ricetta piemontese, o al <\/span><i><span style=\"font-weight: 400;\">Freisa,<\/span><\/i><span style=\"font-weight: 400;\"> uno dei vini simbolo di queste colline a cavallo tra il torinese e il Basso Monferrato Astigiano. Tra i prodotti d\u2019eccellenza del territorio non a caso vi \u00e8 proprio il <\/span><i><span style=\"font-weight: 400;\">Coniglio Grigio di Carmagnola<\/span><\/i><span style=\"font-weight: 400;\">, razza autoctona del Piemonte, divenuta nel <\/span><i><span style=\"font-weight: 400;\">2008 <\/span><\/i><span style=\"font-weight: 400;\">Presidio Slow Food. <\/span><\/p>\n<p>[\/et_pb_toggle][et_pb_toggle title=&#8221;I prodotti del tagliere, tra dolce e salato: il viaggio gastronomico da Cocconato a Ponzano&#8221; open_toggle_text_color=&#8221;#000000&#8243; _builder_version=&#8221;4.17.4&#8243; _module_preset=&#8221;default&#8221; title_text_color=&#8221;#000000&#8243; body_text_color=&#8221;#000000&#8243; custom_margin=&#8221;||6px||false|false&#8221; border_radii=&#8221;on|10px|10px|10px|10px&#8221; border_width_top=&#8221;10px&#8221; border_color_top=&#8221;#80d100&#8243; global_colors_info=&#8221;{}&#8221;]<\/p>\n<p style=\"text-align: justify;\"><span style=\"font-weight: 400;\">Per gli appassionati dei <\/span><i><span style=\"font-weight: 400;\">formaggi<\/span><\/i><span style=\"font-weight: 400;\">, <\/span><b>Cocconato <\/b><span style=\"font-weight: 400;\">\u00e8 tappa d\u2019obbligo: il paese \u00e8 patria della <\/span><i><span style=\"font-weight: 400;\">Robiola<\/span><\/i><span style=\"font-weight: 400;\">, che ne porta anche il nome. Con la sua caratteristica forma tondeggiante, la consistenza cremosa, il sapore dolce e delicato, la <\/span><i><span style=\"font-weight: 400;\">Robiola di Cocconato<\/span><\/i><span style=\"font-weight: 400;\">, ottenuta da solo latte vaccino, \u00e8 ideale consumata fresca, come Antipasto o per l\u2019Aperitivo. Da abbinare ovviamente ai <\/span><i><span style=\"font-weight: 400;\">Salumi<\/span><\/i><span style=\"font-weight: 400;\">, altro fiore all\u2019occhiello di questa localit\u00e0. \u201cSul podio\u201d, il famoso <\/span><i><span style=\"font-weight: 400;\">Prosciutto Crudo<\/span><\/i><span style=\"font-weight: 400;\">, prodotto dalle cosce del maiale, \u201cdette cosci\u201d, di alta qualit\u00e0; grazie all\u2019attenta lavorazione e alle particolari condizioni climatiche della \u201cRiviera del Monferrato\u201d, la stagionatura, di minimo 6 mesi, permetter\u00e0 di ottenere un profumo e un sapore decisamente unici. Oltre al Prosciutto, sul tagliere si affettano il <\/span><i><span style=\"font-weight: 400;\">Salame Cotto<\/span><\/i><span style=\"font-weight: 400;\">, altra specialit\u00e0 del Monferrato, e i <\/span><i><span style=\"font-weight: 400;\">Salami Crudi<\/span><\/i><span style=\"font-weight: 400;\">, nelle diverse tipologie: tradizionali, cacciatorini, al Barbera o al Tartufo.\u00a0 Del resto, non si pu\u00f2 visitare Cocconato senza degustare proprio un calice di <\/span><i><span style=\"font-weight: 400;\">Barbera<\/span><\/i><span style=\"font-weight: 400;\">, eccellenza enologica di quest\u2019area del Monferrato. Vino dalla straordinaria longevit\u00e0, viene prodotto con le omonime uve in purezza e, dopo un invecchiamento in legno di minimo di 18 mesi, acquisisce l\u2019appellativo di Superiore. Con il suo colore rosso rubino, la struttura importante e i tannini armoniosi, accompagna, alla pari di un Barolo o di un Barbaresco, la grande cucina piemontese.\u00a0<\/span><\/p>\n<p style=\"text-align: justify;\"><span style=\"font-weight: 400;\">A<\/span><b> Murisengo<\/b><span style=\"font-weight: 400;\"> \u00e8 il <\/span><i><span style=\"font-weight: 400;\">Tartufo<\/span><\/i><span style=\"font-weight: 400;\"> a regnare sovrano, anche nella versione pi\u00f9 dolce. Da una parte, nella stagione autunnale, arrivano sulle tavole sia i neri che il Bianco, il pi\u00f9 pregiato, il ricercato Tuber Magnatum Pico, a \u201cdecorare\u201d la Pasta all\u2019Uovo e i Risotti. A fine pasto, ecco i golosi <\/span><i><span style=\"font-weight: 400;\">\u201cTartufi di Murisengo\u201d<\/span><\/i><span style=\"font-weight: 400;\">, i tradizionali, preparati con nocciole e cacao, accanto alle versioni \u201crivisitate\u201d, come quella al Grand Marnier e al caff\u00e8. In alternativa, la <\/span><i><span style=\"font-weight: 400;\">Torta di Nocciole<\/span><\/i><span style=\"font-weight: 400;\">, a base ovviamente di <\/span><i><span style=\"font-weight: 400;\">Nocciole Piemontesi IGP<\/span><\/i><span style=\"font-weight: 400;\">, soffice e gustosa, prodotto De.Co. del paese dal <\/span><i><span style=\"font-weight: 400;\">2014.<\/span><\/i><\/p>\n<p style=\"text-align: justify;\"><span style=\"font-weight: 400;\">Gli amanti della carne troveranno a <\/span><b>Villadeati <\/b><span style=\"font-weight: 400;\">il <\/span><i><span style=\"font-weight: 400;\">Gran<\/span><\/i> <i><span style=\"font-weight: 400;\">Fritto Misto alla Piemontese<\/span><\/i><span style=\"font-weight: 400;\"> e la <\/span><i><span style=\"font-weight: 400;\">Finanziera, <\/span><\/i><span style=\"font-weight: 400;\">a<\/span> <b>Treville <\/b><span style=\"font-weight: 400;\">la <\/span><i><span style=\"font-weight: 400;\">Battuta di Fassona<\/span><\/i><span style=\"font-weight: 400;\">, <\/span><i><span style=\"font-weight: 400;\">arrosti e brasati;<\/span><\/i><span style=\"font-weight: 400;\"> il tutto<\/span> <span style=\"font-weight: 400;\">in abbinamento<\/span> <span style=\"font-weight: 400;\">al<\/span><i><span style=\"font-weight: 400;\">la Barbera e al Grignolino<\/span><\/i><span style=\"font-weight: 400;\">, vino rosso DOC tipico dell\u2019area nord-orientale del Basso Monferrato<\/span><i><span style=\"font-weight: 400;\">. <\/span><\/i><b>\u00a0<\/b><\/p>\n<p style=\"text-align: justify;\"><span style=\"font-weight: 400;\">Prodotti simbolo di <\/span><b>Odalengo Piccolo <\/b><span style=\"font-weight: 400;\">sono invece le <\/span><i><span style=\"font-weight: 400;\">mele antiche<\/span><\/i><span style=\"font-weight: 400;\">, alcune delle quali hanno anche ottenuto il marchio di tipicit\u00e0 dalla Regione Piemonte, come la <\/span><i><span style=\"font-weight: 400;\">Canditina<\/span><\/i><span style=\"font-weight: 400;\"> e il <\/span><i><span style=\"font-weight: 400;\">Pum Marcun<\/span><\/i><span style=\"font-weight: 400;\">. Una peculiarit\u00e0 che accomuna il paese con <\/span><b>l\u2019Abbazia di Santa Maria di Vezzolano<\/b><span style=\"font-weight: 400;\">, oggi sede di quattro frutteti dedicati alla salvaguardia delle specie autoctone; un totale di 250 alberi da frutta, inclusi 54 esemplari di antiche variet\u00e0 di meli, a cui si aggiungono le piante officinali, come biancospino, issopo, aglio selvatico, dragoncello, lavanda, camomilla e\u00a0 liquirizia.<\/span><\/p>\n<p style=\"text-align: justify;\"><b>Ponzano<\/b><span style=\"font-weight: 400;\"> \u00e8 invece casa della <\/span><i><span style=\"font-weight: 400;\">Mustarda ad Pum san<\/span><\/i><span style=\"font-weight: 400;\">, una mostarda a base di mosto d\u2019uva, anch\u2019essa certificata con la De. Co. nel <\/span><i><span style=\"font-weight: 400;\">2010, <\/span><\/i><span style=\"font-weight: 400;\">\u00a0perfetta da abbinare ai formaggi locali.\u00a0<\/span><\/p>\n<p style=\"text-align: justify;\"><span style=\"font-weight: 400;\">Il prodotto tipico di<\/span><b> Cereseto <\/b><span style=\"font-weight: 400;\">\u00e8 forse il pi\u00f9 facile da indovinare: i \u201cciresi\u201d infatti sono le ciliegie in dialetto piemontese, e non a caso gli alberi di ciliegio sono di casa. A partire da quelli selvatici, sparsi sulle colline intorno al paese, che han fatto s\u00ec che qui nascesse un tempio buddista di scuola giapponese. Ma non solo: nell\u2019area verde del paese sono gi\u00e0 stati messi a dimora una settantina ciliegi, in gran parte donati proprio dai monaci del tempio, un numero in continua crescita, grazie all\u2019iniziativa del Comune di impiantare un ciliegio per ogni nuovo nato a Cereseto.<\/span><\/p>\n<p>[\/et_pb_toggle][et_pb_toggle title=&#8221;Un passato&#8230; non cos\u00ec lontano: le cave di cemento di Ozzano Monferrato&#8221; open_toggle_text_color=&#8221;#000000&#8243; _builder_version=&#8221;4.17.4&#8243; _module_preset=&#8221;default&#8221; title_text_color=&#8221;#000000&#8243; body_text_color=&#8221;#000000&#8243; custom_margin=&#8221;||6px||false|false&#8221; border_radii=&#8221;on|10px|10px|10px|10px&#8221; border_width_top=&#8221;10px&#8221; border_color_top=&#8221;#80d100&#8243; global_colors_info=&#8221;{}&#8221;]<\/p>\n<p style=\"text-align: justify;\"><span style=\"font-weight: 400;\">Le colline che circondano il paese di <\/span><b>Ozzano Monferrato<\/b><span style=\"font-weight: 400;\"> sono caratterizzate dalla presenza di <\/span><i><span style=\"font-weight: 400;\">marne calcaree<\/span><\/i><span style=\"font-weight: 400;\">, ampiamente sfruttate in passato in campo edilizio per la produzione della <\/span><i><span style=\"font-weight: 400;\">calcina.<\/span><\/i><span style=\"font-weight: 400;\">\u00a0<\/span><\/p>\n<p style=\"text-align: justify;\"><span style=\"font-weight: 400;\">Una risorsa che ha trasformato questo angolo del Monferrato in una terra di minatori, rappresentando una risorsa economica strategica per l\u2019intero territorio piemontese, soprattutto tra l\u2019inizio del <\/span><i><span style=\"font-weight: 400;\">1800 <\/span><\/i><span style=\"font-weight: 400;\">e le prima met\u00e0 del <\/span><i><span style=\"font-weight: 400;\">1900<\/span><\/i><span style=\"font-weight: 400;\">, quando tecniche di lavorazione del materiale pi\u00f9 avanzate permisero il passaggio da una produzione di cemento di tipo artigianale ad una prettamente industriale.\u00a0<\/span><\/p>\n<p style=\"text-align: justify;\"><span style=\"font-weight: 400;\">Il contadino poteva cos\u00ec diversificare la propria attivit\u00e0 diventando cavatore, migliorando le condizioni di vita della propria famiglia. Un lavoro durissimo, immerso nel buio e nei pericoli; un\u2019epopea industriale che coinvolse non solo uomini ma anche donne e ragazzini, della quale restano a testimonianza i grandi siti di archeologia industriale e il MiCeM, il Museo Minatori e Miniere del Cemento del Monferrato Casalese, allestito presso l\u2019ex stabilimento Cementi Rossi.\u00a0<\/span><\/p>\n<p style=\"text-align: justify;\"><span style=\"font-weight: 400;\">Un passato a dir poco eroico, da riscoprire anche attraverso le ricette tipiche del paese: i \u201cBiciolant d\u2019ausan\u201d, cio\u00e8 i \u201cBicciolani di Ozzano\u201d, grossi biscotti a forma di torcetto ricoperti di granella di zucchero, certificati come De.Co. dal <\/span><i><span style=\"font-weight: 400;\">2013<\/span><\/i><span style=\"font-weight: 400;\">. Tipici del periodo pasquale, ricordano il &#8220;pane dei poveri&#8221;, benedetto e distribuito una volta all&#8217;anno dalle Confraternite religiose ai pi\u00f9 bisognosi della comunit\u00e0. <\/span><\/p>\n<p>[\/et_pb_toggle][et_pb_toggle title=&#8221;Un finale \u201ctotal green\u201d: la Riserva Naturale del Sacro Monte di Crea&#8221; open_toggle_text_color=&#8221;#000000&#8243; _builder_version=&#8221;4.17.4&#8243; _module_preset=&#8221;default&#8221; title_text_color=&#8221;#000000&#8243; body_text_color=&#8221;#000000&#8243; custom_margin=&#8221;||6px||false|false&#8221; border_radii=&#8221;on|10px|10px|10px|10px&#8221; border_width_top=&#8221;10px&#8221; border_color_top=&#8221;#80d100&#8243; global_colors_info=&#8221;{}&#8221;]<\/p>\n<p style=\"text-align: justify;\"><span style=\"font-weight: 400;\">Si arriva cos\u00ec all\u2019ultima tappa dell\u2019itinerario, il <\/span><b>Santuario di Crea.<\/b><span style=\"font-weight: 400;\"> Dal punto di vista ambientale, la <\/span><i><span style=\"font-weight: 400;\">Riserva Naturale del Sacro Monte <\/span><\/i><span style=\"font-weight: 400;\">presenta alcuni aspetti\u00a0 unici nel loro genere. Dal punto di vista botanico infatti conserva specie sia di tipo mediterraneo che alpino, veri e propri \u201crelitti\u201d sopravvissuti alle ultime glaciazioni, tra cui I&#8217; <\/span><i><span style=\"font-weight: 400;\">aconito<\/span><\/i><span style=\"font-weight: 400;\"> e il <\/span><i><span style=\"font-weight: 400;\">giglio martagone<\/span><\/i><span style=\"font-weight: 400;\">. La popolazione boschiva vede la presenza dell\u2019<\/span><i><span style=\"font-weight: 400;\">olmo campestre<\/span><\/i><span style=\"font-weight: 400;\">, del <\/span><i><span style=\"font-weight: 400;\">carpino bianco<\/span><\/i><span style=\"font-weight: 400;\"> e dell\u2019<\/span><i><span style=\"font-weight: 400;\">acero di monte<\/span><\/i><span style=\"font-weight: 400;\">; sui versanti pi\u00f9 soleggiati crescono la <\/span><i><span style=\"font-weight: 400;\">roverella<\/span><\/i><span style=\"font-weight: 400;\"> e l\u2019<\/span><i><span style=\"font-weight: 400;\">orniello<\/span><\/i><span style=\"font-weight: 400;\">; nel sottobosco, <\/span><i><span style=\"font-weight: 400;\">ginestre, gigli rossi, anemoni <\/span><\/i><span style=\"font-weight: 400;\">e<\/span><i><span style=\"font-weight: 400;\"> orchidee.\u00a0<\/span><\/i><\/p>\n<p style=\"text-align: justify;\"><span style=\"font-weight: 400;\">Tra i prodotti tipici dell\u2019area, spicca il <\/span><i><span style=\"font-weight: 400;\">Salame Crudo Muletta del Monferrato<\/span><\/i><span style=\"font-weight: 400;\">, insignito della De.Co dal Comune di Serralunga Di Crea; \u00e8 prodotto per l\u201980% con carne suina di prima scelta, unita a\u00a0 pancetta e insaporita con sale, pepe, noce moscata e uno speciale infuso di aglio e vino Barbera. Nel bicchiere, sfilano importanti vini rossi, come la Barbera del Monferrato Superiore DOCG,\u00a0 il Grignolino del Monferrato Casalese DOC<\/span> <span style=\"font-weight: 400;\">e la Malvasia di Casorzo DOC, vino dolce da dessert.<\/span><\/p>\n<p style=\"text-align: justify;\"><span style=\"font-weight: 400;\">E per chiudere in dolcezza, ecco i <\/span><i><span style=\"font-weight: 400;\">krumiri<\/span><\/i><span style=\"font-weight: 400;\">, i famosi biscotti di <\/span><b>Casale Monferrato<\/b><span style=\"font-weight: 400;\">. Ad inventarli, il pasticcere casalese <\/span><i><span style=\"font-weight: 400;\">Domenico Rossi <\/span><\/i><span style=\"font-weight: 400;\">nel <\/span><i><span style=\"font-weight: 400;\">1878<\/span><\/i><span style=\"font-weight: 400;\">. Semplice la ricetta, a base di farina, uova, burro, zucchero e vaniglia, particolare la forma: quella dei famosi \u201cbaffi a manubrio\u201d del <\/span><i><span style=\"font-weight: 400;\">Re Vittorio Emanuele II<\/span><\/i><span style=\"font-weight: 400;\">, morto proprio in quell\u2019anno, a cui i biscotti furono dedicati. <\/span><\/p>\n<p>[\/et_pb_toggle][\/et_pb_column][\/et_pb_row][\/et_pb_section][et_pb_section fb_built=&#8221;1&#8243; _builder_version=&#8221;4.17.4&#8243; _module_preset=&#8221;default&#8221; global_colors_info=&#8221;{}&#8221;][et_pb_row _builder_version=&#8221;4.17.4&#8243; _module_preset=&#8221;default&#8221; background_color=&#8221;#d1d1d1&#8243; custom_margin=&#8221;||||false|false&#8221; border_radii=&#8221;on|7px|7px|7px|7px&#8221; border_width_top=&#8221;10px&#8221; border_color_top=&#8221;#A0EB00&#8243; global_colors_info=&#8221;{}&#8221;][et_pb_column type=&#8221;4_4&#8243; _builder_version=&#8221;4.17.4&#8243; _module_preset=&#8221;default&#8221; global_colors_info=&#8221;{}&#8221;][et_pb_text module_id=&#8221;eventi-principali-dei-comuni&#8221; _builder_version=&#8221;4.17.4&#8243; _module_preset=&#8221;default&#8221; text_font=&#8221;Lato||||||||&#8221; text_text_color=&#8221;#898f99&#8243; text_font_size=&#8221;18px&#8221; text_line_height=&#8221;2em&#8221; header_font=&#8221;||||||||&#8221; header_2_font=&#8221;Lato|700|||||||&#8221; header_2_font_size=&#8221;42px&#8221; header_2_line_height=&#8221;1.5em&#8221; text_orientation=&#8221;center&#8221; width_tablet=&#8221;&#8221; width_phone=&#8221;80%&#8221; width_last_edited=&#8221;on|phone&#8221; module_alignment=&#8221;center&#8221; locked=&#8221;off&#8221; global_colors_info=&#8221;{}&#8221;]<\/p>\n<div class=\"et_pb_module et_pb_text et_pb_text_4  et_pb_text_align_left et_pb_bg_layout_light\">\n<div class=\"et_pb_text_inner\">\n<h2 style=\"text-align: center;\">Eventi principali dei Comuni<\/h2>\n<\/div>\n<\/div>\n<div class=\"et_pb_module et_pb_text et_pb_text_5  et_pb_text_align_left et_pb_bg_layout_light\">\n<div class=\"et_pb_text_inner\"><\/div>\n<\/div>\n<p>[\/et_pb_text][et_pb_text _builder_version=&#8221;4.17.4&#8243; _module_preset=&#8221;default&#8221; width_tablet=&#8221;&#8221; width_phone=&#8221;80%&#8221; width_last_edited=&#8221;on|phone&#8221; module_alignment=&#8221;center&#8221; global_colors_info=&#8221;{}&#8221;]<\/p>\n<div class=\"et_pb_module et_pb_text et_pb_text_5  et_pb_text_align_left et_pb_bg_layout_light\">\n<div class=\"et_pb_text_inner\">\n<p style=\"text-align: center;\"><span style=\"color: #000000;\"><strong>Si consiglia di visitare il sito internet del Comune di interesse per maggiori informazioni e per la programmazione esatta degli eventi.<\/strong><\/span><\/p>\n<\/div>\n<\/div>\n<div class=\"et_pb_module et_pb_code et_pb_code_1\">\n<div class=\"et_pb_code_inner\"><\/div>\n<\/div>\n<p>[\/et_pb_text][et_pb_code _builder_version=&#8221;4.17.4&#8243; _module_preset=&#8221;default&#8221; custom_margin=&#8221;|50px||50px|false|false&#8221; global_colors_info=&#8221;{}&#8221;]<div class=\"pt-cv-wrapper et_smooth_scroll_disabled\"><div class=\"cvp-live-filter cvp-dropdown \" id=\"\" data-name=\"tx_category\" data-sid=\"033a17ewaj\"><label class=\"cvp-label\">Comune:<\/label><select name=\"tx_category\"><option value=\"\">Tutti i Comuni<\/option><option value=\"cocconato-ev\" >Cocconato-ev<\/option><option value=\"moncucco-torinese-ev\" >Moncucco Torinese-ev<\/option><option value=\"murisengo-ev\" >Murisengo-ev<\/option><option value=\"ozzano-monferrato-ev\" >Ozzano Monferrato-ev<\/option><option value=\"treville-ev\" >Treville-ev<\/option><\/select><\/div><div class=\"cvp-live-filter cvp-dropdown \" id=\"\" data-name=\"tx_post_tag\" data-sid=\"033a17ewaj\"><label class=\"cvp-label\">Mese:<\/label><select name=\"tx_post_tag\"><option value=\"\">Scegli per mese<\/option><option value=\"aprile\" >Aprile<\/option><option value=\"maggio\" >Maggio<\/option><option value=\"giugno\" >Giugno<\/option><option value=\"luglio\" >Luglio<\/option><option value=\"agosto\" >Agosto<\/option><option value=\"settembre\" >Settembre<\/option><option value=\"novembre\" >Novembre<\/option><option value=\"dicembre\" >Dicembre<\/option><\/select><\/div><div class=\"pt-cv-view pt-cv-grid pt-cv-colsys pt-cv-same-height cvp-lfres\" id=\"pt-cv-view-033a17ewaj\"><div data-id=\"pt-cv-page-1\" class=\"pt-cv-page\" data-cvc=\"1\" data-cvct=\"1\" data-cvcm=\"1\"><div class=\"col-md-12 col-sm-12 col-xs-12 pt-cv-content-item pt-cv-1-col\"  data-pid=\"9367\"><div class='pt-cv-ifield'><h4 class=\"pt-cv-title\"><a href=\"\" class=\"pt-cv-none cvplbd\" target=\"pt-cv-none\" >TREVILLE &#8211; TREVILLE IN MUSICA &#8211; da Aprile a Settembre<\/a><\/h4><\/div><\/div>\n<div class=\"col-md-12 col-sm-12 col-xs-12 pt-cv-content-item pt-cv-1-col\"  data-pid=\"9297\"><div class='pt-cv-ifield'><h4 class=\"pt-cv-title\"><a href=\"\" class=\"pt-cv-none cvplbd\" target=\"pt-cv-none\" >OZZANO MONFERRATO &#8211; NATALE AL POLO &#8211; Dicembre<\/a><\/h4><\/div><\/div>\n<div class=\"col-md-12 col-sm-12 col-xs-12 pt-cv-content-item pt-cv-1-col\"  data-pid=\"9295\"><div class='pt-cv-ifield'><h4 class=\"pt-cv-title\"><a href=\"\" class=\"pt-cv-none cvplbd\" target=\"pt-cv-none\" >OZZANO MONFERRATO &#8211; GOLOSARIA &#8211; Settembre<\/a><\/h4><\/div><\/div>\n<div class=\"col-md-12 col-sm-12 col-xs-12 pt-cv-content-item pt-cv-1-col\"  data-pid=\"9293\"><div class='pt-cv-ifield'><h4 class=\"pt-cv-title\"><a href=\"\" class=\"pt-cv-none cvplbd\" target=\"pt-cv-none\" >OZZANO MONFERRATO &#8211; OZZANO EN PLEIN AIR &#8211; Settembre<\/a><\/h4><\/div><\/div>\n<div class=\"col-md-12 col-sm-12 col-xs-12 pt-cv-content-item pt-cv-1-col\"  data-pid=\"9283\"><div class='pt-cv-ifield'><h4 class=\"pt-cv-title\"><a href=\"\" class=\"pt-cv-none cvplbd\" target=\"pt-cv-none\" >MURISENGO &#8211; FESTA PATRONALE &#8211; Agosto<\/a><\/h4><\/div><\/div>\n<div class=\"col-md-12 col-sm-12 col-xs-12 pt-cv-content-item pt-cv-1-col\"  data-pid=\"9281\"><div class='pt-cv-ifield'><h4 class=\"pt-cv-title\"><a href=\"\" class=\"pt-cv-none cvplbd\" target=\"pt-cv-none\" >MURISENGO &#8211; FIERA NAZIONALE DEL TARTUFO &#8211; Novembre<\/a><\/h4><\/div><\/div>\n<div class=\"col-md-12 col-sm-12 col-xs-12 pt-cv-content-item pt-cv-1-col\"  data-pid=\"9259\"><div class='pt-cv-ifield'><h4 class=\"pt-cv-title\"><a href=\"\" class=\"pt-cv-none cvplbd\" target=\"pt-cv-none\" >MONCUCCO TORINESE &#8211; CASTELLO IN FIERA &#8211; Maggio e Agosto<\/a><\/h4><\/div><\/div>\n<div class=\"col-md-12 col-sm-12 col-xs-12 pt-cv-content-item pt-cv-1-col\"  data-pid=\"9257\"><div class='pt-cv-ifield'><h4 class=\"pt-cv-title\"><a href=\"\" class=\"pt-cv-none cvplbd\" target=\"pt-cv-none\" >MONCUCCO TORINESE &#8211; PRESEPE VIVENTE &#8211; Dicembre<\/a><\/h4><\/div><\/div>\n<div class=\"col-md-12 col-sm-12 col-xs-12 pt-cv-content-item pt-cv-1-col\"  data-pid=\"9255\"><div class='pt-cv-ifield'><h4 class=\"pt-cv-title\"><a href=\"\" class=\"pt-cv-none cvplbd\" target=\"pt-cv-none\" >MONCUCCO TORINESE &#8211; FESTA DI MONCUCCO &#8211; Settembre<\/a><\/h4><\/div><\/div>\n<div class=\"col-md-12 col-sm-12 col-xs-12 pt-cv-content-item pt-cv-1-col\"  data-pid=\"9209\"><div class='pt-cv-ifield'><h4 class=\"pt-cv-title\"><a href=\"\" class=\"pt-cv-none cvplbd\" target=\"pt-cv-none\" >COCCONATO &#8211; PRESEPI IN MONFERRATO &#8211; Dicembre<\/a><\/h4><\/div><\/div><\/div><\/div><\/div>\t\t\t<style type=\"text\/css\" id=\"pt-cv-inline-style-98dc266gzn\">#pt-cv-view-033a17ewaj .pt-cv-title a, #pt-cv-view-033a17ewaj  .panel-title { font-weight: 600 !important; }\n#pt-cv-view-033a17ewaj .pt-cv-carousel-caption  { background-color: rgba(51,51,51,.6) !important; }\n#pt-cv-view-033a17ewaj .pt-cv-specialp { background-color: #CC3333 !important }\n#pt-cv-view-033a17ewaj .pt-cv-specialp * { color: #fff !important; }\n#pt-cv-view-033a17ewaj .pt-cv-pficon  { color: #bbb !important; }\n#pt-cv-view-033a17ewaj .pt-cv-readmore  { color: #ffffff !important; background-color: #00aeef !important; }\n#pt-cv-view-033a17ewaj .pt-cv-readmore:hover  { color: #ffffff !important; background-color: #00aeef !important; }\n#pt-cv-view-033a17ewaj  + .pt-cv-pagination-wrapper .pt-cv-more , #pt-cv-view-033a17ewaj  + .pt-cv-pagination-wrapper .pagination .active a, .pt-cv-pagination[data-sid='033a17ewaj'] .active a { color: #ffffff !important; background-color: #00aeef !important; }<\/style>\r\n\t\t\t[\/et_pb_code][\/et_pb_column][\/et_pb_row][\/et_pb_section][et_pb_section fb_built=&#8221;1&#8243; disabled_on=&#8221;on|on|on&#8221; _builder_version=&#8221;4.17.4&#8243; _module_preset=&#8221;default&#8221; custom_padding=&#8221;||1px|||&#8221; disabled=&#8221;on&#8221; global_colors_info=&#8221;{}&#8221;][et_pb_row module_id=&#8221;percorsi-nelle-vicinanze-da-scoprire&#8221; _builder_version=&#8221;4.17.4&#8243; _module_preset=&#8221;default&#8221; global_colors_info=&#8221;{}&#8221;][et_pb_column type=&#8221;4_4&#8243; _builder_version=&#8221;4.17.4&#8243; _module_preset=&#8221;default&#8221; global_colors_info=&#8221;{}&#8221;][et_pb_text _builder_version=&#8221;4.17.4&#8243; _module_preset=&#8221;default&#8221; text_font=&#8221;Lato||||||||&#8221; text_text_color=&#8221;#898f99&#8243; text_font_size=&#8221;18px&#8221; text_line_height=&#8221;2em&#8221; header_font=&#8221;||||||||&#8221; header_2_font=&#8221;Lato|700|||||||&#8221; header_2_font_size=&#8221;42px&#8221; header_2_line_height=&#8221;1.5em&#8221; text_orientation=&#8221;center&#8221; module_alignment=&#8221;center&#8221; locked=&#8221;off&#8221; global_colors_info=&#8221;{}&#8221;]<\/p>\n<h2>Percorsi nelle vicinanze da scoprire<\/h2>\n<p>[\/et_pb_text][\/et_pb_column][\/et_pb_row][et_pb_row column_structure=&#8221;1_4,1_4,1_4,1_4&#8243; _builder_version=&#8221;4.17.4&#8243; _module_preset=&#8221;default&#8221; width=&#8221;100%&#8221; max_width=&#8221;1557px&#8221; global_colors_info=&#8221;{}&#8221;][et_pb_column type=&#8221;1_4&#8243; _builder_version=&#8221;4.17.4&#8243; _module_preset=&#8221;default&#8221; global_colors_info=&#8221;{}&#8221;][et_pb_image src=&#8221;data:image\/svg+xml;base64,PHN2ZyB3aWR0aD0iMTA4MCIgaGVpZ2h0PSI1NDAiIHZpZXdCb3g9IjAgMCAxMDgwIDU0MCIgeG1sbnM9Imh0dHA6Ly93d3cudzMub3JnLzIwMDAvc3ZnIj4KICAgIDxnIGZpbGw9Im5vbmUiIGZpbGwtcnVsZT0iZXZlbm9kZCI+CiAgICAgICAgPHBhdGggZmlsbD0iI0VCRUJFQiIgZD0iTTAgMGgxMDgwdjU0MEgweiIvPgogICAgICAgIDxwYXRoIGQ9Ik00NDUuNjQ5IDU0MGgtOTguOTk1TDE0NC42NDkgMzM3Ljk5NSAwIDQ4Mi42NDR2LTk4Ljk5NWwxMTYuMzY1LTExNi4zNjVjMTUuNjItMTUuNjIgNDAuOTQ3LTE1LjYyIDU2LjU2OCAwTDQ0NS42NSA1NDB6IiBmaWxsLW9wYWNpdHk9Ii4xIiBmaWxsPSIjMDAwIiBmaWxsLXJ1bGU9Im5vbnplcm8iLz4KICAgICAgICA8Y2lyY2xlIGZpbGwtb3BhY2l0eT0iLjA1IiBmaWxsPSIjMDAwIiBjeD0iMzMxIiBjeT0iMTQ4IiByPSI3MCIvPgogICAgICAgIDxwYXRoIGQ9Ik0xMDgwIDM3OXYxMTMuMTM3TDcyOC4xNjIgMTQwLjMgMzI4LjQ2MiA1NDBIMjE1LjMyNEw2OTkuODc4IDU1LjQ0NmMxNS42Mi0xNS42MiA0MC45NDgtMTUuNjIgNTYuNTY4IDBMMTA4MCAzNzl6IiBmaWxsLW9wYWNpdHk9Ii4yIiBmaWxsPSIjMDAwIiBmaWxsLXJ1bGU9Im5vbnplcm8iLz4KICAgIDwvZz4KPC9zdmc+Cg==&#8221; _builder_version=&#8221;4.17.4&#8243; _module_preset=&#8221;default&#8221; global_colors_info=&#8221;{}&#8221;][\/et_pb_image][et_pb_text _builder_version=&#8221;4.17.4&#8243; _module_preset=&#8221;default&#8221; text_text_color=&#8221;#000000&#8243; width=&#8221;100%&#8221; width_tablet=&#8221;100%&#8221; width_phone=&#8221;80%&#8221; width_last_edited=&#8221;on|phone&#8221; module_alignment=&#8221;center&#8221; global_colors_info=&#8221;{}&#8221;]<\/p>\n<p style=\"text-align: center;\"><strong>CASTELLERO SENTIERO DELLA NOCCIOLA PARTE 1<\/strong><\/p>\n<p>[\/et_pb_text][et_pb_text _builder_version=&#8221;4.17.4&#8243; _module_preset=&#8221;default&#8221; text_text_color=&#8221;#000000&#8243; width_tablet=&#8221;&#8221; width_phone=&#8221;80%&#8221; width_last_edited=&#8221;on|phone&#8221; module_alignment=&#8221;center&#8221; global_colors_info=&#8221;{}&#8221;]<\/p>\n<p style=\"text-align: justify;\">Your content goes here. Edit or remove this text inline or in the module Content settings. You can also style every aspect of this content in the module Design settings and even apply custom CSS to this text in the module Advanced settings.<\/p>\n<p style=\"text-align: justify;\">Your content goes here. Edit or remove this text inline or in the module Content settings. You can also style every aspect of this content in the module Design settings and even apply custom CSS to this text in the module Advanced settings.<\/p>\n<p>[\/et_pb_text][et_pb_button button_text=&#8221;LINK A SITO DI RIFERIMENTO SE ESISTENTE&#8221; button_alignment=&#8221;center&#8221; _builder_version=&#8221;4.17.4&#8243; _module_preset=&#8221;default&#8221; custom_button=&#8221;on&#8221; button_text_size=&#8221;12px&#8221; button_text_color=&#8221;#80d100&#8243; custom_margin=&#8221;||0px||false|false&#8221; global_colors_info=&#8221;{}&#8221;][\/et_pb_button][\/et_pb_column][et_pb_column type=&#8221;1_4&#8243; _builder_version=&#8221;4.17.4&#8243; _module_preset=&#8221;default&#8221; global_colors_info=&#8221;{}&#8221;][et_pb_image src=&#8221;data:image\/svg+xml;base64,PHN2ZyB3aWR0aD0iMTA4MCIgaGVpZ2h0PSI1NDAiIHZpZXdCb3g9IjAgMCAxMDgwIDU0MCIgeG1sbnM9Imh0dHA6Ly93d3cudzMub3JnLzIwMDAvc3ZnIj4KICAgIDxnIGZpbGw9Im5vbmUiIGZpbGwtcnVsZT0iZXZlbm9kZCI+CiAgICAgICAgPHBhdGggZmlsbD0iI0VCRUJFQiIgZD0iTTAgMGgxMDgwdjU0MEgweiIvPgogICAgICAgIDxwYXRoIGQ9Ik00NDUuNjQ5IDU0MGgtOTguOTk1TDE0NC42NDkgMzM3Ljk5NSAwIDQ4Mi42NDR2LTk4Ljk5NWwxMTYuMzY1LTExNi4zNjVjMTUuNjItMTUuNjIgNDAuOTQ3LTE1LjYyIDU2LjU2OCAwTDQ0NS42NSA1NDB6IiBmaWxsLW9wYWNpdHk9Ii4xIiBmaWxsPSIjMDAwIiBmaWxsLXJ1bGU9Im5vbnplcm8iLz4KICAgICAgICA8Y2lyY2xlIGZpbGwtb3BhY2l0eT0iLjA1IiBmaWxsPSIjMDAwIiBjeD0iMzMxIiBjeT0iMTQ4IiByPSI3MCIvPgogICAgICAgIDxwYXRoIGQ9Ik0xMDgwIDM3OXYxMTMuMTM3TDcyOC4xNjIgMTQwLjMgMzI4LjQ2MiA1NDBIMjE1LjMyNEw2OTkuODc4IDU1LjQ0NmMxNS42Mi0xNS42MiA0MC45NDgtMTUuNjIgNTYuNTY4IDBMMTA4MCAzNzl6IiBmaWxsLW9wYWNpdHk9Ii4yIiBmaWxsPSIjMDAwIiBmaWxsLXJ1bGU9Im5vbnplcm8iLz4KICAgIDwvZz4KPC9zdmc+Cg==&#8221; _builder_version=&#8221;4.17.4&#8243; _module_preset=&#8221;default&#8221; global_colors_info=&#8221;{}&#8221;][\/et_pb_image][et_pb_text _builder_version=&#8221;4.17.4&#8243; _module_preset=&#8221;default&#8221; text_text_color=&#8221;#000000&#8243; width_tablet=&#8221;&#8221; width_phone=&#8221;80%&#8221; width_last_edited=&#8221;on|phone&#8221; module_alignment=&#8221;center&#8221; global_colors_info=&#8221;{}&#8221;]<\/p>\n<p style=\"text-align: center;\"><strong>CASTELLERO SENTIERO DELLA NOCCIOLA PARTE 2<\/strong><\/p>\n<p>[\/et_pb_text][et_pb_text _builder_version=&#8221;4.17.4&#8243; _module_preset=&#8221;default&#8221; text_text_color=&#8221;#000000&#8243; width_tablet=&#8221;&#8221; width_phone=&#8221;80%&#8221; width_last_edited=&#8221;on|phone&#8221; module_alignment=&#8221;center&#8221; global_colors_info=&#8221;{}&#8221;]<\/p>\n<p style=\"text-align: justify;\">Your content goes here. Edit or remove this text inline or in the module Content settings. You can also style every aspect of this content in the module Design settings and even apply custom CSS to this text in the module Advanced settings.<\/p>\n<p style=\"text-align: justify;\">Your content goes here. Edit or remove this text inline or in the module Content settings. You can also style every aspect of this content in the module Design settings and even apply custom CSS to this text in the module Advanced settings.<\/p>\n<p>[\/et_pb_text][et_pb_button button_text=&#8221;LINK A SITO DI RIFERIMENTO SE ESISTENTE&#8221; button_alignment=&#8221;center&#8221; _builder_version=&#8221;4.17.4&#8243; _module_preset=&#8221;default&#8221; custom_button=&#8221;on&#8221; button_text_size=&#8221;12px&#8221; button_text_color=&#8221;#80d100&#8243; custom_margin=&#8221;||0px||false|false&#8221; global_colors_info=&#8221;{}&#8221;][\/et_pb_button][\/et_pb_column][et_pb_column type=&#8221;1_4&#8243; _builder_version=&#8221;4.17.4&#8243; _module_preset=&#8221;default&#8221; global_colors_info=&#8221;{}&#8221;][et_pb_image src=&#8221;data:image\/svg+xml;base64,PHN2ZyB3aWR0aD0iMTA4MCIgaGVpZ2h0PSI1NDAiIHZpZXdCb3g9IjAgMCAxMDgwIDU0MCIgeG1sbnM9Imh0dHA6Ly93d3cudzMub3JnLzIwMDAvc3ZnIj4KICAgIDxnIGZpbGw9Im5vbmUiIGZpbGwtcnVsZT0iZXZlbm9kZCI+CiAgICAgICAgPHBhdGggZmlsbD0iI0VCRUJFQiIgZD0iTTAgMGgxMDgwdjU0MEgweiIvPgogICAgICAgIDxwYXRoIGQ9Ik00NDUuNjQ5IDU0MGgtOTguOTk1TDE0NC42NDkgMzM3Ljk5NSAwIDQ4Mi42NDR2LTk4Ljk5NWwxMTYuMzY1LTExNi4zNjVjMTUuNjItMTUuNjIgNDAuOTQ3LTE1LjYyIDU2LjU2OCAwTDQ0NS42NSA1NDB6IiBmaWxsLW9wYWNpdHk9Ii4xIiBmaWxsPSIjMDAwIiBmaWxsLXJ1bGU9Im5vbnplcm8iLz4KICAgICAgICA8Y2lyY2xlIGZpbGwtb3BhY2l0eT0iLjA1IiBmaWxsPSIjMDAwIiBjeD0iMzMxIiBjeT0iMTQ4IiByPSI3MCIvPgogICAgICAgIDxwYXRoIGQ9Ik0xMDgwIDM3OXYxMTMuMTM3TDcyOC4xNjIgMTQwLjMgMzI4LjQ2MiA1NDBIMjE1LjMyNEw2OTkuODc4IDU1LjQ0NmMxNS42Mi0xNS42MiA0MC45NDgtMTUuNjIgNTYuNTY4IDBMMTA4MCAzNzl6IiBmaWxsLW9wYWNpdHk9Ii4yIiBmaWxsPSIjMDAwIiBmaWxsLXJ1bGU9Im5vbnplcm8iLz4KICAgIDwvZz4KPC9zdmc+Cg==&#8221; _builder_version=&#8221;4.17.4&#8243; _module_preset=&#8221;default&#8221; global_colors_info=&#8221;{}&#8221;][\/et_pb_image][et_pb_text _builder_version=&#8221;4.17.4&#8243; _module_preset=&#8221;default&#8221; text_text_color=&#8221;#000000&#8243; width_tablet=&#8221;&#8221; width_phone=&#8221;80%&#8221; width_last_edited=&#8221;on|phone&#8221; module_alignment=&#8221;center&#8221; global_colors_info=&#8221;{}&#8221;]<\/p>\n<p style=\"text-align: center;\"><strong>ROATTO<\/strong><\/p>\n<p>[\/et_pb_text][et_pb_text _builder_version=&#8221;4.17.4&#8243; _module_preset=&#8221;default&#8221; text_text_color=&#8221;#000000&#8243; width_tablet=&#8221;&#8221; width_phone=&#8221;80%&#8221; width_last_edited=&#8221;on|phone&#8221; module_alignment=&#8221;center&#8221; global_colors_info=&#8221;{}&#8221;]<\/p>\n<p style=\"text-align: justify;\">Your content goes here. Edit or remove this text inline or in the module Content settings. You can also style every aspect of this content in the module Design settings and even apply custom CSS to this text in the module Advanced settings.<\/p>\n<p style=\"text-align: justify;\">Your content goes here. Edit or remove this text inline or in the module Content settings. You can also style every aspect of this content in the module Design settings and even apply custom CSS to this text in the module Advanced settings.<\/p>\n<p>[\/et_pb_text][et_pb_button button_text=&#8221;LINK A SITO DI RIFERIMENTO SE ESISTENTE&#8221; button_alignment=&#8221;center&#8221; _builder_version=&#8221;4.17.4&#8243; _module_preset=&#8221;default&#8221; custom_button=&#8221;on&#8221; button_text_size=&#8221;12px&#8221; button_text_color=&#8221;#80d100&#8243; custom_margin=&#8221;||0px||false|false&#8221; global_colors_info=&#8221;{}&#8221;][\/et_pb_button][\/et_pb_column][et_pb_column type=&#8221;1_4&#8243; _builder_version=&#8221;4.17.4&#8243; _module_preset=&#8221;default&#8221; global_colors_info=&#8221;{}&#8221;][et_pb_image src=&#8221;data:image\/svg+xml;base64,PHN2ZyB3aWR0aD0iMTA4MCIgaGVpZ2h0PSI1NDAiIHZpZXdCb3g9IjAgMCAxMDgwIDU0MCIgeG1sbnM9Imh0dHA6Ly93d3cudzMub3JnLzIwMDAvc3ZnIj4KICAgIDxnIGZpbGw9Im5vbmUiIGZpbGwtcnVsZT0iZXZlbm9kZCI+CiAgICAgICAgPHBhdGggZmlsbD0iI0VCRUJFQiIgZD0iTTAgMGgxMDgwdjU0MEgweiIvPgogICAgICAgIDxwYXRoIGQ9Ik00NDUuNjQ5IDU0MGgtOTguOTk1TDE0NC42NDkgMzM3Ljk5NSAwIDQ4Mi42NDR2LTk4Ljk5NWwxMTYuMzY1LTExNi4zNjVjMTUuNjItMTUuNjIgNDAuOTQ3LTE1LjYyIDU2LjU2OCAwTDQ0NS42NSA1NDB6IiBmaWxsLW9wYWNpdHk9Ii4xIiBmaWxsPSIjMDAwIiBmaWxsLXJ1bGU9Im5vbnplcm8iLz4KICAgICAgICA8Y2lyY2xlIGZpbGwtb3BhY2l0eT0iLjA1IiBmaWxsPSIjMDAwIiBjeD0iMzMxIiBjeT0iMTQ4IiByPSI3MCIvPgogICAgICAgIDxwYXRoIGQ9Ik0xMDgwIDM3OXYxMTMuMTM3TDcyOC4xNjIgMTQwLjMgMzI4LjQ2MiA1NDBIMjE1LjMyNEw2OTkuODc4IDU1LjQ0NmMxNS42Mi0xNS42MiA0MC45NDgtMTUuNjIgNTYuNTY4IDBMMTA4MCAzNzl6IiBmaWxsLW9wYWNpdHk9Ii4yIiBmaWxsPSIjMDAwIiBmaWxsLXJ1bGU9Im5vbnplcm8iLz4KICAgIDwvZz4KPC9zdmc+Cg==&#8221; _builder_version=&#8221;4.17.4&#8243; _module_preset=&#8221;default&#8221; global_colors_info=&#8221;{}&#8221;][\/et_pb_image][et_pb_text _builder_version=&#8221;4.17.4&#8243; _module_preset=&#8221;default&#8221; width_tablet=&#8221;&#8221; width_phone=&#8221;80%&#8221; width_last_edited=&#8221;on|phone&#8221; module_alignment=&#8221;center&#8221; global_colors_info=&#8221;{}&#8221;]<\/p>\n<p style=\"text-align: center;\"><strong>TIGLIOLE<\/strong><\/p>\n<p>[\/et_pb_text][et_pb_text _builder_version=&#8221;4.17.4&#8243; _module_preset=&#8221;default&#8221; text_text_color=&#8221;#000000&#8243; width_tablet=&#8221;&#8221; width_phone=&#8221;80%&#8221; width_last_edited=&#8221;on|phone&#8221; module_alignment=&#8221;center&#8221; global_colors_info=&#8221;{}&#8221;]<\/p>\n<p style=\"text-align: justify;\">Your content goes here. Edit or remove this text inline or in the module Content settings. You can also style every aspect of this content in the module Design settings and even apply custom CSS to this text in the module Advanced settings.<\/p>\n<p style=\"text-align: justify;\">Your content goes here. Edit or remove this text inline or in the module Content settings. You can also style every aspect of this content in the module Design settings and even apply custom CSS to this text in the module Advanced settings.<\/p>\n<p>[\/et_pb_text][et_pb_button button_text=&#8221;LINK A SITO DI RIFERIMENTO SE ESISTENTE&#8221; button_alignment=&#8221;center&#8221; _builder_version=&#8221;4.17.4&#8243; _module_preset=&#8221;default&#8221; custom_button=&#8221;on&#8221; button_text_size=&#8221;12px&#8221; button_text_color=&#8221;#80d100&#8243; custom_margin=&#8221;||0px||false|false&#8221; global_colors_info=&#8221;{}&#8221;][\/et_pb_button][\/et_pb_column][\/et_pb_row][\/et_pb_section][et_pb_section fb_built=&#8221;1&#8243; disabled_on=&#8221;on|on|off&#8221; _builder_version=&#8221;4.17.4&#8243; _module_preset=&#8221;default&#8221; custom_padding=&#8221;||1px|||&#8221; global_colors_info=&#8221;{}&#8221;][et_pb_row module_id=&#8221;in-viaggio-con-le-immagini&#8221; _builder_version=&#8221;4.17.4&#8243; _module_preset=&#8221;default&#8221; global_colors_info=&#8221;{}&#8221;][et_pb_column type=&#8221;4_4&#8243; _builder_version=&#8221;4.17.4&#8243; _module_preset=&#8221;default&#8221; global_colors_info=&#8221;{}&#8221;][et_pb_text _builder_version=&#8221;4.17.4&#8243; _module_preset=&#8221;default&#8221; text_font=&#8221;Lato||||||||&#8221; text_text_color=&#8221;#898f99&#8243; text_font_size=&#8221;18px&#8221; text_line_height=&#8221;2em&#8221; header_font=&#8221;||||||||&#8221; header_2_font=&#8221;Lato|700|||||||&#8221; header_2_font_size=&#8221;42px&#8221; header_2_line_height=&#8221;1.5em&#8221; text_orientation=&#8221;center&#8221; module_alignment=&#8221;center&#8221; locked=&#8221;off&#8221; global_colors_info=&#8221;{}&#8221;]<\/p>\n<h2>In viaggio con le immagini<\/h2>\n<p>[\/et_pb_text][\/et_pb_column][\/et_pb_row][et_pb_row disabled_on=&#8221;off|off|off&#8221; _builder_version=&#8221;4.17.4&#8243; _module_preset=&#8221;default&#8221; width=&#8221;100%&#8221; max_width=&#8221;2560px&#8221; global_colors_info=&#8221;{}&#8221;][et_pb_column type=&#8221;4_4&#8243; _builder_version=&#8221;4.17.4&#8243; _module_preset=&#8221;default&#8221; global_colors_info=&#8221;{}&#8221;][et_pb_code _builder_version=&#8221;4.17.4&#8243; _module_preset=&#8221;default&#8221; global_colors_info=&#8221;{}&#8221;]\t<!-- CSS Part Start From Here-->\r\n\t<style>\r\n\t\t\r\n\t\t.portfolio-wraper {\r\n\t\t\t\t\t\tmargin-bottom:20px;\r\n\t\t}\r\n\t\t.pfg-bootstrap .img-fluid {\r\n\t\t  max-width: 100%;\r\n\t\t  height: auto;\r\n\t\t}\r\n\r\n\t\t.pfg-bootstrap .img-thumbnail {\r\n\t\t  padding: 0.25rem;\r\n\t\t  background-color: #fff;\r\n\r\n\t\t  \t\t  border: 1px solid #dee2e6;\r\n\t\t  border-radius: 0.25rem;\r\n\t\t  \t\t  max-width: 100%;\r\n\t\t  height: auto;\r\n\t\t}\r\n\t\t.pfg-bootstrap .img-circle {\r\n\t\t  border-radius: 50%;\r\n\t\t}\r\n\t\t.pfg-bootstrap img {\r\n\t\t -moz-transition: all .2s ease-in-out;\r\n\t\t  -webkit-transition: all .2s ease-in-out;\r\n\t\t  -ms-transition: all .2s ease-in-out;\r\n\t\t  -o-transition: all .2s ease-in-out;\r\n\t\t  transition: all .2s ease-in-out;\r\n\t\t}\r\n\t\t.pfg-bootstrap .thumbnail {\r\n\t\t  display: block;\r\n\t\t  padding: 4px;\r\n\t\t  \/*margin-bottom: 20px;*\/\r\n\t\t  line-height: 1.42857143;\r\n\t\t  background-color: #fff;\r\n\t\t  border: 1px solid #ddd;\r\n\t\t  border-radius: 4px;\r\n\t\t  -webkit-transition: border .2s ease-in-out;\r\n\t\t\t   -o-transition: border .2s ease-in-out;\r\n\t\t\t\t  transition: border .2s ease-in-out;\r\n\t\t}\r\n\t\t.pfg-bootstrap .thumbnail > img,\r\n\t\t.pfg-bootstrap .thumbnail a > img {\r\n\t\t  margin-right: auto;\r\n\t\t  margin-left: auto;\r\n\t\t}\r\n\t\t.pfg-bootstrap a.thumbnail:hover,\r\n\t\t.pfg-bootstrap a.thumbnail:focus,\r\n\t\t.pfg-bootstrap a.thumbnail.active {\r\n\t\t  border-color: #337ab7;\r\n\t\t}\r\n\t\t.pfg-bootstrap .thumbnail .caption {\r\n\t\t  padding: 9px;\r\n\t\t  color: #333;\r\n\t\t}\r\n\r\n\t\tfigure {\r\n\t\t  margin: 0;\r\n\t\t}\r\n\t\timg {\r\n\t\t  vertical-align: middle;\r\n\t\t}\r\n\t\t.pfg-bootstrap .img-responsive,\r\n\t\t.pfg-bootstrap .thumbnail > img,\r\n\t\t.pfg-bootstrap .thumbnail a > img,\r\n\t\t.pfg-bootstrap .carousel-inner > .item > img,\r\n\t\t.pfg-bootstrap .carousel-inner > .item > a > img {\r\n\t\t  display: block;\r\n\t\t  max-width: 100%;\r\n\t\t  height: auto;\r\n\t\t}\r\n\t\t.pfg-bootstrap .img-rounded {\r\n\t\t  border-radius: 6px;\r\n\t\t}\r\n\t\t\r\n\t\t\t\tli#all {\r\n\t\t\tmargin: 0;\r\n\t\t}\r\n\t\t\r\n\t\t.simplefilter li {\r\n\t\t\tmargin-top: 5px;\r\n\t\t}\r\n\t\t\r\n\t\t.filtr-search {\r\n\t\t\tmargin-top:10px !important;\r\n\t\t\twidth:200px !important;\r\n\t\t\tmargin-bottom: 20px;\r\n\t\t}\r\n\t\t#all-simplefilter {\r\n\t\t\tdisplay:inline;\r\n\t\t\tpadding-left: 0px !important;\r\n\t\t}\r\n\t\t#f-simplefilter-8849 {\r\n\t\t\tdisplay:inline;\r\n\t\t\tpadding-left: 0px !important;\r\n\t\t}\r\n\t\tbutton:hover {\r\n\t\t\tbackground-color: unset !important;\r\n\t\t}\r\n\t\t\r\n\t\t\t\t\r\n\t\t@keyframes .YouTubePopUp-Content  {\r\n\t\t\tfrom {\r\n\t\t\t\ttransform: translate3d(0, 100%, 0);\r\n\t\t\t\tvisibility: visible;\r\n\t\t\t}\r\n\r\n\t\t\tto {\r\n\t\t\t\ttransform: translate3d(0, 0, 0);\r\n\t\t\t}\r\n\t\t}\r\n\r\n\t\t.YouTubePopUp-Content  {\r\n\t\t\tanimation-name: .YouTubePopUp-Content ;\r\n\t\t}\r\n\r\n\t\t.YouTubePopUp-Close { \r\n\t\t\tbackground:url(https:\/\/www.monferratoastigiano.it\/outdoor\/wp-content\/plugins\/portfolio-filter-gallery\/\/img\/close-icon-white.png) no-repeat;\r\n\t\t\tbackground-size:50px 50px;\r\n\t\t\t-webkit-background-size:70px 50px;\r\n\t\t\t-moz-background-size:70px 50px;\r\n\t\t\t-o-background-size:70px 50px;\r\n\t\t}\r\n\t\tul.simplefilter {\r\n\t\t\tmargin-left: 0 !important;\r\n\t\t}\r\n\t\t.pfg_img_8849 {\r\n\t\t\twidth: 100% !important;\r\n\t\t\theight: 100% !important;\r\n\t\t}\r\n\t\t.filter_gallery_8849 > a {\r\n\t\t\tposition: initial !important;\r\n\t\t}\r\n\t\t.thumbnail_8849 {\r\n\t\t\twidth:100% !important;\r\n\t\t\theight:auto;\r\n\t\t\tmargin-bottom: 0px !important;\r\n\t\t\t\r\n\t\t}\r\n\t\t.filtr-item {\r\n\t\t\tpadding-right:7px !important;\r\n\t\t\tpadding-left:7px !important;\r\n\t\t\tpadding-top:7px !important;\r\n\t\t\tpadding-bottom:7px !important;\r\n\t\t}\r\n\t\t.filtr-item img {\r\n\t\t\ttransition: all .2s !important\r\n\t\t}\r\n\t\t\t\t\t\t.simplefilter_8849 li {\r\n\t\t\tbackground-color: #ccc;\r\n\t\t\tcolor: #000000;\r\n\t\t}\r\n\t\t\r\n\t\t.simplefilter_8849 li:hover {\r\n\t\t\tbackground-color: #81d742 !important;\r\n\t\t}\r\n\t\t\r\n\t\t.simplefilter_8849 li.active {\r\n\t\t\tbackground-color: #81d742 !important;\r\n\t\t}\r\n\t\t\r\n\t\t\t<\/style>\r\n\t\t<div class=\"portfolio-wraper pfg-bootstrap\" version=\"1.7.5\">\r\n\t\t\t\t\t<div class=\"col-lg-12 col-md-12 col-xs-12 text-center\">\r\n\t\t\t\t<ul id=\"all-simplefilter\" class=\"filtr-control-8849 simplefilter simplefilter_8849\">\r\n\t\t\t\t\t<li id=\"all\" class=\"active filtr-controls-8849\" data-filter=\"all\">Tutte<\/li>\r\n\t\t\t\t<\/ul>\r\n\t\t\t\t<ul id=\"f-simplefilter-8849\" class=\"filtr-control-8849 simplefilter simplefilter_8849\">\r\n\t\t\t\t\t\t\t\t\t\t\t\t\t<li data-filter=\"1\"\r\n\t\t\t\t\t\t\t\t\tclass=\"filtr-controls-8849\">Primavera<\/li>\r\n\t\t\t\t\t\t\t\t\t\t\t\t\t\t\t\t<li data-filter=\"2\"\r\n\t\t\t\t\t\t\t\t\tclass=\"filtr-controls-8849\">Estate<\/li>\r\n\t\t\t\t\t\t\t\t\t\t\t\t\t\t\t\t<li data-filter=\"3\"\r\n\t\t\t\t\t\t\t\t\tclass=\"filtr-controls-8849\">Autunno<\/li>\r\n\t\t\t\t\t\t\t\t\t\t\t\t\t\t\t\t<li data-filter=\"4\"\r\n\t\t\t\t\t\t\t\t\tclass=\"filtr-controls-8849\">Inverno<\/li>\r\n\t\t\t\t\t\t\t\t\t\t\t\t<\/ul>\r\n\r\n\t\t\t<\/div>\r\n\t\t\t\t<!-- Shuffle & Sort Controls -->\r\n\t\t\t\t\r\n\t\t<div class=\"row loading-wrapper text-center\">\r\n\t\t\t<img decoding=\"async\" src=\"https:\/\/www.monferratoastigiano.it\/outdoor\/wp-content\/plugins\/portfolio-filter-gallery\/\/img\/loading-icon.gif\" width=\"60\">\r\n\t\t<\/div>\r\n\t\t<div class=\"filter_gallery_8849 row filtr-container filters-div\" style=\"opacity:0; display:none;\">\r\n\t\t\t\t\t\t\t\t<a href=\"https:\/\/www.monferratoastigiano.it\/outdoor\/wp-content\/uploads\/2023\/09\/Primavera-Itinerario-Superga-Vezzolano-Crea-1.jpg\" class=\"pfg-lightbox-all pfg-lightbox-1\" data-lightbox=\"pfg-lightbox\"  data-title=\"Albero di ciliegio in fiore sulle colline del Monferrato\" data-alt=\"Albero di ciliegio in fiore sulle colline del Monferrato\" title=\"Albero di ciliegio in fiore sulle colline del Monferrato\">\r\n\t\t\t\t\t\t<div data-category=\"1\" data-sort=\"Albero di ciliegio in fiore sulle colline del Monferrato\" class=\"animateonload filtr-item filtr_item_8849 single_one col-lg-3 col-md-12 col-sm-4 col-12\">\r\n\t\t\t\t\t\t\t\t\t\t\t\t\t\t\t<img decoding=\"async\" class=\" thumbnail  thumbnail_8849 pfg-img pfg_img_8849 img-responsive hvr-grow-shadow\" src=\"https:\/\/www.monferratoastigiano.it\/outdoor\/wp-content\/uploads\/2023\/09\/Primavera-Itinerario-Superga-Vezzolano-Crea-1.jpg\" alt=\"Un ciliegio in piena fioritura si staglia solitario su un prato verde nel cuore delle colline del Monferrato, in Piemonte. I delicati fiori bianchi annunciano l\u2019arrivo della primavera, mentre sullo sfondo si alternano campi coltivati e tratti di bosco. L\u2019armonia dei colori naturali e la quiete del paesaggio evocano la serenit\u00e0 e la bellezza semplice della campagna piemontese.\">\r\n\t\t\t\t\t\t\t\t\t\t\t\t\t\t\t\t\t<span class=\"item-desc item_desc_8849\">Albero di ciliegio in fiore sulle colline del Monferrato<\/span>\r\n\t\t\t\t\t\t\t\t\t\t\t\t\t\t<\/div>\r\n\t\t\t\t\t<\/a>\r\n\t\t\t\t\t\t\t\t\t\t<a href=\"https:\/\/www.monferratoastigiano.it\/outdoor\/wp-content\/uploads\/2023\/09\/Primavera-Itinerario-Superga-Vezzolano-Crea-2.jpg\" class=\"pfg-lightbox-all pfg-lightbox-1\" data-lightbox=\"pfg-lightbox\"  data-title=\"Vista primaverile sulle colline del Monferrato\" data-alt=\"Vista primaverile sulle colline del Monferrato\" title=\"Vista primaverile sulle colline del Monferrato\">\r\n\t\t\t\t\t\t<div data-category=\"1\" data-sort=\"Vista primaverile sulle colline del Monferrato\" class=\"animateonload filtr-item filtr_item_8849 single_one col-lg-3 col-md-12 col-sm-4 col-12\">\r\n\t\t\t\t\t\t\t\t\t\t\t\t\t\t\t<img decoding=\"async\" class=\" thumbnail  thumbnail_8849 pfg-img pfg_img_8849 img-responsive hvr-grow-shadow\" src=\"https:\/\/www.monferratoastigiano.it\/outdoor\/wp-content\/uploads\/2023\/09\/Primavera-Itinerario-Superga-Vezzolano-Crea-2.jpg\" alt=\"Una pittoresca veduta panoramica delle colline del Monferrato in primavera, con i primi fiori di ciliegio in primo piano. Sullo sfondo, il borgo di Albugnano si staglia sulla cima di una collina, riconoscibile dal profilo della sua chiesa parrocchiale. Le case sono sparse tra prati verdi, campi coltivati e filari di viti, in un paesaggio che unisce armoniosamente natura e insediamento umano. Un\u2019immagine che evoca tranquillit\u00e0 e il lento risveglio della campagna piemontese.\">\r\n\t\t\t\t\t\t\t\t\t\t\t\t\t\t\t\t\t<span class=\"item-desc item_desc_8849\">Vista primaverile sulle colline del Monferrato<\/span>\r\n\t\t\t\t\t\t\t\t\t\t\t\t\t\t<\/div>\r\n\t\t\t\t\t<\/a>\r\n\t\t\t\t\t\t\t\t\t\t<a href=\"https:\/\/www.monferratoastigiano.it\/outdoor\/wp-content\/uploads\/2023\/09\/Primavera-Itinerario-Superga-Vezzolano-Crea-3.jpg\" class=\"pfg-lightbox-all pfg-lightbox-1\" data-lightbox=\"pfg-lightbox\"  data-title=\"In bicicletta tra i vigneti\" data-alt=\"In bicicletta tra i vigneti\" title=\"In bicicletta tra i vigneti\">\r\n\t\t\t\t\t\t<div data-category=\"1\" data-sort=\"In bicicletta tra i vigneti\" class=\"animateonload filtr-item filtr_item_8849 single_one col-lg-3 col-md-12 col-sm-4 col-12\">\r\n\t\t\t\t\t\t\t\t\t\t\t\t\t\t\t<img decoding=\"async\" class=\" thumbnail  thumbnail_8849 pfg-img pfg_img_8849 img-responsive hvr-grow-shadow\" src=\"https:\/\/www.monferratoastigiano.it\/outdoor\/wp-content\/uploads\/2023\/09\/Primavera-Itinerario-Superga-Vezzolano-Crea-3.jpg\" alt=\"Due ciclisti percorrono una tranquilla strada di campagna immersa nel verde delle colline del Monferrato, in primavera. Ai lati della strada si estendono ordinati filari di vigneti appena germogliati, simbolo della tradizione vitivinicola locale. In cima alla collina si staglia una piccola cappella con cipressi e, sullo sfondo, l'inconfondibile profilo del borgo di Cocconato, con la torre e la chiesa che dominano il paesaggio. Un'immagine di armonia tra sport, natura e cultura.\">\r\n\t\t\t\t\t\t\t\t\t\t\t\t\t\t\t\t\t<span class=\"item-desc item_desc_8849\">In bicicletta tra i vigneti<\/span>\r\n\t\t\t\t\t\t\t\t\t\t\t\t\t\t<\/div>\r\n\t\t\t\t\t<\/a>\r\n\t\t\t\t\t\t\t\t\t\t<a href=\"https:\/\/www.monferratoastigiano.it\/outdoor\/wp-content\/uploads\/2023\/09\/Primavera-Itinerario-Superga-Vezzolano-Crea-4.jpg\" class=\"pfg-lightbox-all pfg-lightbox-1\" data-lightbox=\"pfg-lightbox\"  data-title=\"Cocconato tra le colline del Monferrato\" data-alt=\"Cocconato tra le colline del Monferrato\" title=\"Cocconato tra le colline del Monferrato\">\r\n\t\t\t\t\t\t<div data-category=\"1\" data-sort=\"Cocconato tra le colline del Monferrato\" class=\"animateonload filtr-item filtr_item_8849 single_one col-lg-3 col-md-12 col-sm-4 col-12\">\r\n\t\t\t\t\t\t\t\t\t\t\t\t\t\t\t<img decoding=\"async\" class=\" thumbnail  thumbnail_8849 pfg-img pfg_img_8849 img-responsive hvr-grow-shadow\" src=\"https:\/\/www.monferratoastigiano.it\/outdoor\/wp-content\/uploads\/2023\/09\/Primavera-Itinerario-Superga-Vezzolano-Crea-4.jpg\" alt=\"Una vista panoramica primaverile di Cocconato, borgo arroccato tra le verdi colline del Monferrato astigiano. In primo piano si alternano campi coltivati, case rurali e alberi in fiore, mentre al centro domina la scena la chiesa barocca di Santa Maria della Consolazione. Sul crinale, la parte alta del paese conserva la sua struttura medievale con torri e campanili che si stagliano contro il cielo. Un paesaggio armonioso dove natura, agricoltura e architettura si fondono perfettamente.\">\r\n\t\t\t\t\t\t\t\t\t\t\t\t\t\t\t\t\t<span class=\"item-desc item_desc_8849\">Cocconato tra le colline del Monferrato<\/span>\r\n\t\t\t\t\t\t\t\t\t\t\t\t\t\t<\/div>\r\n\t\t\t\t\t<\/a>\r\n\t\t\t\t\t\t\t\t\t\t<a href=\"https:\/\/www.monferratoastigiano.it\/outdoor\/wp-content\/uploads\/2023\/09\/Primavera-Itinerario-Superga-Vezzolano-Crea-5.jpg\" class=\"pfg-lightbox-all pfg-lightbox-1\" data-lightbox=\"pfg-lightbox\"  data-title=\"Panorama primaverile sul Monferrato\" data-alt=\"Panorama primaverile sul Monferrato\" title=\"Panorama primaverile sul Monferrato\">\r\n\t\t\t\t\t\t<div data-category=\"1\" data-sort=\"Panorama primaverile sul Monferrato\" class=\"animateonload filtr-item filtr_item_8849 single_one col-lg-3 col-md-12 col-sm-4 col-12\">\r\n\t\t\t\t\t\t\t\t\t\t\t\t\t\t\t<img decoding=\"async\" class=\" thumbnail  thumbnail_8849 pfg-img pfg_img_8849 img-responsive hvr-grow-shadow\" src=\"https:\/\/www.monferratoastigiano.it\/outdoor\/wp-content\/uploads\/2023\/09\/Primavera-Itinerario-Superga-Vezzolano-Crea-5.jpg\" alt=\"Una veduta ampia e suggestiva del paesaggio collinare del Monferrato in primavera. In primo piano, alberi spogli cominciano a germogliare, mentre sullo sfondo si distingue il profilo di antichi borghi con castelli e chiese arroccati sulle alture. Le distese verdi e coltivate si alternano a macchie boschive, creando un mosaico naturale di straordinaria armonia. Il cielo terso, con nubi bianche sospese all\u2019orizzonte, completa questa scena serena e luminosa tipica del Piemonte rurale.\">\r\n\t\t\t\t\t\t\t\t\t\t\t\t\t\t\t\t\t<span class=\"item-desc item_desc_8849\">Panorama primaverile sul Monferrato<\/span>\r\n\t\t\t\t\t\t\t\t\t\t\t\t\t\t<\/div>\r\n\t\t\t\t\t<\/a>\r\n\t\t\t\t\t\t\t\t\t\t<a href=\"https:\/\/www.monferratoastigiano.it\/outdoor\/wp-content\/uploads\/2023\/09\/Primavera-Itinerario-Superga-Vezzolano-Crea-6.jpg\" class=\"pfg-lightbox-all pfg-lightbox-1\" data-lightbox=\"pfg-lightbox\"  data-title=\"La chiesa tra le colline fiorite del Monferrato\" data-alt=\"La chiesa tra le colline fiorite del Monferrato\" title=\"La chiesa tra le colline fiorite del Monferrato\">\r\n\t\t\t\t\t\t<div data-category=\"1\" data-sort=\"La chiesa tra le colline fiorite del Monferrato\" class=\"animateonload filtr-item filtr_item_8849 single_one col-lg-3 col-md-12 col-sm-4 col-12\">\r\n\t\t\t\t\t\t\t\t\t\t\t\t\t\t\t<img decoding=\"async\" class=\" thumbnail  thumbnail_8849 pfg-img pfg_img_8849 img-responsive hvr-grow-shadow\" src=\"https:\/\/www.monferratoastigiano.it\/outdoor\/wp-content\/uploads\/2023\/09\/Primavera-Itinerario-Superga-Vezzolano-Crea-6.jpg\" alt=\"Una vista panoramica primaverile sulle morbide colline del Monferrato, punteggiate da alberi in fiore e campi verdi. Al centro dell\u2019immagine si staglia una chiesa con il suo alto campanile, simbolo della presenza umana in armonia con il paesaggio agricolo. Le tonalit\u00e0 brillanti della vegetazione e la luce limpida rendono questa scena un perfetto esempio della bellezza rurale piemontese, con lo sfondo sfumato delle colline che si perdono all\u2019orizzonte.\">\r\n\t\t\t\t\t\t\t\t\t\t\t\t\t\t\t\t\t<span class=\"item-desc item_desc_8849\">La chiesa tra le colline fiorite del Monferrato<\/span>\r\n\t\t\t\t\t\t\t\t\t\t\t\t\t\t<\/div>\r\n\t\t\t\t\t<\/a>\r\n\t\t\t\t\t\t\t\t\t\t<a href=\"https:\/\/www.monferratoastigiano.it\/outdoor\/wp-content\/uploads\/2023\/09\/Primavera-Itinerario-Superga-Vezzolano-Crea-7.jpg\" class=\"pfg-lightbox-all pfg-lightbox-1\" data-lightbox=\"pfg-lightbox\"  data-title=\"Campi primaverili e boschetti fioriti sulle colline del Monferrato\" data-alt=\"Campi primaverili e boschetti fioriti sulle colline del Monferrato\" title=\"Campi primaverili e boschetti fioriti sulle colline del Monferrato\">\r\n\t\t\t\t\t\t<div data-category=\"1\" data-sort=\"Campi primaverili e boschetti fioriti sulle colline del Monferrato\" class=\"animateonload filtr-item filtr_item_8849 single_one col-lg-3 col-md-12 col-sm-4 col-12\">\r\n\t\t\t\t\t\t\t\t\t\t\t\t\t\t\t<img decoding=\"async\" class=\" thumbnail  thumbnail_8849 pfg-img pfg_img_8849 img-responsive hvr-grow-shadow\" src=\"https:\/\/www.monferratoastigiano.it\/outdoor\/wp-content\/uploads\/2023\/09\/Primavera-Itinerario-Superga-Vezzolano-Crea-7.jpg\" alt=\"Un paesaggio collinare del Monferrato in primavera, dove campi verdi coltivati si alternano a piccoli frutteti e boschetti in fiore. Una strada sinuosa attraversa la scena, accompagnata da pali della luce che ne seguono l\u2019andamento. Al centro del campo un piccolo casotto rurale evoca la vita contadina, mentre sullo sfondo si intravede la pianura che sfuma verso l\u2019orizzonte. Un\u2019immagine che racconta il legame armonioso tra uomo e natura.\">\r\n\t\t\t\t\t\t\t\t\t\t\t\t\t\t\t\t\t<span class=\"item-desc item_desc_8849\">Campi primaverili e boschetti fioriti sulle colline del Monferrato<\/span>\r\n\t\t\t\t\t\t\t\t\t\t\t\t\t\t<\/div>\r\n\t\t\t\t\t<\/a>\r\n\t\t\t\t\t\t\t\t\t\t<a href=\"https:\/\/www.monferratoastigiano.it\/outdoor\/wp-content\/uploads\/2023\/09\/Primavera-Itinerario-Superga-Vezzolano-Crea-8.jpg\" class=\"pfg-lightbox-all pfg-lightbox-1\" data-lightbox=\"pfg-lightbox\"  data-title=\"Colline coltivate in primavera nel Monferrato\" data-alt=\"Colline coltivate in primavera nel Monferrato\" title=\"Colline coltivate in primavera nel Monferrato\">\r\n\t\t\t\t\t\t<div data-category=\"1\" data-sort=\"Colline coltivate in primavera nel Monferrato\" class=\"animateonload filtr-item filtr_item_8849 single_one col-lg-3 col-md-12 col-sm-4 col-12\">\r\n\t\t\t\t\t\t\t\t\t\t\t\t\t\t\t<img decoding=\"async\" class=\" thumbnail  thumbnail_8849 pfg-img pfg_img_8849 img-responsive hvr-grow-shadow\" src=\"https:\/\/www.monferratoastigiano.it\/outdoor\/wp-content\/uploads\/2023\/09\/Primavera-Itinerario-Superga-Vezzolano-Crea-8.jpg\" alt=\"Dolci colline verdeggianti si estendono nel paesaggio primaverile del Monferrato, disegnate da eleganti curve e solchi paralleli lasciati dalle lavorazioni agricole. Alberi in fiore punteggiano il campo, mentre siepi e boschetti delineano i confini naturali tra le parcelle. La scena trasmette un senso di armonia e fertilit\u00e0, simbolo del risveglio della natura in questa terra ricca di tradizione rurale.\">\r\n\t\t\t\t\t\t\t\t\t\t\t\t\t\t\t\t\t<span class=\"item-desc item_desc_8849\">Colline coltivate in primavera nel Monferrato<\/span>\r\n\t\t\t\t\t\t\t\t\t\t\t\t\t\t<\/div>\r\n\t\t\t\t\t<\/a>\r\n\t\t\t\t\t\t\t\t\t\t<a href=\"https:\/\/www.monferratoastigiano.it\/outdoor\/wp-content\/uploads\/2023\/08\/Estate-Cocconato-paese.jpg\" class=\"pfg-lightbox-all pfg-lightbox-2\" data-lightbox=\"pfg-lightbox\"  data-title=\"Veduta panoramica di un borgo collinare con cielo terso\" data-alt=\"Veduta panoramica di un borgo collinare con cielo terso\" title=\"Veduta panoramica di un borgo collinare con cielo terso\">\r\n\t\t\t\t\t\t<div data-category=\"2\" data-sort=\"Veduta panoramica di un borgo collinare con cielo terso\" class=\"animateonload filtr-item filtr_item_8849 single_one col-lg-3 col-md-12 col-sm-4 col-12\">\r\n\t\t\t\t\t\t\t\t\t\t\t\t\t\t\t<img decoding=\"async\" class=\" thumbnail  thumbnail_8849 pfg-img pfg_img_8849 img-responsive hvr-grow-shadow\" src=\"https:\/\/www.monferratoastigiano.it\/outdoor\/wp-content\/uploads\/2023\/08\/Estate-Cocconato-paese.jpg\" alt=\"L'immagine mostra un'incantevole veduta panoramica di un borgo collinare italiano. In primo piano si distinguono numerosi edifici dai tetti in tegole rosse, disposti su vari livelli, tipici dell\u2019urbanistica medievale. A sinistra si eleva una chiesa in mattoni con un campanile dotato di orologio. Le case variopinte, tra cui una rosa e una gialla, aggiungono vivacit\u00e0 al paesaggio. In alto, il cielo azzurro \u00e8 attraversato da scie bianche lasciate dagli aerei, creando un suggestivo effetto grafico. Sullo sfondo si intravede la pianura che si estende fino all\u2019orizzonte, offrendo un senso di apertura e profondit\u00e0.\">\r\n\t\t\t\t\t\t\t\t\t\t\t\t\t\t\t\t\t<span class=\"item-desc item_desc_8849\">Veduta panoramica di un borgo collinare con cielo terso<\/span>\r\n\t\t\t\t\t\t\t\t\t\t\t\t\t\t<\/div>\r\n\t\t\t\t\t<\/a>\r\n\t\t\t\t\t\t\t\t\t\t<a href=\"https:\/\/www.monferratoastigiano.it\/outdoor\/wp-content\/uploads\/2023\/08\/Estate-Cocconato.jpg\" class=\"pfg-lightbox-all pfg-lightbox-2\" data-lightbox=\"pfg-lightbox\"  data-title=\"Vista panoramica su un borgo collinare attraverso un arco fiorito\" data-alt=\"Vista panoramica su un borgo collinare attraverso un arco fiorito\" title=\"Vista panoramica su un borgo collinare attraverso un arco fiorito\">\r\n\t\t\t\t\t\t<div data-category=\"2\" data-sort=\"Vista panoramica su un borgo collinare attraverso un arco fiorito\" class=\"animateonload filtr-item filtr_item_8849 single_one col-lg-3 col-md-12 col-sm-4 col-12\">\r\n\t\t\t\t\t\t\t\t\t\t\t\t\t\t\t<img decoding=\"async\" class=\" thumbnail  thumbnail_8849 pfg-img pfg_img_8849 img-responsive hvr-grow-shadow\" src=\"https:\/\/www.monferratoastigiano.it\/outdoor\/wp-content\/uploads\/2023\/08\/Estate-Cocconato.jpg\" alt=\"In primo piano, un arco ornamentale in ferro battuto, adornato con rampicanti e tre piccole campanelle appese in cima, incornicia la scena. Ai lati dell\u2019arco crescono rigogliose piante rampicanti e rose rosse. Dietro di esso, una ringhiera in metallo delimita un belvedere che si affaccia sul borgo sottostante. I tetti rossi delle case si estendono fino a fondersi con la campagna collinare che si perde all\u2019orizzonte. Il cielo \u00e8 terso, con sottili scie bianche che lo attraversano diagonalmente, contribuendo a creare un\u2019atmosfera serena e poetica.\">\r\n\t\t\t\t\t\t\t\t\t\t\t\t\t\t\t\t\t<span class=\"item-desc item_desc_8849\">Vista panoramica su un borgo collinare attraverso un arco fiorito<\/span>\r\n\t\t\t\t\t\t\t\t\t\t\t\t\t\t<\/div>\r\n\t\t\t\t\t<\/a>\r\n\t\t\t\t\t\t\t\t\t\t<a href=\"https:\/\/www.monferratoastigiano.it\/outdoor\/wp-content\/uploads\/2023\/09\/Estate-Treville-paese.jpg\" class=\"pfg-lightbox-all pfg-lightbox-2\" data-lightbox=\"pfg-lightbox\"  data-title=\"Belvedere panoramico sulle colline del Monferrato\" data-alt=\"Belvedere panoramico sulle colline del Monferrato\" title=\"Belvedere panoramico sulle colline del Monferrato\">\r\n\t\t\t\t\t\t<div data-category=\"2\" data-sort=\"Belvedere panoramico sulle colline del Monferrato\" class=\"animateonload filtr-item filtr_item_8849 single_one col-lg-3 col-md-12 col-sm-4 col-12\">\r\n\t\t\t\t\t\t\t\t\t\t\t\t\t\t\t<img decoding=\"async\" class=\" thumbnail  thumbnail_8849 pfg-img pfg_img_8849 img-responsive hvr-grow-shadow\" src=\"https:\/\/www.monferratoastigiano.it\/outdoor\/wp-content\/uploads\/2023\/09\/Estate-Treville-paese.jpg\" alt=\"La fotografia mostra un punto panoramico in muratura di mattoni rossi, ornato da fioriere in cemento con piante e fiori colorati. Al centro della terrazza si trova un cannocchiale turistico per l\u2019osservazione del paesaggio. Sullo sfondo si apre una spettacolare veduta delle colline coltivate del Monferrato, con campi, boschi e vigneti che si estendono fino al borgo di Moncalvo, riconoscibile per le sue torri e il centro storico compatto. In lontananza si intravedono le montagne, con il profilo delle Alpi che si staglia contro un cielo terso e azzurro.\">\r\n\t\t\t\t\t\t\t\t\t\t\t\t\t\t\t\t\t<span class=\"item-desc item_desc_8849\">Belvedere panoramico sulle colline del Monferrato<\/span>\r\n\t\t\t\t\t\t\t\t\t\t\t\t\t\t<\/div>\r\n\t\t\t\t\t<\/a>\r\n\t\t\t\t\t\t\t\t\t\t<a href=\"https:\/\/www.monferratoastigiano.it\/outdoor\/wp-content\/uploads\/2023\/09\/Estate-Treville-paesaggio-1.jpg\" class=\"pfg-lightbox-all pfg-lightbox-2\" data-lightbox=\"pfg-lightbox\"  data-title=\"Vista panoramica primaverile dal belvedere del Monferrato\" data-alt=\"Vista panoramica primaverile dal belvedere del Monferrato\" title=\"Vista panoramica primaverile dal belvedere del Monferrato\">\r\n\t\t\t\t\t\t<div data-category=\"2\" data-sort=\"Vista panoramica primaverile dal belvedere del Monferrato\" class=\"animateonload filtr-item filtr_item_8849 single_one col-lg-3 col-md-12 col-sm-4 col-12\">\r\n\t\t\t\t\t\t\t\t\t\t\t\t\t\t\t<img decoding=\"async\" class=\" thumbnail  thumbnail_8849 pfg-img pfg_img_8849 img-responsive hvr-grow-shadow\" src=\"https:\/\/www.monferratoastigiano.it\/outdoor\/wp-content\/uploads\/2023\/09\/Estate-Treville-paesaggio-1.jpg\" alt=\"Dal fresco riparo di un ciliegio in fiore, lo sguardo si apre su un ampio panorama collinare tipico del Monferrato. Il camminamento in mattoni, ombreggiato e silenzioso, accompagna lo spettatore verso l\u2019infinito gioco di colline verdi, campi coltivati e borghi punteggiati sui crinali. Sullo sfondo, la linea netta delle Alpi innevate contrasta con l\u2019azzurro del cielo terso, offrendo una vista di rara armonia. \u00c8 un\u2019immagine che cattura la quiete, la bellezza e la profondit\u00e0 del paesaggio piemontese in primavera.\">\r\n\t\t\t\t\t\t\t\t\t\t\t\t\t\t\t\t\t<span class=\"item-desc item_desc_8849\">Vista panoramica primaverile dal belvedere del Monferrato<\/span>\r\n\t\t\t\t\t\t\t\t\t\t\t\t\t\t<\/div>\r\n\t\t\t\t\t<\/a>\r\n\t\t\t\t\t\t\t\t\t\t<a href=\"https:\/\/www.monferratoastigiano.it\/outdoor\/wp-content\/uploads\/2023\/08\/Estate-Albugnano-paesaggio.jpg\" class=\"pfg-lightbox-all pfg-lightbox-2\" data-lightbox=\"pfg-lightbox\"  data-title=\"Panorama collinare e montano sotto un cielo limpido\" data-alt=\"Panorama collinare e montano sotto un cielo limpido\" title=\"Panorama collinare e montano sotto un cielo limpido\">\r\n\t\t\t\t\t\t<div data-category=\"2\" data-sort=\"Panorama collinare e montano sotto un cielo limpido\" class=\"animateonload filtr-item filtr_item_8849 single_one col-lg-3 col-md-12 col-sm-4 col-12\">\r\n\t\t\t\t\t\t\t\t\t\t\t\t\t\t\t<img decoding=\"async\" class=\" thumbnail  thumbnail_8849 pfg-img pfg_img_8849 img-responsive hvr-grow-shadow\" src=\"https:\/\/www.monferratoastigiano.it\/outdoor\/wp-content\/uploads\/2023\/08\/Estate-Albugnano-paesaggio.jpg\" alt=\"L'immagine mostra un ampio paesaggio rurale visto dall'alto, con colline ondulate ricoperte di boschi, campi coltivati e piccoli agglomerati di case con tetti rossi. All'orizzonte si distinguono catene montuose che si perdono nella foschia. Il cielo sopra \u00e8 ampio e limpido, con una sfumatura intensa di azzurro e alcune nuvole leggere in alto. Il panorama trasmette un senso di quiete e vastit\u00e0, tipico delle zone rurali collinari.\">\r\n\t\t\t\t\t\t\t\t\t\t\t\t\t\t\t\t\t<span class=\"item-desc item_desc_8849\">Panorama collinare e montano sotto un cielo limpido<\/span>\r\n\t\t\t\t\t\t\t\t\t\t\t\t\t\t<\/div>\r\n\t\t\t\t\t<\/a>\r\n\t\t\t\t\t\t\t\t\t\t<a href=\"https:\/\/www.monferratoastigiano.it\/outdoor\/wp-content\/uploads\/2023\/08\/Estate-Vezzolano.jpg\" class=\"pfg-lightbox-all pfg-lightbox-2\" data-lightbox=\"pfg-lightbox\"  data-title=\"Cartelli escursionistici e chiesa in borgo rurale\" data-alt=\"Cartelli escursionistici e chiesa in borgo rurale\" title=\"Cartelli escursionistici e chiesa in borgo rurale\">\r\n\t\t\t\t\t\t<div data-category=\"2\" data-sort=\"Cartelli escursionistici e chiesa in borgo rurale\" class=\"animateonload filtr-item filtr_item_8849 single_one col-lg-3 col-md-12 col-sm-4 col-12\">\r\n\t\t\t\t\t\t\t\t\t\t\t\t\t\t\t<img decoding=\"async\" class=\" thumbnail  thumbnail_8849 pfg-img pfg_img_8849 img-responsive hvr-grow-shadow\" src=\"https:\/\/www.monferratoastigiano.it\/outdoor\/wp-content\/uploads\/2023\/08\/Estate-Vezzolano.jpg\" alt=\"L\u2019immagine mostra un tranquillo paesaggio rurale italiano, dove in primo piano si trovano cartelli escursionistici in legno e metallo, leggermente consumati dal tempo, che indicano direzioni verso luoghi come Albugnano, Coccoato, Sciolze, e altri. Le frecce rosse e bianche segnalano sentieri escursionistici. Sullo sfondo, leggermente sfocata, si erge una chiesa in mattoni con un campanile a torre quadrata, immersa nel verde. Un sentiero sterrato si snoda a sinistra, curvando dolcemente tra alberi e prati. L\u2019atmosfera \u00e8 serena, tipica di una camminata tra natura e borghi storici.\">\r\n\t\t\t\t\t\t\t\t\t\t\t\t\t\t\t\t\t<span class=\"item-desc item_desc_8849\">Cartelli escursionistici e chiesa in borgo rurale<\/span>\r\n\t\t\t\t\t\t\t\t\t\t\t\t\t\t<\/div>\r\n\t\t\t\t\t<\/a>\r\n\t\t\t\t\t\t\t\t\t\t<a href=\"https:\/\/www.monferratoastigiano.it\/outdoor\/wp-content\/uploads\/2023\/08\/ALBUGN1.jpg\" class=\"pfg-lightbox-all pfg-lightbox-2\" data-lightbox=\"pfg-lightbox\"  data-title=\"Abbazia romanica immersa nel verde\" data-alt=\"Abbazia romanica immersa nel verde\" title=\"Abbazia romanica immersa nel verde\">\r\n\t\t\t\t\t\t<div data-category=\"2\" data-sort=\"Abbazia romanica immersa nel verde\" class=\"animateonload filtr-item filtr_item_8849 single_one col-lg-3 col-md-12 col-sm-4 col-12\">\r\n\t\t\t\t\t\t\t\t\t\t\t\t\t\t\t<img decoding=\"async\" class=\" thumbnail  thumbnail_8849 pfg-img pfg_img_8849 img-responsive hvr-grow-shadow\" src=\"https:\/\/www.monferratoastigiano.it\/outdoor\/wp-content\/uploads\/2023\/08\/ALBUGN1.jpg\" alt=\"L'immagine raffigura una suggestiva abbazia romanica costruita in mattoni rossi, immersa in un contesto rurale e verdeggiante. La facciata \u00e8 ornata da archetti e lesene, con tre portali d'ingresso, e sormontata da una torre campanaria quadrata. Due alte palme decorano l\u2019ingresso principale, accostandosi in modo pittoresco alla struttura medievale. Il cielo \u00e8 terso con alcune scie di aerei visibili in alto. Una stradina sterrata costeggia il muro di cinta in mattoni bassi che delimita la propriet\u00e0. L\u2019ambiente trasmette pace e armonia, con alberi, cespugli e un prato ben curato che circondano l\u2019edificio sacro.\">\r\n\t\t\t\t\t\t\t\t\t\t\t\t\t\t\t\t\t<span class=\"item-desc item_desc_8849\">Abbazia romanica immersa nel verde<\/span>\r\n\t\t\t\t\t\t\t\t\t\t\t\t\t\t<\/div>\r\n\t\t\t\t\t<\/a>\r\n\t\t\t\t\t\t\t\t\t\t<a href=\"https:\/\/www.monferratoastigiano.it\/outdoor\/wp-content\/uploads\/2023\/09\/Estate-Ozzano-Monferrato-paesaggio.jpg\" class=\"pfg-lightbox-all pfg-lightbox-2\" data-lightbox=\"pfg-lightbox\"  data-title=\"Geometrie di vigneti nel cuore del Monferrato\" data-alt=\"Geometrie di vigneti nel cuore del Monferrato\" title=\"Geometrie di vigneti nel cuore del Monferrato\">\r\n\t\t\t\t\t\t<div data-category=\"2\" data-sort=\"Geometrie di vigneti nel cuore del Monferrato\" class=\"animateonload filtr-item filtr_item_8849 single_one col-lg-3 col-md-12 col-sm-4 col-12\">\r\n\t\t\t\t\t\t\t\t\t\t\t\t\t\t\t<img decoding=\"async\" class=\" thumbnail  thumbnail_8849 pfg-img pfg_img_8849 img-responsive hvr-grow-shadow\" src=\"https:\/\/www.monferratoastigiano.it\/outdoor\/wp-content\/uploads\/2023\/09\/Estate-Ozzano-Monferrato-paesaggio.jpg\" alt=\"Un paesaggio rurale ordinato e armonioso si svela tra le colline del Monferrato, dove i filari di viti si rincorrono lungo i pendii con precisione geometrica. Al centro della scena, una cascina dal tetto rosso sorge tra i campi coltivati, simbolo della tradizione agricola locale. La composizione delle vigne, dei sentieri e delle alberature guida lo sguardo in profondit\u00e0, verso l\u2019orizzonte collinare. Un\u2019immagine che esprime la simbiosi perfetta tra natura e lavoro dell\u2019uomo in una delle terre pi\u00f9 vocate alla viticoltura del Piemonte.\">\r\n\t\t\t\t\t\t\t\t\t\t\t\t\t\t\t\t\t<span class=\"item-desc item_desc_8849\">Geometrie di vigneti nel cuore del Monferrato<\/span>\r\n\t\t\t\t\t\t\t\t\t\t\t\t\t\t<\/div>\r\n\t\t\t\t\t<\/a>\r\n\t\t\t\t\t\t\t\t\t\t<a href=\"https:\/\/www.monferratoastigiano.it\/outdoor\/wp-content\/uploads\/2023\/09\/Autunno-Itinerario-Superga-Vezzolano-Crea-1.jpg\" class=\"pfg-lightbox-all pfg-lightbox-3\" data-lightbox=\"pfg-lightbox\"  data-title=\"Vigneti e colori d\u2019autunno a Cocconato\" data-alt=\"Vigneti e colori d\u2019autunno a Cocconato\" title=\"Vigneti e colori d\u2019autunno a Cocconato\">\r\n\t\t\t\t\t\t<div data-category=\"3\" data-sort=\"Vigneti e colori d\u2019autunno a Cocconato\" class=\"animateonload filtr-item filtr_item_8849 single_one col-lg-3 col-md-12 col-sm-4 col-12\">\r\n\t\t\t\t\t\t\t\t\t\t\t\t\t\t\t<img decoding=\"async\" class=\" thumbnail  thumbnail_8849 pfg-img pfg_img_8849 img-responsive hvr-grow-shadow\" src=\"https:\/\/www.monferratoastigiano.it\/outdoor\/wp-content\/uploads\/2023\/09\/Autunno-Itinerario-Superga-Vezzolano-Crea-1.jpg\" alt=\"Una fila di alberi dalle chiome fiammeggianti in tonalit\u00e0 giallo, arancio e rosso segna il confine tra il vigneto in primo piano e le colline coltivate sullo sfondo. I filari spogli, disposti con geometrica precisione, seguono le ondulazioni del terreno, mentre il verde ancora presente e i colori autunnali creano un contrasto suggestivo. L\u2019immagine cattura la bellezza vibrante della stagione tra le colline del Monferrato.\">\r\n\t\t\t\t\t\t\t\t\t\t\t\t\t\t\t\t\t<span class=\"item-desc item_desc_8849\">Vigneti e colori d\u2019autunno a Cocconato<\/span>\r\n\t\t\t\t\t\t\t\t\t\t\t\t\t\t<\/div>\r\n\t\t\t\t\t<\/a>\r\n\t\t\t\t\t\t\t\t\t\t<a href=\"https:\/\/www.monferratoastigiano.it\/outdoor\/wp-content\/uploads\/2023\/09\/Autunno-Itinerario-Superga-Vezzolano-Crea-2.jpg\" class=\"pfg-lightbox-all pfg-lightbox-3\" data-lightbox=\"pfg-lightbox\"  data-title=\"Collina d\u2019autunno\" data-alt=\"Collina d\u2019autunno\" title=\"Collina d\u2019autunno\">\r\n\t\t\t\t\t\t<div data-category=\"3\" data-sort=\"Collina d\u2019autunno\" class=\"animateonload filtr-item filtr_item_8849 single_one col-lg-3 col-md-12 col-sm-4 col-12\">\r\n\t\t\t\t\t\t\t\t\t\t\t\t\t\t\t<img decoding=\"async\" class=\" thumbnail  thumbnail_8849 pfg-img pfg_img_8849 img-responsive hvr-grow-shadow\" src=\"https:\/\/www.monferratoastigiano.it\/outdoor\/wp-content\/uploads\/2023\/09\/Autunno-Itinerario-Superga-Vezzolano-Crea-2.jpg\" alt=\"Un casale con campanile domina la sommit\u00e0 della collina, circondato da vigneti ordinati che scendono lungo il pendio. \u00c8 autunno e la vegetazione esplode in un mosaico di rossi, gialli e arancioni, mentre un trattore lavora tra i filari spogli. A destra, un bosco denso e colorato incornicia la scena, che trasmette l\u2019atmosfera tranquilla e rurale tipica del paesaggio collinare piemontese.\">\r\n\t\t\t\t\t\t\t\t\t\t\t\t\t\t\t\t\t<span class=\"item-desc item_desc_8849\">Collina d\u2019autunno<\/span>\r\n\t\t\t\t\t\t\t\t\t\t\t\t\t\t<\/div>\r\n\t\t\t\t\t<\/a>\r\n\t\t\t\t\t\t\t\t\t\t<a href=\"https:\/\/www.monferratoastigiano.it\/outdoor\/wp-content\/uploads\/2023\/09\/Autunno-Itinerario-Superga-Vezzolano-Crea-3.jpg\" class=\"pfg-lightbox-all pfg-lightbox-3\" data-lightbox=\"pfg-lightbox\"  data-title=\"Benvenuti a Cocconato\" data-alt=\"Benvenuti a Cocconato\" title=\"Benvenuti a Cocconato\">\r\n\t\t\t\t\t\t<div data-category=\"3\" data-sort=\"Benvenuti a Cocconato\" class=\"animateonload filtr-item filtr_item_8849 single_one col-lg-3 col-md-12 col-sm-4 col-12\">\r\n\t\t\t\t\t\t\t\t\t\t\t\t\t\t\t<img decoding=\"async\" class=\" thumbnail  thumbnail_8849 pfg-img pfg_img_8849 img-responsive hvr-grow-shadow\" src=\"https:\/\/www.monferratoastigiano.it\/outdoor\/wp-content\/uploads\/2023\/09\/Autunno-Itinerario-Superga-Vezzolano-Crea-3.jpg\" alt=\"All\u2019ingresso del borgo collinare di Cocconato, un cartello marrone annuncia l\u2019arrivo in uno dei \u201cBorghi pi\u00f9 belli d\u2019Italia\u201d. Accanto, un pannello multilingue d\u00e0 il benvenuto ai visitatori, ricordando il gemellaggio con Cassis-sur-Issole, in Francia. La strada curva dolcemente fra i vigneti autunnali, con le ultime foglie dorate ancora aggrappate ai tralci. Sullo sfondo, alberi spogli e colline lievi completano l\u2019immagine di un paesaggio tipico del Monferrato, in una giornata grigia ma ricca di atmosfera.\">\r\n\t\t\t\t\t\t\t\t\t\t\t\t\t\t\t\t\t<span class=\"item-desc item_desc_8849\">Benvenuti a Cocconato<\/span>\r\n\t\t\t\t\t\t\t\t\t\t\t\t\t\t<\/div>\r\n\t\t\t\t\t<\/a>\r\n\t\t\t\t\t\t\t\t\t\t<a href=\"https:\/\/www.monferratoastigiano.it\/outdoor\/wp-content\/uploads\/2023\/09\/Autunno-Itinerario-Superga-Vezzolano-Crea-4.jpg\" class=\"pfg-lightbox-all pfg-lightbox-3\" data-lightbox=\"pfg-lightbox\"  data-title=\"Vigneti e boschi infuocati d\u2019autunno\" data-alt=\"Vigneti e boschi infuocati d\u2019autunno\" title=\"Vigneti e boschi infuocati d\u2019autunno\">\r\n\t\t\t\t\t\t<div data-category=\"3\" data-sort=\"Vigneti e boschi infuocati d\u2019autunno\" class=\"animateonload filtr-item filtr_item_8849 single_one col-lg-3 col-md-12 col-sm-4 col-12\">\r\n\t\t\t\t\t\t\t\t\t\t\t\t\t\t\t<img decoding=\"async\" class=\" thumbnail  thumbnail_8849 pfg-img pfg_img_8849 img-responsive hvr-grow-shadow\" src=\"https:\/\/www.monferratoastigiano.it\/outdoor\/wp-content\/uploads\/2023\/09\/Autunno-Itinerario-Superga-Vezzolano-Crea-4.jpg\" alt=\"In primo piano, filari di viti ormai spoglie corrono lungo un pendio erboso, mentre sul margine della strada si accendono i colori intensi dell\u2019autunno: giallo, arancio e rosso delle chiome degli alberi. Sullo sfondo, un fitto bosco collinare si tinge di tutte le sfumature del foliage, avvolgendo il paesaggio in un\u2019atmosfera calda e avvolgente. Qualche casa appena visibile in cima alla collina suggerisce la quiete rurale di una giornata d\u2019autunno nelle campagne del Monferrato o delle Langhe.\">\r\n\t\t\t\t\t\t\t\t\t\t\t\t\t\t\t\t\t<span class=\"item-desc item_desc_8849\">Vigneti e boschi infuocati d\u2019autunno<\/span>\r\n\t\t\t\t\t\t\t\t\t\t\t\t\t\t<\/div>\r\n\t\t\t\t\t<\/a>\r\n\t\t\t\t\t\t\t\t\t\t<a href=\"https:\/\/www.monferratoastigiano.it\/outdoor\/wp-content\/uploads\/2023\/09\/Autunno-Itinerario-Superga-Vezzolano-Crea-5.jpg\" class=\"pfg-lightbox-all pfg-lightbox-3\" data-lightbox=\"pfg-lightbox\"  data-title=\"Colline arate e vigneti d\u2019autunno\" data-alt=\"Colline arate e vigneti d\u2019autunno\" title=\"Colline arate e vigneti d\u2019autunno\">\r\n\t\t\t\t\t\t<div data-category=\"3\" data-sort=\"Colline arate e vigneti d\u2019autunno\" class=\"animateonload filtr-item filtr_item_8849 single_one col-lg-3 col-md-12 col-sm-4 col-12\">\r\n\t\t\t\t\t\t\t\t\t\t\t\t\t\t\t<img decoding=\"async\" class=\" thumbnail  thumbnail_8849 pfg-img pfg_img_8849 img-responsive hvr-grow-shadow\" src=\"https:\/\/www.monferratoastigiano.it\/outdoor\/wp-content\/uploads\/2023\/09\/Autunno-Itinerario-Superga-Vezzolano-Crea-5.jpg\" alt=\"Un\u2019ampia collina coltivata si stende con linee curve e ondulate, segnata dai solchi profondi lasciati dall\u2019aratro. La terra ha tonalit\u00e0 che variano dal marrone scuro all\u2019ocra, creando un suggestivo effetto cromatico naturale. In alto a sinistra, un trattore rosso sosta lungo una strada sterrata che costeggia un filare di viti ormai spoglie. Sul crinale, qualche albero isolato e pali elettrici completano il paesaggio agricolo tipico delle Langhe o del Monferrato, in una giornata grigia di fine autunno.\">\r\n\t\t\t\t\t\t\t\t\t\t\t\t\t\t\t\t\t<span class=\"item-desc item_desc_8849\">Colline arate e vigneti d\u2019autunno<\/span>\r\n\t\t\t\t\t\t\t\t\t\t\t\t\t\t<\/div>\r\n\t\t\t\t\t<\/a>\r\n\t\t\t\t\t\t\t\t\t\t<a href=\"https:\/\/www.monferratoastigiano.it\/outdoor\/wp-content\/uploads\/2023\/09\/Autunno-Itinerario-Superga-Vezzolano-Crea-6.jpg\" class=\"pfg-lightbox-all pfg-lightbox-3\" data-lightbox=\"pfg-lightbox\"  data-title=\"Vigneto e boschi collinari in autunno\" data-alt=\"Vigneto e boschi collinari in autunno\" title=\"Vigneto e boschi collinari in autunno\">\r\n\t\t\t\t\t\t<div data-category=\"3\" data-sort=\"Vigneto e boschi collinari in autunno\" class=\"animateonload filtr-item filtr_item_8849 single_one col-lg-3 col-md-12 col-sm-4 col-12\">\r\n\t\t\t\t\t\t\t\t\t\t\t\t\t\t\t<img decoding=\"async\" class=\" thumbnail  thumbnail_8849 pfg-img pfg_img_8849 img-responsive hvr-grow-shadow\" src=\"https:\/\/www.monferratoastigiano.it\/outdoor\/wp-content\/uploads\/2023\/09\/Autunno-Itinerario-Superga-Vezzolano-Crea-6.jpg\" alt=\"Un pendio verde brillante si inclina dolcemente verso destra, incontrando un filare di viti dai colori autunnali: gialli, rossi e aranci si mescolano ai toni spenti dei tralci spogli. Alle spalle, colline morbide si susseguono, ricoperte da boschi che mostrano tutto il calore del foliage. In lontananza, su una cima sfumata, si intravede una torre o un\u2019antenna, testimone discreta della presenza umana in questo paesaggio naturale. L\u2019immagine evoca la quiete della campagna piemontese durante l\u2019autunno inoltrato.\">\r\n\t\t\t\t\t\t\t\t\t\t\t\t\t\t\t\t\t<span class=\"item-desc item_desc_8849\">Vigneto e boschi collinari in autunno<\/span>\r\n\t\t\t\t\t\t\t\t\t\t\t\t\t\t<\/div>\r\n\t\t\t\t\t<\/a>\r\n\t\t\t\t\t\t\t\t\t\t<a href=\"https:\/\/www.monferratoastigiano.it\/outdoor\/wp-content\/uploads\/2023\/09\/Autunno-Itinerario-Superga-Vezzolano-Crea-7.jpg\" class=\"pfg-lightbox-all pfg-lightbox-3\" data-lightbox=\"pfg-lightbox\"  data-title=\"Veduta autunnale del borgo con castello e campanile\" data-alt=\"Veduta autunnale del borgo con castello e campanile\" title=\"Veduta autunnale del borgo con castello e campanile\">\r\n\t\t\t\t\t\t<div data-category=\"3\" data-sort=\"Veduta autunnale del borgo con castello e campanile\" class=\"animateonload filtr-item filtr_item_8849 single_one col-lg-3 col-md-12 col-sm-4 col-12\">\r\n\t\t\t\t\t\t\t\t\t\t\t\t\t\t\t<img decoding=\"async\" class=\" thumbnail  thumbnail_8849 pfg-img pfg_img_8849 img-responsive hvr-grow-shadow\" src=\"https:\/\/www.monferratoastigiano.it\/outdoor\/wp-content\/uploads\/2023\/09\/Autunno-Itinerario-Superga-Vezzolano-Crea-7.jpg\" alt=\"Il borgo si arrampica dolcemente sul colle, dominato dalla presenza maestosa del castello con la sua torre merlata e dalla chiesa con l\u2019alto campanile dotato di orologio. Le case, dalle facciate in tonalit\u00e0 calde, si affacciano su un paesaggio autunnale punteggiato da alberi spogli e chiome dorate. Il cielo grigio contribuisce a un\u2019atmosfera quieta e raccolta, tipica delle giornate di fine novembre. Un\u2019immagine che racconta la storia e la tranquillit\u00e0 della campagna piemontese.\">\r\n\t\t\t\t\t\t\t\t\t\t\t\t\t\t\t\t\t<span class=\"item-desc item_desc_8849\">Veduta autunnale del borgo con castello e campanile<\/span>\r\n\t\t\t\t\t\t\t\t\t\t\t\t\t\t<\/div>\r\n\t\t\t\t\t<\/a>\r\n\t\t\t\t\t\t\t\t\t\t<a href=\"https:\/\/www.monferratoastigiano.it\/outdoor\/wp-content\/uploads\/2023\/09\/Autunno-Itinerario-Superga-Vezzolano-Crea-8.jpg\" class=\"pfg-lightbox-all pfg-lightbox-3\" data-lightbox=\"pfg-lightbox\"  data-title=\"Vigna d&#039;autunno sulle colline\" data-alt=\"Vigna d&#039;autunno sulle colline\" title=\"Vigna d&#039;autunno sulle colline\">\r\n\t\t\t\t\t\t<div data-category=\"3\" data-sort=\"Vigna d&#039;autunno sulle colline\" class=\"animateonload filtr-item filtr_item_8849 single_one col-lg-3 col-md-12 col-sm-4 col-12\">\r\n\t\t\t\t\t\t\t\t\t\t\t\t\t\t\t<img decoding=\"async\" class=\" thumbnail  thumbnail_8849 pfg-img pfg_img_8849 img-responsive hvr-grow-shadow\" src=\"https:\/\/www.monferratoastigiano.it\/outdoor\/wp-content\/uploads\/2023\/09\/Autunno-Itinerario-Superga-Vezzolano-Crea-8.jpg\" alt=\"Un filare di vite dalle foglie dorate e rossastre si snoda su un dolce pendio erboso, simbolo dell\u2019autunno ormai inoltrato. Sullo sfondo, una collina boscosa sfumata dai toni caldi del fogliame stagionale si staglia sotto un cielo grigio e coperto, che amplifica la sensazione di quiete e attesa. L\u2019atmosfera \u00e8 malinconica ma serena, intrisa della poesia del paesaggio collinare piemontese nel cambio di stagione.\">\r\n\t\t\t\t\t\t\t\t\t\t\t\t\t\t\t\t\t<span class=\"item-desc item_desc_8849\">Vigna d&#039;autunno sulle colline<\/span>\r\n\t\t\t\t\t\t\t\t\t\t\t\t\t\t<\/div>\r\n\t\t\t\t\t<\/a>\r\n\t\t\t\t\t\t\t\t\t\t<a href=\"https:\/\/www.monferratoastigiano.it\/outdoor\/wp-content\/uploads\/2023\/09\/Inverno-Itinerario-Superga-Vezzolano-Crea-1.jpg\" class=\"pfg-lightbox-all pfg-lightbox-4\" data-lightbox=\"pfg-lightbox\"  data-title=\"Colline innevate e alberi silenziosi\" data-alt=\"Colline innevate e alberi silenziosi\" title=\"Colline innevate e alberi silenziosi\">\r\n\t\t\t\t\t\t<div data-category=\"4\" data-sort=\"Colline innevate e alberi silenziosi\" class=\"animateonload filtr-item filtr_item_8849 single_one col-lg-3 col-md-12 col-sm-4 col-12\">\r\n\t\t\t\t\t\t\t\t\t\t\t\t\t\t\t<img decoding=\"async\" class=\" thumbnail  thumbnail_8849 pfg-img pfg_img_8849 img-responsive hvr-grow-shadow\" src=\"https:\/\/www.monferratoastigiano.it\/outdoor\/wp-content\/uploads\/2023\/09\/Inverno-Itinerario-Superga-Vezzolano-Crea-1.jpg\" alt=\"Un paesaggio collinare avvolto da una morbida coltre di neve si estende all\u2019infinito, increspato da valli e crinali. In primo piano, una fila di alberi spogli si staglia netta sul bianco del terreno, mentre sullo sfondo le sagome sfumate delle colline evocano un senso di profondit\u00e0 e quiete invernale. L\u2019intera scena \u00e8 pervasa da una luce fredda e diffusa, che accentua l\u2019atmosfera sospesa e silenziosa.\">\r\n\t\t\t\t\t\t\t\t\t\t\t\t\t\t\t\t\t<span class=\"item-desc item_desc_8849\">Colline innevate e alberi silenziosi<\/span>\r\n\t\t\t\t\t\t\t\t\t\t\t\t\t\t<\/div>\r\n\t\t\t\t\t<\/a>\r\n\t\t\t\t\t\t\t\t\t\t<a href=\"https:\/\/www.monferratoastigiano.it\/outdoor\/wp-content\/uploads\/2023\/09\/Inverno-Itinerario-Superga-Vezzolano-Crea-2.jpg\" class=\"pfg-lightbox-all pfg-lightbox-4\" data-lightbox=\"pfg-lightbox\"  data-title=\"Vigneti innevati e borgo collinare\" data-alt=\"Vigneti innevati e borgo collinare\" title=\"Vigneti innevati e borgo collinare\">\r\n\t\t\t\t\t\t<div data-category=\"4\" data-sort=\"Vigneti innevati e borgo collinare\" class=\"animateonload filtr-item filtr_item_8849 single_one col-lg-3 col-md-12 col-sm-4 col-12\">\r\n\t\t\t\t\t\t\t\t\t\t\t\t\t\t\t<img decoding=\"async\" class=\" thumbnail  thumbnail_8849 pfg-img pfg_img_8849 img-responsive hvr-grow-shadow\" src=\"https:\/\/www.monferratoastigiano.it\/outdoor\/wp-content\/uploads\/2023\/09\/Inverno-Itinerario-Superga-Vezzolano-Crea-2.jpg\" alt=\"Un piccolo borgo rurale sorge sulla sommit\u00e0 di una collina coltivata a vigneti, ricoperta da un leggero manto di neve. La torre campanaria si staglia nitida contro il cielo limpido, mentre le geometrie delle viti dormienti scandiscono il pendio. L\u2019atmosfera invernale esalta il silenzio e la quiete di questo angolo di Piemonte.\">\r\n\t\t\t\t\t\t\t\t\t\t\t\t\t\t\t\t\t<span class=\"item-desc item_desc_8849\">Vigneti innevati e borgo collinare<\/span>\r\n\t\t\t\t\t\t\t\t\t\t\t\t\t\t<\/div>\r\n\t\t\t\t\t<\/a>\r\n\t\t\t\t\t\t\t\t\t\t<a href=\"https:\/\/www.monferratoastigiano.it\/outdoor\/wp-content\/uploads\/2023\/09\/Inverno-Itinerario-Superga-Vezzolano-Crea-3.jpg\" class=\"pfg-lightbox-all pfg-lightbox-4\" data-lightbox=\"pfg-lightbox\"  data-title=\"Collina innevata con vista sulle Alpi\" data-alt=\"Collina innevata con vista sulle Alpi\" title=\"Collina innevata con vista sulle Alpi\">\r\n\t\t\t\t\t\t<div data-category=\"4\" data-sort=\"Collina innevata con vista sulle Alpi\" class=\"animateonload filtr-item filtr_item_8849 single_one col-lg-3 col-md-12 col-sm-4 col-12\">\r\n\t\t\t\t\t\t\t\t\t\t\t\t\t\t\t<img decoding=\"async\" class=\" thumbnail  thumbnail_8849 pfg-img pfg_img_8849 img-responsive hvr-grow-shadow\" src=\"https:\/\/www.monferratoastigiano.it\/outdoor\/wp-content\/uploads\/2023\/09\/Inverno-Itinerario-Superga-Vezzolano-Crea-3.jpg\" alt=\"In primo piano, una tranquilla campagna collinare spolverata di neve accoglie cascine e alberi spogli. Il crinale boscoso a met\u00e0 immagine, dai caldi toni autunnali, crea un delicato contrasto cromatico con le vette alpine sullo sfondo, imponenti e coperte di neve. Un paesaggio sereno dove l\u2019inverno sfuma con dolcezza nell\u2019infinito orizzonte montano.\">\r\n\t\t\t\t\t\t\t\t\t\t\t\t\t\t\t\t\t<span class=\"item-desc item_desc_8849\">Collina innevata con vista sulle Alpi<\/span>\r\n\t\t\t\t\t\t\t\t\t\t\t\t\t\t<\/div>\r\n\t\t\t\t\t<\/a>\r\n\t\t\t\t\t\t\t\t\t\t<a href=\"https:\/\/www.monferratoastigiano.it\/outdoor\/wp-content\/uploads\/2023\/09\/Inverno-Itinerario-Superga-Vezzolano-Crea-4.jpg\" class=\"pfg-lightbox-all pfg-lightbox-4\" data-lightbox=\"pfg-lightbox\"  data-title=\"Vigneti d\u2019inverno sulle colline\" data-alt=\"Vigneti d\u2019inverno sulle colline\" title=\"Vigneti d\u2019inverno sulle colline\">\r\n\t\t\t\t\t\t<div data-category=\"4\" data-sort=\"Vigneti d\u2019inverno sulle colline\" class=\"animateonload filtr-item filtr_item_8849 single_one col-lg-3 col-md-12 col-sm-4 col-12\">\r\n\t\t\t\t\t\t\t\t\t\t\t\t\t\t\t<img decoding=\"async\" class=\" thumbnail  thumbnail_8849 pfg-img pfg_img_8849 img-responsive hvr-grow-shadow\" src=\"https:\/\/www.monferratoastigiano.it\/outdoor\/wp-content\/uploads\/2023\/09\/Inverno-Itinerario-Superga-Vezzolano-Crea-4.jpg\" alt=\"File ordinate di filari ricoperti di neve si estendono lungo dolci pendii collinari, creando un effetto grafico suggestivo. Il paesaggio viticolo, addormentato sotto il gelo invernale, trasmette una sensazione di quiete e perfezione geometrica. La luce fredda del mattino esalta i contrasti tra ombre e linee, disegnando un mosaico naturale sulle colline.\">\r\n\t\t\t\t\t\t\t\t\t\t\t\t\t\t\t\t\t<span class=\"item-desc item_desc_8849\">Vigneti d\u2019inverno sulle colline<\/span>\r\n\t\t\t\t\t\t\t\t\t\t\t\t\t\t<\/div>\r\n\t\t\t\t\t<\/a>\r\n\t\t\t\t\t\t\t\t\t\t<a href=\"https:\/\/www.monferratoastigiano.it\/outdoor\/wp-content\/uploads\/2023\/09\/Inverno-Itinerario-Superga-Vezzolano-Crea-5.jpg\" class=\"pfg-lightbox-all pfg-lightbox-4\" data-lightbox=\"pfg-lightbox\"  data-title=\"Castello e borgo innevato sotto il cielo d&#039;inverno\" data-alt=\"Castello e borgo innevato sotto il cielo d&#039;inverno\" title=\"Castello e borgo innevato sotto il cielo d&#039;inverno\">\r\n\t\t\t\t\t\t<div data-category=\"4\" data-sort=\"Castello e borgo innevato sotto il cielo d&#039;inverno\" class=\"animateonload filtr-item filtr_item_8849 single_one col-lg-3 col-md-12 col-sm-4 col-12\">\r\n\t\t\t\t\t\t\t\t\t\t\t\t\t\t\t<img decoding=\"async\" class=\" thumbnail  thumbnail_8849 pfg-img pfg_img_8849 img-responsive hvr-grow-shadow\" src=\"https:\/\/www.monferratoastigiano.it\/outdoor\/wp-content\/uploads\/2023\/09\/Inverno-Itinerario-Superga-Vezzolano-Crea-5.jpg\" alt=\"Il borgo si adagia sulle pendici innevate, dominato da un imponente castello e una chiesa con torre campanaria, entrambi lievemente imbiancati dalla neve. Le case color pastello emergono sotto un cielo azzurro terso, creando un contrasto vivace con i tetti bianchi. Un\u2019immagine serena e limpida che racconta la quiete di un mattino d\u2019inverno in un antico centro collinare.\">\r\n\t\t\t\t\t\t\t\t\t\t\t\t\t\t\t\t\t<span class=\"item-desc item_desc_8849\">Castello e borgo innevato sotto il cielo d&#039;inverno<\/span>\r\n\t\t\t\t\t\t\t\t\t\t\t\t\t\t<\/div>\r\n\t\t\t\t\t<\/a>\r\n\t\t\t\t\t\t\t\t\t\t<a href=\"https:\/\/www.monferratoastigiano.it\/outdoor\/wp-content\/uploads\/2023\/09\/Inverno-Itinerario-Superga-Vezzolano-Crea-6.jpg\" class=\"pfg-lightbox-all pfg-lightbox-4\" data-lightbox=\"pfg-lightbox\"  data-title=\"Alberi in controluce sulla neve\" data-alt=\"Alberi in controluce sulla neve\" title=\"Alberi in controluce sulla neve\">\r\n\t\t\t\t\t\t<div data-category=\"4\" data-sort=\"Alberi in controluce sulla neve\" class=\"animateonload filtr-item filtr_item_8849 single_one col-lg-3 col-md-12 col-sm-4 col-12\">\r\n\t\t\t\t\t\t\t\t\t\t\t\t\t\t\t<img decoding=\"async\" class=\" thumbnail  thumbnail_8849 pfg-img pfg_img_8849 img-responsive hvr-grow-shadow\" src=\"https:\/\/www.monferratoastigiano.it\/outdoor\/wp-content\/uploads\/2023\/09\/Inverno-Itinerario-Superga-Vezzolano-Crea-6.jpg\" alt=\"Una fila di alberi spogli si staglia in controluce su un campo innevato, dove il sole invernale crea riflessi argentei e ombre bluastre sulla superficie increspata. Il paesaggio trasmette quiete e immobilit\u00e0, con le linee degli alberi che delimitano il confine tra la terra e l\u2019orizzonte. Un frammento di inverno semplice e silenzioso, dove ogni dettaglio racconta la pace della natura dormiente.\">\r\n\t\t\t\t\t\t\t\t\t\t\t\t\t\t\t\t\t<span class=\"item-desc item_desc_8849\">Alberi in controluce sulla neve<\/span>\r\n\t\t\t\t\t\t\t\t\t\t\t\t\t\t<\/div>\r\n\t\t\t\t\t<\/a>\r\n\t\t\t\t\t\t\t\t\t\t<a href=\"https:\/\/www.monferratoastigiano.it\/outdoor\/wp-content\/uploads\/2023\/09\/Inverno-Itinerario-Superga-Vezzolano-Crea-7.jpg\" class=\"pfg-lightbox-all pfg-lightbox-4\" data-lightbox=\"pfg-lightbox\"  data-title=\"Campi d&#039;inverno sotto la neve\" data-alt=\"Campi d&#039;inverno sotto la neve\" title=\"Campi d&#039;inverno sotto la neve\">\r\n\t\t\t\t\t\t<div data-category=\"4\" data-sort=\"Campi d&#039;inverno sotto la neve\" class=\"animateonload filtr-item filtr_item_8849 single_one col-lg-3 col-md-12 col-sm-4 col-12\">\r\n\t\t\t\t\t\t\t\t\t\t\t\t\t\t\t<img decoding=\"async\" class=\" thumbnail  thumbnail_8849 pfg-img pfg_img_8849 img-responsive hvr-grow-shadow\" src=\"https:\/\/www.monferratoastigiano.it\/outdoor\/wp-content\/uploads\/2023\/09\/Inverno-Itinerario-Superga-Vezzolano-Crea-7.jpg\" alt=\"Un paesaggio agricolo innevato si distende tra dolci ondulazioni e linee di alberi spogli. I campi coperti da un sottile manto bianco creano un disegno geometrico naturale, accentuato dalle ombre lunghe degli alberi solitari e delle siepi. Il silenzio dell\u2019inverno avvolge ogni cosa, offrendo una scena serena e quasi astratta, dove natura e coltivazione si fondono in perfetto equilibrio.\">\r\n\t\t\t\t\t\t\t\t\t\t\t\t\t\t\t\t\t<span class=\"item-desc item_desc_8849\">Campi d&#039;inverno sotto la neve<\/span>\r\n\t\t\t\t\t\t\t\t\t\t\t\t\t\t<\/div>\r\n\t\t\t\t\t<\/a>\r\n\t\t\t\t\t\t\t\t\t\t<a href=\"https:\/\/www.monferratoastigiano.it\/outdoor\/wp-content\/uploads\/2023\/09\/Inverno-Itinerario-Superga-Vezzolano-Crea-8.jpg\" class=\"pfg-lightbox-all pfg-lightbox-4\" data-lightbox=\"pfg-lightbox\"  data-title=\"Collina innevata con vista su castello e Alpi\" data-alt=\"Collina innevata con vista su castello e Alpi\" title=\"Collina innevata con vista su castello e Alpi\">\r\n\t\t\t\t\t\t<div data-category=\"4\" data-sort=\"Collina innevata con vista su castello e Alpi\" class=\"animateonload filtr-item filtr_item_8849 single_one col-lg-3 col-md-12 col-sm-4 col-12\">\r\n\t\t\t\t\t\t\t\t\t\t\t\t\t\t\t<img decoding=\"async\" class=\" thumbnail  thumbnail_8849 pfg-img pfg_img_8849 img-responsive hvr-grow-shadow\" src=\"https:\/\/www.monferratoastigiano.it\/outdoor\/wp-content\/uploads\/2023\/09\/Inverno-Itinerario-Superga-Vezzolano-Crea-8.jpg\" alt=\"Un paesaggio invernale incantato si estende su dolci colline coperte di neve. In cima, il profilo di un borgo storico con campanile e castello domina la scena. Sullo sfondo, imponenti e nitide, si ergono le vette innevate delle Alpi, creando un contrasto spettacolare tra il bianco candido del paesaggio e l\u2019azzurro del cielo. Un'immagine che trasmette pace, silenzio e la bellezza austera dell\u2019inverno piemontese.\">\r\n\t\t\t\t\t\t\t\t\t\t\t\t\t\t\t\t\t<span class=\"item-desc item_desc_8849\">Collina innevata con vista su castello e Alpi<\/span>\r\n\t\t\t\t\t\t\t\t\t\t\t\t\t\t<\/div>\r\n\t\t\t\t\t<\/a>\r\n\t\t\t\t\t\t\t<\/div>\r\n\t<\/div>\r\n<script>\r\n\r\nsetTimeout(function () {\r\n\tjQuery(\".thumbnail_8849\").each(function(){\r\n\t\t\/\/ console.log(jQuery(this).width() + \"x\" + jQuery(this).height())\r\n\t\tvar h = jQuery(this).height();\r\n\t\tvar w = jQuery(this).width();\r\n\t\tjQuery(this).height(h);\r\n\t\tjQuery(this).width(w);\r\n\t\tjQuery(this).resize();\r\n\t});\r\n}, 2500);\r\n\r\njQuery(document).ready(function (jQuery) {\r\n    jQuery('.filtr-item').addClass('animateonload');\r\n    jQuery('#filter_gallery_8849').show();\r\n    jQuery('.loading-wrapper').hide();\r\n    jQuery(\".loader_img\").hide();\r\n    jQuery(\".lg_load_more\").show();\r\n    jQuery(\".filtr-container\").css(\"opacity\", 1);\r\n\r\n    \/\/ Define Filterizr Default Options\r\n    const options = {\r\n        animationDuration: 0.5,\r\n        callbacks: {\r\n            onFilteringStart: function() {\r\n                \/\/ Apply sorting shortly after filtering starts\r\n                setTimeout(function() {\r\n                                    }, 50);\r\n            },\r\n            onFilteringEnd: function() {\r\n                \/\/ Apply sorting shortly after filtering ends\r\n                setTimeout(function() {\r\n                                    }, 50);\r\n            },\r\n            onShufflingStart: function() { },\r\n            onShufflingEnd: function() { },\r\n            onSortingStart: function() { },\r\n            onSortingEnd: function() { }\r\n        },\r\n        controlsSelector: '.filtr-controls-8849',\r\n        filter: 'all',\r\n        filterOutCss: {\r\n            top: '0px',\r\n            left: '0px',\r\n            opacity: 0.001,\r\n            transform: ''\r\n        },\r\n        filterInCss: {\r\n            top: '0px',\r\n            left: '0px',\r\n            opacity: 1,\r\n            transform: ''\r\n        },\r\n        layout: 'sameWidth',\r\n        selector: '.filtr-item',\r\n        setupControls: false\r\n    };\r\n\r\n    \/\/ Initialize Filterizr and ensure it is globally accessible\r\n    window.filterizd = jQuery('.filter_gallery_8849').filterizr(options);\r\n\r\n    jQuery('.filter_gallery_8849').imagesLoaded(function() {\r\n        \/\/ Reapply sorting after initial load\r\n        \r\n        \/\/ Resize handling\r\n        jQuery(window).resize(function() {\r\n            jQuery(\".thumbnail_8849\").each(function() {\r\n                var h = jQuery(this).height();\r\n                var w = jQuery(this).width();\r\n                jQuery(this).height(h);\r\n                jQuery(this).width(w);\r\n            });\r\n\r\n            \/\/ Reapply sorting after resizing\r\n                    });\r\n    });\r\n\r\n\t\t\r\n\t\t\/\/bootstrap-lightbox-js\r\n\t\t\/\/ delegate calls to data-toggle=\"lightbox\"\r\n\t\tdocument.addEventListener('DOMContentLoaded', (event) => {\r\n            document.querySelectorAll('.my-lightbox-toggle').forEach((el) => {\r\n                el.addEventListener('click', (e) => {\r\n                    e.preventDefault();\r\n\r\n                    const options = {\r\n                        keyboard: true,\r\n                        size: 'fullscreen'\r\n                    };\r\n\r\n                    \/\/ Assuming Lightbox is a constructor from the included library\r\n                    \/\/ Check if the Lightbox class or function exists\r\n                    if (typeof Lightbox !== 'undefined') {\r\n                        const lightbox = new Lightbox(el, options);\r\n                        lightbox.show();\r\n                    } else {\r\n                        console.error('Lightbox library is not loaded.');\r\n                    }\r\n                });\r\n            });\r\n        });\r\n\t\t\t\tjQuery('.filtr-control-8849 [data-filter]').click(function() {\r\n\t\t\t\/\/jQuery('.swiper-8849').swipebox('swipebox-destroy');\r\n\t\t\tvar targetFilter = jQuery(this).data('filter');\r\n\t\t\tvar lighbox_class_name = \"pfg-lightbox-\" + targetFilter;\r\n\t\t\tjQuery('.pfg-lightbox-' + targetFilter ).attr('data-lightbox', lighbox_class_name); \/\/ add data filter for parent filters\r\n\t\t});\r\n\t\t\r\n\t\t\r\n\t\/\/ video player\r\n\tjQuery(function(){\r\n      jQuery(\"a.video-box-8849\").YouTubePopUp( { autoplay: 0 } ); \/\/ Disable autoplay\r\n\t});\r\n\t\r\n});   \r\n<\/script>[\/et_pb_code][\/et_pb_column][\/et_pb_row][et_pb_row module_id=&#8221;video&#8221; _builder_version=&#8221;4.17.4&#8243; _module_preset=&#8221;default&#8221; global_colors_info=&#8221;{}&#8221;][et_pb_column type=&#8221;4_4&#8243; _builder_version=&#8221;4.17.4&#8243; _module_preset=&#8221;default&#8221; global_colors_info=&#8221;{}&#8221;][et_pb_text _builder_version=&#8221;4.17.4&#8243; _module_preset=&#8221;default&#8221; text_font=&#8221;Lato||||||||&#8221; text_text_color=&#8221;#898f99&#8243; text_font_size=&#8221;18px&#8221; text_line_height=&#8221;2em&#8221; header_font=&#8221;||||||||&#8221; header_2_font=&#8221;Lato|700|||||||&#8221; header_2_font_size=&#8221;42px&#8221; header_2_line_height=&#8221;1.5em&#8221; text_orientation=&#8221;center&#8221; module_alignment=&#8221;center&#8221; locked=&#8221;off&#8221; global_colors_info=&#8221;{}&#8221;]<\/p>\n<h2>Video<\/h2>\n<p>[\/et_pb_text][\/et_pb_column][\/et_pb_row][et_pb_row _builder_version=&#8221;4.27.0&#8243; _module_preset=&#8221;default&#8221; hover_enabled=&#8221;0&#8243; sticky_enabled=&#8221;0&#8243;][et_pb_column _builder_version=&#8221;4.27.0&#8243; _module_preset=&#8221;default&#8221; type=&#8221;4_4&#8243;][et_pb_code _builder_version=&#8221;4.27.0&#8243; _module_preset=&#8221;default&#8221; hover_enabled=&#8221;0&#8243; sticky_enabled=&#8221;0&#8243;]<iframe width=\"560\" height=\"315\" src=\"https:\/\/www.youtube.com\/embed\/EjAxBMc96Jc?si=uXHElCJEX1XY2-Cd\" title=\"YouTube video player\" frameborder=\"0\" allow=\"accelerometer; autoplay; clipboard-write; encrypted-media; gyroscope; picture-in-picture; web-share\" referrerpolicy=\"strict-origin-when-cross-origin\" allowfullscreen><\/iframe>[\/et_pb_code][\/et_pb_column][\/et_pb_row][\/et_pb_section]<\/p>\n","protected":false},"excerpt":{"rendered":"<p>PUNTO DI PARTENZA: Moncalieri<br \/>\nPUNTO DI ARRIVO: Casale Monferrato<br \/>\nNumero di tappe (con varianti) 5<br \/>\nLunghezza totale 115 km<\/p>\n","protected":false},"author":1,"featured_media":9013,"comment_status":"closed","ping_status":"closed","sticky":false,"template":"wp-custom-template-larghezza-piena","format":"standard","meta":{"_acf_changed":false,"_et_pb_use_builder":"on","_et_pb_old_content":"","_et_gb_content_width":"2880","footnotes":""},"categories":[228,256,226,237,239,243,258,255,257,242],"tags":[],"class_list":["post-7873","post","type-post","status-publish","format-standard","has-post-thumbnail","hentry","category-albugnano-it","category-cereseto-it","category-cocconato-it","category-moncucco-torinese-it","category-murisengo-it","category-odalengo-piccolo-it","category-ozzano-monferrato-it","category-ponzano-monferrato-it","category-treville-it","category-villadeati-it"],"acf":[],"_links":{"self":[{"href":"https:\/\/www.monferratoastigiano.it\/outdoor\/wp-json\/wp\/v2\/posts\/7873","targetHints":{"allow":["GET"]}}],"collection":[{"href":"https:\/\/www.monferratoastigiano.it\/outdoor\/wp-json\/wp\/v2\/posts"}],"about":[{"href":"https:\/\/www.monferratoastigiano.it\/outdoor\/wp-json\/wp\/v2\/types\/post"}],"author":[{"embeddable":true,"href":"https:\/\/www.monferratoastigiano.it\/outdoor\/wp-json\/wp\/v2\/users\/1"}],"replies":[{"embeddable":true,"href":"https:\/\/www.monferratoastigiano.it\/outdoor\/wp-json\/wp\/v2\/comments?post=7873"}],"version-history":[{"count":25,"href":"https:\/\/www.monferratoastigiano.it\/outdoor\/wp-json\/wp\/v2\/posts\/7873\/revisions"}],"predecessor-version":[{"id":18528,"href":"https:\/\/www.monferratoastigiano.it\/outdoor\/wp-json\/wp\/v2\/posts\/7873\/revisions\/18528"}],"wp:featuredmedia":[{"embeddable":true,"href":"https:\/\/www.monferratoastigiano.it\/outdoor\/wp-json\/wp\/v2\/media\/9013"}],"wp:attachment":[{"href":"https:\/\/www.monferratoastigiano.it\/outdoor\/wp-json\/wp\/v2\/media?parent=7873"}],"wp:term":[{"taxonomy":"category","embeddable":true,"href":"https:\/\/www.monferratoastigiano.it\/outdoor\/wp-json\/wp\/v2\/categories?post=7873"},{"taxonomy":"post_tag","embeddable":true,"href":"https:\/\/www.monferratoastigiano.it\/outdoor\/wp-json\/wp\/v2\/tags?post=7873"}],"curies":[{"name":"wp","href":"https:\/\/api.w.org\/{rel}","templated":true}]}}